{"id":4398,"date":"2019-05-10T00:40:10","date_gmt":"2019-05-10T04:40:10","guid":{"rendered":"http:\/\/gobierno.udd.cl\/cpp\/?p=4398"},"modified":"2019-05-24T00:41:54","modified_gmt":"2019-05-24T04:41:54","slug":"felipe-el-invisible-el-mostrador","status":"publish","type":"post","link":"https:\/\/gobierno.udd.cl\/cpp\/noticias\/2019\/05\/10\/felipe-el-invisible-el-mostrador\/","title":{"rendered":"Felipe el invisible &#8211; El Mostrador"},"content":{"rendered":"<p style=\"text-align: justify;\">Los n\u00fameros no le dieron. Antes que Felipe Kast, los nombres de Joaqu\u00edn Lav\u00edn, su t\u00edo Jos\u00e9 Antonio y desde la otra vereda, Beatriz S\u00e1nchez, ya se instalaron en el imaginario p\u00fablico, un orden que dif\u00edcilmente va a rotar en el mediano plazo. La invisibilizaci\u00f3n que le provoc\u00f3 su apego a las decisiones del gobierno, sumado a su encapsulamiento en una regi\u00f3n con discusiones particulares y de corto alcance nacional, dejaron a la principal carta de Ev\u00f3poli empantanado y con escasas posibilidades de salir a mostrarse.<\/p>\n<p style=\"text-align: justify;\">Las recomendaciones han apuntado a un reperfilamiento hacia el centro, pero sus pasos por Libertad y Desarrollo, dificultar\u00eda el hacer cre\u00edble aquella mutaci\u00f3n de Felipe Kast. A considerar, seg\u00fan el estudio de la UDP \u201cCu\u00e1n liberales son los congresistas en Chile\u201d, Ev\u00f3poli result\u00f3 la colectividad m\u00e1s libremercadista y menos estatista de todo el espectro pol\u00edtico nacional, incluso, por sobre la UDI.<\/p>\n<p style=\"text-align: justify;\">En sus inicios, Felipe Jos\u00e9 Kast Somerhoff fue considerado en los c\u00edrculos de la \u00e9lite de la derecha como \u201cel heredero\u201d de su padre, Miguel Kast, recordado como quien levant\u00f3 la Oficina de Planificaci\u00f3n (Odeplan) en la dictadura. Sus paso por el Instituto Libertad y Desarrollo y el doctorado en pol\u00edticas p\u00fablicas en la Universidad de Harvard, lo llevaron a ser el miembro m\u00e1s joven del gabinete del primer gobierno de Sebasti\u00e1n Pi\u00f1era, a cargo de Mideplan. En aquella ocasi\u00f3n, su salida no fue la m\u00e1s limpia y ser\u00eda la primera vez que actual alcalde de Las Condes, se cruzaba en su camino. Eso, porque tras un paso tormentoso por Educaci\u00f3n, el Mandatario en aquel entonces decidi\u00f3 rescatar a Joaqu\u00edn Lav\u00edn y lo llev\u00f3 a Mideplan. El premio de consuelo para Felipe Kast fue el ser asignado como el coordinador nacional de la reconstrucci\u00f3n pos terremoto, una situaci\u00f3n que tuvo una amarga lectura en la \u00e9poca.<\/p>\n<p style=\"text-align: justify;\">Con bastante agua corrida bajo el puente, hoy la apuesta principal del senador por La Araucan\u00eda es ser un candidato competitivo en las primarias de Chile Vamos el 2021. Una compleja tarea que lo tiene buscando la f\u00f3rmula m\u00e1gica para romper el eclipsamiento pol\u00edtico que lo afecta y que no le ha permitido escalar en las encuestas en niveles de conocimiento y aprobaci\u00f3n ciudadana. Si bien, nunca apareci\u00f3 \u00faltimo en la tabla, muchos de los consultados coincidieron en que los lugares de la pole position var\u00edan muy poco como para alentar el esp\u00edritu.<\/p>\n<p style=\"text-align: justify;\">Mansuy resumi\u00f3 de esta manera su visi\u00f3n de la posici\u00f3n actual del senador: \u201cEs innegable que la figura de Felipe Kast ha perdido fuerza, si acaso su aspiraci\u00f3n es volver a ser abanderado presidencial de Evopoli en una eventual primaria del oficialismo. Me parece que eso obedece a que tanto Ev\u00f3poli como \u00e9l han tenido algunas dificultades a la hora de encontrar un nicho y un discurso espec\u00edfico que les permitan diferenciarse y posicionarse. Adem\u00e1s, \u00e9l mismo tiene una encrucijada muy dif\u00edcil, pues fue elegido senador por una zona muy singular, donde la narrativa puramente liberal o m\u00e1s hipster si se quiere, tiene poco sentido, pues los problemas son otros. Y por parad\u00f3jico que parezca, Lav\u00edn logra ocupar un amplio espacio al interior de la centro derecha, pese a que milita en la UDI, su p\u00fablico es mucho m\u00e1s que eso y penetra tanto en el centro pol\u00edtico como en sectores populares\u201d.<\/p>\n<p style=\"text-align: justify;\">Los potenciales espacios de Felipe Kast hoy est\u00e1n copados. Desde la derecha social, la que fue su primera gran apuest, fue tomada por Joaqu\u00edn Lav\u00edn y el senador de RN, Manuel Jos\u00e9 Ossand\u00f3n, y si bien podr\u00eda buscar un nicho en el progresismo dentro de la propia derecha, su problema es que esa carta la ha jugado ya con \u00e9xito el diputado UDI, Jaime Bellolio. Para colmo, si alguna vez su rostro fue la novedad del sector, su t\u00edo, Jos\u00e9 Antonio Kast, le quit\u00f3 el t\u00edtulo.<\/p>\n<p style=\"text-align: justify;\">Las dos \u00faltimas encuestas -Criteria Research y Cadem- retrataron la trazabilidad que tuvo hasta hoy la carrera de Felipe Kast luego de quedar tercero en la primaria de Chile Vamos. En la encuesta Criteria de abril, ante la pregunta de qui\u00e9n le gustar\u00eda que fuera Presidente despu\u00e9s de Pi\u00f1era, el senador de Ev\u00f3poli apareci\u00f3 en\u00a0 cuarto lugar con un 5%, cinco puntos abajo de Lav\u00edn \u2013 la carta por la que trabaja realmente la UDI- y de su t\u00edo Jos\u00e9 Antonio. Si bien a principios del 2018, el senador Kast logr\u00f3 ubicarse sobre el edil gremialista, eso dur\u00f3 poco y en solo cinco meses, Lav\u00edn lo super\u00f3.<\/p>\n<p style=\"text-align: justify;\">En el caso de la medici\u00f3n que hizo Cadem la segunda semana de abril, en el \u00edtem de conocimiento del personaje,\u00a0 Kast apareci\u00f3 detr\u00e1s de Pamela Jiles, Jos\u00e9 Miguel Insulza, Alejandro Guillier, Ricardo Lagos Weber, Cathy Barriga, Evelyn Matthei, Lav\u00edn y Michelle Bachelet. Respecto a su aprobaci\u00f3n, apareci\u00f3 en el s\u00e9ptimo lugar con 47% a favor y 40% en contra.<\/p>\n<p style=\"text-align: justify;\">Las razones de porqu\u00e9 dicho estancamiento son varias, pero para el vice Decano de la Facultad de Gobierno de la Universidad del Desarrollo (UDD), Rodrigo Arellano, hay una que se sobrepuso a las dem\u00e1s: \u201cFelipe cometi\u00f3 un error de apuesta de colocaci\u00f3n (\u2026) el Senado tiene un rol pol\u00edtico menos activo que los diputados (\u2026) est\u00e1 encapsulado en una regi\u00f3n donde los temas no son donde puede destacar, no son temas pa\u00eds, la Regi\u00f3n de La Araucan\u00eda tiene un tema de conflicto propio, en que las personas que est\u00e1n llamados a responder son las del Ejecutivo\u201d.<br \/>\nConsultados varios analistas, a Kast lo situaron en un espacio que en este momento no vende al interior de Chile Vamos, que es el liberalismo-progresista. Y es que m\u00e1s all\u00e1 de una que otra batalla \u201cval\u00f3rica\u201d, ese es un tema relativamente resuelto en el oficialismo, no es el \u00e1mbito donde se centra la verdadera discusi\u00f3n de la derecha, por ende aquello tambi\u00e9n ha dificultado su proyecci\u00f3n p\u00fablica.<br \/>\nEl profesor de la Universidad de los Andes e investigadores asociado al IES, Daniel Mansuy, dijo que \u201cpara salir de all\u00ed, Felipe Kast tiene que tomar decisiones y pagar costos, lo que implica diferenciarse y tomar distancia en cosas m\u00e1s sustantivas que las meras cr\u00edticas peque\u00f1as al Presidente, yo creo que all\u00ed no se gana nada. Tambi\u00e9n pasa por definir mejor su propio proyecto pol\u00edtico. Mi impresi\u00f3n es que el nicho que ha cultiva hasta ahora, el progresismo liberal, es muy estrecho como para definir un proyecto pol\u00edtico y darle futuro\u201d.<br \/>\nLa pata coja<br \/>\nPara buscar pelear en grandes ligas se necesita una plataforma que sustente la aventura y en estos momentos, Ev\u00f3poli no cuenta con una capacidad territorial que pueda hacer mella a sus dos aliados, RN y la UDI. En el partido ya tomaron nota de eso y tras el Consejo General del 27 de abril, se acordaron dos puntos claves que apuntan a un mismo objetivo:\u00a0 generar puentes con nuevas fuerzas pol\u00edticas y que \u201clas primarias ser\u00e1n la regla general que vamos a establecer para poder enfrentar las pr\u00f3ximas elecciones de alcaldes, tenemos la oportunidad de llevar listas concretas y generales\u201d, dijo su timonel, Hern\u00e1n Larra\u00edn Matte.<\/p>\n<p style=\"text-align: justify;\">Desde el equipo que trabaja con Kast, desde marzo a la fecha han buscado reperfilarlo y a ra\u00edz de aquello es que -seg\u00fan relataron a El Mostrador-\u00a0se intent\u00f3 poner sus propios temas sociales sobre la mesa como la propuesta verde en la reforma Tributaria, la Ley \u201cMachuca\u201d liberal y la creaci\u00f3n de un Dicom de deudores de pensiones alimenticias, lo que se suma la idea que presentar\u00e1 el domingo de cambiar la ficha de protecci\u00f3n social, debido a que hay mujeres que esconden estar casadas para poder acceder a beneficios.<\/p>\n<p style=\"text-align: justify;\">El director de la Escuela de Periodismo de la USACH y doctor en Ciencias Sociales, Ren\u00e9 Jara, acus\u00f3 escasa presencia de Felipe Kast en redes sociales y como consecuencia de aquello, la imposibilidad de dar visibilidad a su cargo: \u201cdespu\u00e9s de las primarias desaparece de la escena\u201d, agreg\u00f3, punto en que recalc\u00f3 que la estrategia adoptada recientemente \u201cno ha logrado posicionarse a trav\u00e9s de sus proyectos de ley, no aparece en la prensa\u201d.<\/p>\n<p style=\"text-align: justify;\">Para la acad\u00e9mica del Instituto de Asuntos P\u00fablicos de la Universidad de Chile, Mireya D\u00e1vila, por mucho que los partidos est\u00e9n desprestigiados \u201csiguen definiendo el espacio de poder y si fuera \u00e9l, la apuesta es hacer crecer el partido, disputar espacio en las municipales, para as\u00ed apostar al gabinete, como partido\u201d.<\/p>\n<p style=\"text-align: justify;\">Una batalla que -dijeron cercanos al senador- creyeron haber ganado o al menos avanzado, es la de la diferenciaci\u00f3n con Jos\u00e9 Antonio Kast, a trav\u00e9s de una campa\u00f1a que comenz\u00f3 hace unos meses y que busc\u00f3 eliminar el apellido, refiri\u00e9ndose al parlamentario s\u00f3lo como Felipe en todo tipo de presentaciones p\u00fablicas y digitales. Su separaci\u00f3n de siete puestos en la \u00faltima Cadem, ser\u00eda la prueba de aquello, ya que mientras el senador se encontr\u00f3 en la novena posici\u00f3n, el ex diputado lo hizo en el lugar 17.<\/p>\n<p style=\"text-align: justify;\">Mansuy resumi\u00f3 de esta manera su visi\u00f3n de la posici\u00f3n actual del senador: \u201cEs innegable que la figura de Felipe Kast ha perdido fuerza, si acaso su aspiraci\u00f3n es volver a ser abanderado presidencial de Evopoli en una eventual primaria del oficialismo. Me parece que eso obedece a que tanto Ev\u00f3poli como \u00e9l han tenido algunas dificultades a la hora de encontrar un nicho y un discurso espec\u00edfico que les permitan diferenciarse y posicionarse. Adem\u00e1s, \u00e9l mismo tiene una encrucijada muy dif\u00edcil, pues fue elegido senador por una zona muy singular, donde la narrativa puramente liberal o m\u00e1s hipster si se quiere, tiene poco sentido, pues los problemas son otros. Y por parad\u00f3jico que parezca, Lav\u00edn logra ocupar un amplio espacio al interior de la centro derecha, pese a que milita en la UDI, su p\u00fablico es mucho m\u00e1s que eso y penetra tanto en el centro pol\u00edtico como en sectores populares\u201d.<\/p>\n<p>Ver nota publicada: <a href=\"http:\/\/www.elmostrador.cl\/destacado\/2019\/05\/10\/felipe-el-invisible\/\" target=\"_blank\" rel=\"noopener\">http:\/\/www.elmostrador.cl\/destacado\/2019\/05\/10\/felipe-el-invisible\/<\/a><\/p>\n","protected":false},"excerpt":{"rendered":"<p>Los n\u00fameros no le dieron. Antes que Felipe Kast, los nombres de Joaqu\u00edn Lav\u00edn, su t\u00edo Jos\u00e9 Antonio y desde la otra vereda, Beatriz S\u00e1nchez, ya se instalaron en el imaginario p\u00fablico, un orden que dif\u00edcilmente va a rotar en el mediano plazo. La invisibilizaci\u00f3n que le provoc\u00f3 su apego a las decisiones del gobierno, [&hellip;]<\/p>\n","protected":false},"author":22,"featured_media":893,"comment_status":"open","ping_status":"open","sticky":false,"template":"","format":"standard","meta":{"footnotes":""},"categories":[10162],"tags":[],"class_list":["post-4398","post","type-post","status-publish","format-standard","has-post-thumbnail","hentry","category-centro-en-la-prensa"],"featured_image_url":"https:\/\/gobierno.udd.cl\/cpp\/files\/2015\/05\/udd_cpp_prensa_340.png","_links":{"self":[{"href":"https:\/\/gobierno.udd.cl\/cpp\/wp-json\/wp\/v2\/posts\/4398","targetHints":{"allow":["GET"]}}],"collection":[{"href":"https:\/\/gobierno.udd.cl\/cpp\/wp-json\/wp\/v2\/posts"}],"about":[{"href":"https:\/\/gobierno.udd.cl\/cpp\/wp-json\/wp\/v2\/types\/post"}],"author":[{"embeddable":true,"href":"https:\/\/gobierno.udd.cl\/cpp\/wp-json\/wp\/v2\/users\/22"}],"replies":[{"embeddable":true,"href":"https:\/\/gobierno.udd.cl\/cpp\/wp-json\/wp\/v2\/comments?post=4398"}],"version-history":[{"count":1,"href":"https:\/\/gobierno.udd.cl\/cpp\/wp-json\/wp\/v2\/posts\/4398\/revisions"}],"predecessor-version":[{"id":4402,"href":"https:\/\/gobierno.udd.cl\/cpp\/wp-json\/wp\/v2\/posts\/4398\/revisions\/4402"}],"wp:featuredmedia":[{"embeddable":true,"href":"https:\/\/gobierno.udd.cl\/cpp\/wp-json\/wp\/v2\/media\/893"}],"wp:attachment":[{"href":"https:\/\/gobierno.udd.cl\/cpp\/wp-json\/wp\/v2\/media?parent=4398"}],"wp:term":[{"taxonomy":"category","embeddable":true,"href":"https:\/\/gobierno.udd.cl\/cpp\/wp-json\/wp\/v2\/categories?post=4398"},{"taxonomy":"post_tag","embeddable":true,"href":"https:\/\/gobierno.udd.cl\/cpp\/wp-json\/wp\/v2\/tags?post=4398"}],"curies":[{"name":"wp","href":"https:\/\/api.w.org\/{rel}","templated":true}]}}