{"id":4396,"date":"2019-05-06T00:39:56","date_gmt":"2019-05-06T04:39:56","guid":{"rendered":"http:\/\/gobierno.udd.cl\/cpp\/?p=4396"},"modified":"2019-05-24T00:41:19","modified_gmt":"2019-05-24T04:41:19","slug":"criticas-a-la-politica-exterior-del-gobierno-cnn-chile","status":"publish","type":"post","link":"https:\/\/gobierno.udd.cl\/cpp\/noticias\/2019\/05\/06\/criticas-a-la-politica-exterior-del-gobierno-cnn-chile\/","title":{"rendered":"Cr\u00edticas a la pol\u00edtica exterior del Gobierno &#8211; CNN Chile"},"content":{"rendered":"<p style=\"text-align: justify;\">La Oposici\u00f3n critica la \u00abimprovisada\u00bb pol\u00edtica exterior del Gobierno.<\/p>\n<p style=\"text-align: justify;\"><b>Habla:<\/b>\u00a0Senador Ricardo Lagos Weber, Miembro de la Comisi\u00f3n de RR.EE; Alfredo Moreno, Ministro de Desarrollo Social y ex canciller; Ignacio Walker, ex canciller; Gonzalo M\u00fcller,\u00a0Director de Centro Pol\u00edticas P\u00fablicas\u00a0<span class=\"highlight\">UDD<\/span>.<\/p>\n<p style=\"text-align: justify;\"><b>Menci\u00f3n:<\/b>\u00a0Frente Amplio,\u00a0Gonzalo M\u00fcller, Director de Centro Pol\u00edticas P\u00fablicas\u00a0<span class=\"highlight\">UDD<\/span>.<\/p>\n<div style=\"width: 640px;\" class=\"wp-video\"><video class=\"wp-video-shortcode\" id=\"video-4396-1\" width=\"640\" height=\"360\" preload=\"metadata\" controls=\"controls\"><source type=\"video\/mp4\" src=\"http:\/\/conectamedia.s3.amazonaws.com\/04ebfdcfd7c13f3aefd9cbced91d352a.mp4?_=1\" \/><a href=\"http:\/\/conectamedia.s3.amazonaws.com\/04ebfdcfd7c13f3aefd9cbced91d352a.mp4\">http:\/\/conectamedia.s3.amazonaws.com\/04ebfdcfd7c13f3aefd9cbced91d352a.mp4<\/a><\/video><\/div>\n","protected":false},"excerpt":{"rendered":"<p>La Oposici\u00f3n critica la \u00abimprovisada\u00bb pol\u00edtica exterior del Gobierno. Habla:\u00a0Senador Ricardo Lagos Weber, Miembro de la Comisi\u00f3n de RR.EE; Alfredo Moreno, Ministro de Desarrollo Social y ex canciller; Ignacio Walker, ex canciller; Gonzalo M\u00fcller,\u00a0Director de Centro Pol\u00edticas P\u00fablicas\u00a0UDD. Menci\u00f3n:\u00a0Frente Amplio,\u00a0Gonzalo M\u00fcller, Director de Centro Pol\u00edticas P\u00fablicas\u00a0UDD. http:\/\/conectamedia.s3.amazonaws.com\/04ebfdcfd7c13f3aefd9cbced91d352a.mp4<\/p>\n","protected":false},"author":22,"featured_media":893,"comment_status":"open","ping_status":"open","sticky":false,"template":"","format":"standard","meta":{"footnotes":""},"categories":[10162],"tags":[],"class_list":["post-4396","post","type-post","status-publish","format-standard","has-post-thumbnail","hentry","category-centro-en-la-prensa"],"featured_image_url":"https:\/\/gobierno.udd.cl\/cpp\/files\/2015\/05\/udd_cpp_prensa_340.png","_links":{"self":[{"href":"https:\/\/gobierno.udd.cl\/cpp\/wp-json\/wp\/v2\/posts\/4396","targetHints":{"allow":["GET"]}}],"collection":[{"href":"https:\/\/gobierno.udd.cl\/cpp\/wp-json\/wp\/v2\/posts"}],"about":[{"href":"https:\/\/gobierno.udd.cl\/cpp\/wp-json\/wp\/v2\/types\/post"}],"author":[{"embeddable":true,"href":"https:\/\/gobierno.udd.cl\/cpp\/wp-json\/wp\/v2\/users\/22"}],"replies":[{"embeddable":true,"href":"https:\/\/gobierno.udd.cl\/cpp\/wp-json\/wp\/v2\/comments?post=4396"}],"version-history":[{"count":2,"href":"https:\/\/gobierno.udd.cl\/cpp\/wp-json\/wp\/v2\/posts\/4396\/revisions"}],"predecessor-version":[{"id":4400,"href":"https:\/\/gobierno.udd.cl\/cpp\/wp-json\/wp\/v2\/posts\/4396\/revisions\/4400"}],"wp:featuredmedia":[{"embeddable":true,"href":"https:\/\/gobierno.udd.cl\/cpp\/wp-json\/wp\/v2\/media\/893"}],"wp:attachment":[{"href":"https:\/\/gobierno.udd.cl\/cpp\/wp-json\/wp\/v2\/media?parent=4396"}],"wp:term":[{"taxonomy":"category","embeddable":true,"href":"https:\/\/gobierno.udd.cl\/cpp\/wp-json\/wp\/v2\/categories?post=4396"},{"taxonomy":"post_tag","embeddable":true,"href":"https:\/\/gobierno.udd.cl\/cpp\/wp-json\/wp\/v2\/tags?post=4396"}],"curies":[{"name":"wp","href":"https:\/\/api.w.org\/{rel}","templated":true}]}}