{"id":4393,"date":"2019-05-12T00:37:50","date_gmt":"2019-05-12T04:37:50","guid":{"rendered":"http:\/\/gobierno.udd.cl\/cpp\/?p=4393"},"modified":"2019-05-24T00:39:11","modified_gmt":"2019-05-24T04:39:11","slug":"81-de-chilenos-cree-que-hay-crisis-institucional-cnn-chile","status":"publish","type":"post","link":"https:\/\/gobierno.udd.cl\/cpp\/noticias\/2019\/05\/12\/81-de-chilenos-cree-que-hay-crisis-institucional-cnn-chile\/","title":{"rendered":"81% de chilenos cree que hay crisis institucional &#8211; CNN Chile"},"content":{"rendered":"<p style=\"text-align: justify;\">Seg\u00fan una encuesta de la\u00a0<span class=\"highlight\">Universidad<\/span>\u00a0<span class=\"highlight\">del<\/span>\u00a0<span class=\"highlight\">Desarrollo<\/span>, el 81% de los chilenos piensa que las instituciones est\u00e1n en crisis. Iglesia, AFP y Fiscal\u00eda encabezan lista.<\/p>\n<p><b>Menci\u00f3n:<\/b>\u00a0<span class=\"highlight\">UDD.<\/span><\/p>\n<div style=\"width: 640px;\" class=\"wp-video\"><video class=\"wp-video-shortcode\" id=\"video-4393-1\" width=\"640\" height=\"360\" preload=\"metadata\" controls=\"controls\"><source type=\"video\/mp4\" src=\"http:\/\/conectamedia.s3.amazonaws.com\/5e6bede5978fc98f468c67d26ef8532e.mp4?_=1\" \/><a href=\"http:\/\/conectamedia.s3.amazonaws.com\/5e6bede5978fc98f468c67d26ef8532e.mp4\">http:\/\/conectamedia.s3.amazonaws.com\/5e6bede5978fc98f468c67d26ef8532e.mp4<\/a><\/video><\/div>\n","protected":false},"excerpt":{"rendered":"<p>Seg\u00fan una encuesta de la\u00a0Universidad\u00a0del\u00a0Desarrollo, el 81% de los chilenos piensa que las instituciones est\u00e1n en crisis. Iglesia, AFP y Fiscal\u00eda encabezan lista. Menci\u00f3n:\u00a0UDD. http:\/\/conectamedia.s3.amazonaws.com\/5e6bede5978fc98f468c67d26ef8532e.mp4<\/p>\n","protected":false},"author":22,"featured_media":893,"comment_status":"open","ping_status":"open","sticky":false,"template":"","format":"standard","meta":{"footnotes":""},"categories":[10162],"tags":[],"class_list":["post-4393","post","type-post","status-publish","format-standard","has-post-thumbnail","hentry","category-centro-en-la-prensa"],"featured_image_url":"https:\/\/gobierno.udd.cl\/cpp\/files\/2015\/05\/udd_cpp_prensa_340.png","_links":{"self":[{"href":"https:\/\/gobierno.udd.cl\/cpp\/wp-json\/wp\/v2\/posts\/4393","targetHints":{"allow":["GET"]}}],"collection":[{"href":"https:\/\/gobierno.udd.cl\/cpp\/wp-json\/wp\/v2\/posts"}],"about":[{"href":"https:\/\/gobierno.udd.cl\/cpp\/wp-json\/wp\/v2\/types\/post"}],"author":[{"embeddable":true,"href":"https:\/\/gobierno.udd.cl\/cpp\/wp-json\/wp\/v2\/users\/22"}],"replies":[{"embeddable":true,"href":"https:\/\/gobierno.udd.cl\/cpp\/wp-json\/wp\/v2\/comments?post=4393"}],"version-history":[{"count":1,"href":"https:\/\/gobierno.udd.cl\/cpp\/wp-json\/wp\/v2\/posts\/4393\/revisions"}],"predecessor-version":[{"id":4394,"href":"https:\/\/gobierno.udd.cl\/cpp\/wp-json\/wp\/v2\/posts\/4393\/revisions\/4394"}],"wp:featuredmedia":[{"embeddable":true,"href":"https:\/\/gobierno.udd.cl\/cpp\/wp-json\/wp\/v2\/media\/893"}],"wp:attachment":[{"href":"https:\/\/gobierno.udd.cl\/cpp\/wp-json\/wp\/v2\/media?parent=4393"}],"wp:term":[{"taxonomy":"category","embeddable":true,"href":"https:\/\/gobierno.udd.cl\/cpp\/wp-json\/wp\/v2\/categories?post=4393"},{"taxonomy":"post_tag","embeddable":true,"href":"https:\/\/gobierno.udd.cl\/cpp\/wp-json\/wp\/v2\/tags?post=4393"}],"curies":[{"name":"wp","href":"https:\/\/api.w.org\/{rel}","templated":true}]}}