{"id":4390,"date":"2019-05-12T00:35:39","date_gmt":"2019-05-12T04:35:39","guid":{"rendered":"http:\/\/gobierno.udd.cl\/cpp\/?p=4390"},"modified":"2019-05-24T00:36:54","modified_gmt":"2019-05-24T04:36:54","slug":"encuesta-revelo-que-la-iglesia-es-una-de-las-instituciones-menos-creibles-en-chile-le-siguen-los-partidos-politicos-senadores-y-diputados-cambio-21","status":"publish","type":"post","link":"https:\/\/gobierno.udd.cl\/cpp\/noticias\/2019\/05\/12\/encuesta-revelo-que-la-iglesia-es-una-de-las-instituciones-menos-creibles-en-chile-le-siguen-los-partidos-politicos-senadores-y-diputados-cambio-21\/","title":{"rendered":"Encuesta revel\u00f3 que la Iglesia es una de las instituciones menos cre\u00edbles en Chile. Le siguen los partidos pol\u00edticos, senadores y diputados &#8211; Cambio 21"},"content":{"rendered":"<p style=\"text-align: justify;\">La encuesta de la\u00a0Facultad de Gobierno de la Universidad del Desarrollo\u00a0revel\u00f3 que\u00a0un 81 por ciento de los chilenos cree que las instituciones en nuestro pa\u00eds est\u00e1n en crisis.<\/p>\n<p style=\"text-align: justify;\">Algunas de las instituciones peor calificadas se encuentran los\u00a0partidos pol\u00edticos y senadores con un 2,1; y los\u00a0diputados\u00a0con 2,2; seguido por los\u00a0ministros\u00a0con un 2,5; y\u00a0el Gobierno con un 3,0; en notas de uno a siete.\u00a0 De esta misma manera,\u00a0Carabineros fue calificado con un 3,8 y las Fuerzas Armadas con un 3,0.<\/p>\n<p style=\"text-align: justify;\">En la misma l\u00ednea,\u00a0la Iglesia Cat\u00f3lica es una de las instituciones menos cre\u00edbles\u00a0a ra\u00edz de la crisis que se vive al interior tras las denuncias de abusos sexuales, que el 2018 obtuvo un 2,3 por ciento y\u00a0este a\u00f1o descendi\u00f3 a un 1,9.\u00a0 \u00abEs triste que unos hijos desconf\u00eden de su madre,\u00a0la Iglesia es mi madre y si yo pierdo la confianza&#8230;<\/p>\n<p style=\"text-align: justify;\">porque un hijo puede llegar a descubrir que su propia mam\u00e1 se equivoc\u00f3, que cay\u00f3\u00bb, indic\u00f3 el administrador apost\u00f3lico del Arzobispado de Santiago,\u00a0Celestino A\u00f3s.<\/p>\n<p style=\"text-align: justify;\">\u00abA veces tenemos que alegrarnos y otras veces tenemos que llorar porque ha habido una mujer o un hombre que no cumpli\u00f3 el evangelio, pero\u00a0siempre es nuestra madre y pobre de nosotros cuando se nos pierde esa confianza, porque ah\u00ed si que estamos perdidos\u00bb, agreg\u00f3 el sacerdote.<\/p>\n<p style=\"text-align: justify;\">Dentro de los mejores evaluados se encuentran los\u00a0Bomberos, con un 6,4; los\u00a0profesores de colegio, con un 5,1; y los\u00a0m\u00e9dicos, con un 4,9.<\/p>\n<p style=\"text-align: justify;\">Ver nota publicada: <a href=\"https:\/\/cambio21.cl\/pais\/encuesta-revel-que-la-iglesia-es-una-de-las-instituciones-menos-crebles-en-chile-le-siguen-los-partidos-polticos-senadores-y-diputados-5cd8a285cd49b03beb0d40a3\" target=\"_blank\" rel=\"noopener\">https:\/\/cambio21.cl\/pais\/encuesta-revel-que-la-iglesia-es-una-de-las-instituciones-menos-crebles-en-chile-le-siguen-los-partidos-polticos-senadores-y-diputados-5cd8a285cd49b03beb0d40a3<\/a><\/p>\n","protected":false},"excerpt":{"rendered":"<p>La encuesta de la\u00a0Facultad de Gobierno de la Universidad del Desarrollo\u00a0revel\u00f3 que\u00a0un 81 por ciento de los chilenos cree que las instituciones en nuestro pa\u00eds est\u00e1n en crisis. Algunas de las instituciones peor calificadas se encuentran los\u00a0partidos pol\u00edticos y senadores con un 2,1; y los\u00a0diputados\u00a0con 2,2; seguido por los\u00a0ministros\u00a0con un 2,5; y\u00a0el Gobierno con un [&hellip;]<\/p>\n","protected":false},"author":22,"featured_media":893,"comment_status":"open","ping_status":"open","sticky":false,"template":"","format":"standard","meta":{"footnotes":""},"categories":[10162],"tags":[],"class_list":["post-4390","post","type-post","status-publish","format-standard","has-post-thumbnail","hentry","category-centro-en-la-prensa"],"featured_image_url":"https:\/\/gobierno.udd.cl\/cpp\/files\/2015\/05\/udd_cpp_prensa_340.png","_links":{"self":[{"href":"https:\/\/gobierno.udd.cl\/cpp\/wp-json\/wp\/v2\/posts\/4390","targetHints":{"allow":["GET"]}}],"collection":[{"href":"https:\/\/gobierno.udd.cl\/cpp\/wp-json\/wp\/v2\/posts"}],"about":[{"href":"https:\/\/gobierno.udd.cl\/cpp\/wp-json\/wp\/v2\/types\/post"}],"author":[{"embeddable":true,"href":"https:\/\/gobierno.udd.cl\/cpp\/wp-json\/wp\/v2\/users\/22"}],"replies":[{"embeddable":true,"href":"https:\/\/gobierno.udd.cl\/cpp\/wp-json\/wp\/v2\/comments?post=4390"}],"version-history":[{"count":1,"href":"https:\/\/gobierno.udd.cl\/cpp\/wp-json\/wp\/v2\/posts\/4390\/revisions"}],"predecessor-version":[{"id":4391,"href":"https:\/\/gobierno.udd.cl\/cpp\/wp-json\/wp\/v2\/posts\/4390\/revisions\/4391"}],"wp:featuredmedia":[{"embeddable":true,"href":"https:\/\/gobierno.udd.cl\/cpp\/wp-json\/wp\/v2\/media\/893"}],"wp:attachment":[{"href":"https:\/\/gobierno.udd.cl\/cpp\/wp-json\/wp\/v2\/media?parent=4390"}],"wp:term":[{"taxonomy":"category","embeddable":true,"href":"https:\/\/gobierno.udd.cl\/cpp\/wp-json\/wp\/v2\/categories?post=4390"},{"taxonomy":"post_tag","embeddable":true,"href":"https:\/\/gobierno.udd.cl\/cpp\/wp-json\/wp\/v2\/tags?post=4390"}],"curies":[{"name":"wp","href":"https:\/\/api.w.org\/{rel}","templated":true}]}}