{"id":4384,"date":"2019-05-12T20:20:12","date_gmt":"2019-05-13T00:20:12","guid":{"rendered":"http:\/\/gobierno.udd.cl\/cpp\/?p=4384"},"modified":"2019-05-23T20:21:37","modified_gmt":"2019-05-24T00:21:37","slug":"no-hay-peor-ciego-que-el-que-no-quiere-ver-el-81-de-los-chilenos-cree-que-las-instituciones-estan-en-crisis-e-iglesia-y-politicos-son-los-peor-evaluados-portal-infogate","status":"publish","type":"post","link":"https:\/\/gobierno.udd.cl\/cpp\/noticias\/2019\/05\/12\/no-hay-peor-ciego-que-el-que-no-quiere-ver-el-81-de-los-chilenos-cree-que-las-instituciones-estan-en-crisis-e-iglesia-y-politicos-son-los-peor-evaluados-portal-infogate\/","title":{"rendered":"No hay peor ciego que el que no quiere ver: El 81% de los chilenos cree que las instituciones est\u00e1n en crisis e iglesia y pol\u00edticos son los peor evaluados &#8211; Portal Infogate"},"content":{"rendered":"<p style=\"text-align: justify;\">A pesar que diversas autoridades han minimizado la crisis de confianza en las instituciones p\u00fablicas y privadas, aduciendo que los problemas que enfrentan por ejemplo Carabineros, la PDI, el Ej\u00e9rcito, el Poder Judicial o el Congreso son casos puntuales y que involucran a personas espec\u00edficas, el 81% de la ciudadan\u00eda cree que efectivamente se vive una situaci\u00f3n an\u00f3mala y que la iglesia y los pol\u00edticos son los peor evaluados.<\/p>\n<p style=\"text-align: justify;\">As\u00ed lo da a conocer una encuesta de la Facultad de Gobierno de la Universidad del Desarrollo publicada este domingo en El Mercurio.<\/p>\n<p style=\"text-align: justify;\">De esta forma, la merma en la confianza en las instituciones ha sido consistente en el tiempo, seg\u00fan la medici\u00f3n, que adem\u00e1s muestra que los estratos socioecon\u00f3micos m\u00e1s bajos tienen una mayor percepci\u00f3n de crisis. Es decir -seg\u00fan este estudio- los grupos m\u00e1s acomodados y las \u00e9lites relativizan esta crisis que por cierto la mal llamada clase pol\u00edtica no toma en cuenta y sigue viviendo en su realidad paralela y protegidos por un d\u00e9bil Congreso Nacional donde legislar en bien de la Naci\u00f3n pareciera ser algo olvidado por los tambi\u00e9n mal llamados honorables, transformando este escenario el caldo de cultivo ideal para el surgimiento de populismo o posiciones extremas.<\/p>\n<p style=\"text-align: justify;\">Justicia sin confianza<\/p>\n<p style=\"text-align: justify;\">En el \u00e1mbito de la Justicia, el Ministerio P\u00fablico es el peor calificado, mientras que en el sector privado, las AFP cierran la lista.<\/p>\n<p style=\"text-align: justify;\">En cuanto a los PEOR EVALUADOS aparecen los partidos pol\u00edticos y senadores con nota roja 2,1; mientras que los diputados con un 2,2, siendo seguido por los ministros con nota 2,5 y los concejales alcanzan un 2,9.<\/p>\n<p style=\"text-align: justify;\">A su vez, el gobierno presenta un 3,0 y atr\u00e1s los municipios con un 3,4, tambi\u00e9n rojo.<\/p>\n<p style=\"text-align: justify;\">En cuanto a las ramas de las Fuerzas Armadas y Orden P\u00fablico, los peor evaluados se encuentra Carabineros con un 3,8 y militares (las tres ramas) con un 3.0; mientras que la PDI aparece con un azul pero pobre igual: 4,7.<\/p>\n<p style=\"text-align: justify;\">En el aspecto privado, los peor evaluados, con puros rojos, por la ciudadan\u00eda aparecen las AFP con un 2,2; los empresarios con un 2,9 y los Bancos con un 3,3<\/p>\n<p style=\"text-align: justify;\">El sondeo tambi\u00e9n midi\u00f3 otros aspectos como \u00a0Bomberos que muestra un azul total 6,4,los mejor evaluados, seguidos por Profesores de colegios con un 5,1; Profesores universitarios con 5,0; M\u00e9dicos con un 4.9%; Ecologistas con un 4,5%; y aqu\u00ed volvemos a los ROJOS, las cl\u00ednicas con un 3,8; supermercados con un 3,7 y abogados con 3,5.<\/p>\n<p>Ver nota publicada: <a href=\"http:\/\/www.infogate.cl\/2019\/05\/12\/no-hay-peor-ciego-que-el-que-no-quiere-ver-el-81-de-los-chilenos-cree-que-las-instituciones-estan-en-crisis-e-iglesia-y-politicos-son-los-peor-evaluados\/\" target=\"_blank\" rel=\"noopener\">http:\/\/www.infogate.cl\/2019\/05\/12\/no-hay-peor-ciego-que-el-que-no-quiere-ver-el-81-de-los-chilenos-cree-que-las-instituciones-estan-en-crisis-e-iglesia-y-politicos-son-los-peor-evaluados\/<\/a><\/p>\n","protected":false},"excerpt":{"rendered":"<p>A pesar que diversas autoridades han minimizado la crisis de confianza en las instituciones p\u00fablicas y privadas, aduciendo que los problemas que enfrentan por ejemplo Carabineros, la PDI, el Ej\u00e9rcito, el Poder Judicial o el Congreso son casos puntuales y que involucran a personas espec\u00edficas, el 81% de la ciudadan\u00eda cree que efectivamente se vive [&hellip;]<\/p>\n","protected":false},"author":22,"featured_media":893,"comment_status":"open","ping_status":"open","sticky":false,"template":"","format":"standard","meta":{"footnotes":""},"categories":[10162],"tags":[],"class_list":["post-4384","post","type-post","status-publish","format-standard","has-post-thumbnail","hentry","category-centro-en-la-prensa"],"featured_image_url":"https:\/\/gobierno.udd.cl\/cpp\/files\/2015\/05\/udd_cpp_prensa_340.png","_links":{"self":[{"href":"https:\/\/gobierno.udd.cl\/cpp\/wp-json\/wp\/v2\/posts\/4384","targetHints":{"allow":["GET"]}}],"collection":[{"href":"https:\/\/gobierno.udd.cl\/cpp\/wp-json\/wp\/v2\/posts"}],"about":[{"href":"https:\/\/gobierno.udd.cl\/cpp\/wp-json\/wp\/v2\/types\/post"}],"author":[{"embeddable":true,"href":"https:\/\/gobierno.udd.cl\/cpp\/wp-json\/wp\/v2\/users\/22"}],"replies":[{"embeddable":true,"href":"https:\/\/gobierno.udd.cl\/cpp\/wp-json\/wp\/v2\/comments?post=4384"}],"version-history":[{"count":1,"href":"https:\/\/gobierno.udd.cl\/cpp\/wp-json\/wp\/v2\/posts\/4384\/revisions"}],"predecessor-version":[{"id":4385,"href":"https:\/\/gobierno.udd.cl\/cpp\/wp-json\/wp\/v2\/posts\/4384\/revisions\/4385"}],"wp:featuredmedia":[{"embeddable":true,"href":"https:\/\/gobierno.udd.cl\/cpp\/wp-json\/wp\/v2\/media\/893"}],"wp:attachment":[{"href":"https:\/\/gobierno.udd.cl\/cpp\/wp-json\/wp\/v2\/media?parent=4384"}],"wp:term":[{"taxonomy":"category","embeddable":true,"href":"https:\/\/gobierno.udd.cl\/cpp\/wp-json\/wp\/v2\/categories?post=4384"},{"taxonomy":"post_tag","embeddable":true,"href":"https:\/\/gobierno.udd.cl\/cpp\/wp-json\/wp\/v2\/tags?post=4384"}],"curies":[{"name":"wp","href":"https:\/\/api.w.org\/{rel}","templated":true}]}}