{"id":4381,"date":"2019-05-13T20:18:35","date_gmt":"2019-05-14T00:18:35","guid":{"rendered":"http:\/\/gobierno.udd.cl\/cpp\/?p=4381"},"modified":"2019-06-11T09:28:22","modified_gmt":"2019-06-11T13:28:22","slug":"encuesta-detallo-que-la-iglesia-catolica-es-la-institucion-menos-creible-de-chile-el-periscopio","status":"publish","type":"post","link":"https:\/\/gobierno.udd.cl\/cpp\/noticias\/2019\/05\/13\/encuesta-detallo-que-la-iglesia-catolica-es-la-institucion-menos-creible-de-chile-el-periscopio\/","title":{"rendered":"Encuesta detall\u00f3 que la Iglesia Cat\u00f3lica es la instituci\u00f3n menos cre\u00edble de Chile &#8211; El Periscopio"},"content":{"rendered":"<p style=\"text-align: justify;\">La encuesta de la Facultad de Gobierno de la <span class=\"highlight\">Universidad<\/span> <span class=\"highlight\">del<\/span> <span class=\"highlight\">Desarrollo<\/span> inform\u00f3 que un 81 por ciento de los chilenos cree que las instituciones en nuestro pa\u00eds est\u00e1n viviendo una crisis, especialmente las fuerzas armadas y religiosas.<\/p>\n<p style=\"text-align: justify;\">Algunas de las instituciones peor calificadas se encuentran los\u00a0partidos pol\u00edticos y senadores\u00a0con un 2,1; y los\u00a0diputados\u00a0con 2,2; seguido por los\u00a0ministros\u00a0con un 2,5; y\u00a0el Gobierno con un 3,0; en notas de uno a siete.<\/p>\n<p style=\"text-align: justify;\">Siguiendo con las malas calificaciones se encuentran Carabineros quienes fueron calificados con un 3,8 y las Fuerzas Armadas con un 3,0.<\/p>\n<p style=\"text-align: justify;\">Otra instituci\u00f3n que contin\u00faa bajando su calificaci\u00f3n es\u00a0la Iglesia Cat\u00f3lica, que pas\u00f3 de tener un 2,3\u00a0 el 2018\u00a0 a un 1,9.<\/p>\n<p style=\"text-align: justify;\">\u00abEs triste que unos hijos desconf\u00eden de su madre,\u00a0la Iglesia es mi madre y si yo pierdo la confianza&#8230; porque un hijo puede llegar a descubrir que su propia mam\u00e1 se equivoc\u00f3, que cay\u00f3\u00bb, indic\u00f3 el administrador apost\u00f3lico del Arzobispado de Santiago,\u00a0Celestino A\u00f3s.<\/p>\n<p style=\"text-align: justify;\">\u00abA veces tenemos que alegrarnos y otras veces tenemos que llorar porque ha habido una mujer o un hombre que no cumpli\u00f3 el evangelio, pero\u00a0siempre es nuestra madre y pobre de nosotros cuando se nos pierde esa confianza, porque ah\u00ed si que estamos perdidos\u00bb, agreg\u00f3 el sacerdote.<\/p>\n<p style=\"text-align: justify;\">Dentro de los mejores evaluados se encuentran los\u00a0Bomberos, con un 6,4; los\u00a0profesores de colegio, con un 5,1; y los\u00a0m\u00e9dicos, con un 4,9.<br \/>\nLa entrada Encuesta detall\u00f3 que la Iglesia Cat\u00f3lica es la instituci\u00f3n menos cre\u00edble de Chile se public\u00f3 primero en El Periscopio Noticias.<\/p>\n<p>Ver nota publicada: <a href=\"https:\/\/www.elperiscopio.cl\/destacado-1\/encuesta-detallo-que-la-iglesia-catolica-es-la-institucion-menos-creible-de-chile\/\" target=\"_blank\" rel=\"noopener\">https:\/\/www.elperiscopio.cl\/destacado-1\/encuesta-detallo-que-la-iglesia-catolica-es-la-institucion-menos-creible-de-chile\/<\/a><\/p>\n","protected":false},"excerpt":{"rendered":"<p>La encuesta de la Facultad de Gobierno de la Universidad del Desarrollo inform\u00f3 que un 81 por ciento de los chilenos cree que las instituciones en nuestro pa\u00eds est\u00e1n viviendo una crisis, especialmente las fuerzas armadas y religiosas. Algunas de las instituciones peor calificadas se encuentran los\u00a0partidos pol\u00edticos y senadores\u00a0con un 2,1; y los\u00a0diputados\u00a0con 2,2; [&hellip;]<\/p>\n","protected":false},"author":22,"featured_media":4478,"comment_status":"open","ping_status":"open","sticky":false,"template":"","format":"standard","meta":{"footnotes":""},"categories":[10162],"tags":[],"class_list":["post-4381","post","type-post","status-publish","format-standard","has-post-thumbnail","hentry","category-centro-en-la-prensa"],"featured_image_url":"https:\/\/gobierno.udd.cl\/cpp\/files\/2019\/06\/Graficas_PoliticasPublicas-03.jpg","_links":{"self":[{"href":"https:\/\/gobierno.udd.cl\/cpp\/wp-json\/wp\/v2\/posts\/4381","targetHints":{"allow":["GET"]}}],"collection":[{"href":"https:\/\/gobierno.udd.cl\/cpp\/wp-json\/wp\/v2\/posts"}],"about":[{"href":"https:\/\/gobierno.udd.cl\/cpp\/wp-json\/wp\/v2\/types\/post"}],"author":[{"embeddable":true,"href":"https:\/\/gobierno.udd.cl\/cpp\/wp-json\/wp\/v2\/users\/22"}],"replies":[{"embeddable":true,"href":"https:\/\/gobierno.udd.cl\/cpp\/wp-json\/wp\/v2\/comments?post=4381"}],"version-history":[{"count":2,"href":"https:\/\/gobierno.udd.cl\/cpp\/wp-json\/wp\/v2\/posts\/4381\/revisions"}],"predecessor-version":[{"id":4383,"href":"https:\/\/gobierno.udd.cl\/cpp\/wp-json\/wp\/v2\/posts\/4381\/revisions\/4383"}],"wp:featuredmedia":[{"embeddable":true,"href":"https:\/\/gobierno.udd.cl\/cpp\/wp-json\/wp\/v2\/media\/4478"}],"wp:attachment":[{"href":"https:\/\/gobierno.udd.cl\/cpp\/wp-json\/wp\/v2\/media?parent=4381"}],"wp:term":[{"taxonomy":"category","embeddable":true,"href":"https:\/\/gobierno.udd.cl\/cpp\/wp-json\/wp\/v2\/categories?post=4381"},{"taxonomy":"post_tag","embeddable":true,"href":"https:\/\/gobierno.udd.cl\/cpp\/wp-json\/wp\/v2\/tags?post=4381"}],"curies":[{"name":"wp","href":"https:\/\/api.w.org\/{rel}","templated":true}]}}