{"id":4371,"date":"2019-05-12T19:48:34","date_gmt":"2019-05-12T23:48:34","guid":{"rendered":"http:\/\/gobierno.udd.cl\/cpp\/?p=4371"},"modified":"2019-05-23T19:49:59","modified_gmt":"2019-05-23T23:49:59","slug":"aumenta-desconfianza-de-chilenos-en-instituciones-radio-adn-chile","status":"publish","type":"post","link":"https:\/\/gobierno.udd.cl\/cpp\/noticias\/2019\/05\/12\/aumenta-desconfianza-de-chilenos-en-instituciones-radio-adn-chile\/","title":{"rendered":"Aumenta desconfianza de chilenos en instituciones &#8211; Radio ADN Chile"},"content":{"rendered":"<p style=\"text-align: justify;\">Seg\u00fan estudio de la Universidad del Desarrollo, el 81% de los chilenos cree que las instituciones est\u00e1n en crisis. Iglesia y pol\u00edticos encabezan la lista.<\/p>\n<p style=\"text-align: justify;\">Habla:\u00a0Karla Rubilar, intendenta metropolitana; Celestino A\u00f3s, administrador apost\u00f3lico de Santiago; Sebasti\u00e1n Torrealba, diputado RN<\/p>\n<p style=\"text-align: justify;\">Menci\u00f3n:\u00a0UDD, Obispo Eduardo Dur\u00e1n, El Mercurio, Bomberos<\/p>\n<audio class=\"wp-audio-shortcode\" id=\"audio-4371-1\" preload=\"none\" style=\"width: 100%;\" controls=\"controls\"><source type=\"audio\/mpeg\" src=\"http:\/\/conectamedia.s3.amazonaws.com\/1b76f28ef8d6a880cbd95296ac101620.mp3?_=1\" \/><a href=\"http:\/\/conectamedia.s3.amazonaws.com\/1b76f28ef8d6a880cbd95296ac101620.mp3\">http:\/\/conectamedia.s3.amazonaws.com\/1b76f28ef8d6a880cbd95296ac101620.mp3<\/a><\/audio>\n","protected":false},"excerpt":{"rendered":"<p>Seg\u00fan estudio de la Universidad del Desarrollo, el 81% de los chilenos cree que las instituciones est\u00e1n en crisis. Iglesia y pol\u00edticos encabezan la lista. Habla:\u00a0Karla Rubilar, intendenta metropolitana; Celestino A\u00f3s, administrador apost\u00f3lico de Santiago; Sebasti\u00e1n Torrealba, diputado RN Menci\u00f3n:\u00a0UDD, Obispo Eduardo Dur\u00e1n, El Mercurio, Bomberos<\/p>\n","protected":false},"author":22,"featured_media":893,"comment_status":"open","ping_status":"open","sticky":false,"template":"","format":"standard","meta":{"footnotes":""},"categories":[10162],"tags":[],"class_list":["post-4371","post","type-post","status-publish","format-standard","has-post-thumbnail","hentry","category-centro-en-la-prensa"],"featured_image_url":"https:\/\/gobierno.udd.cl\/cpp\/files\/2015\/05\/udd_cpp_prensa_340.png","_links":{"self":[{"href":"https:\/\/gobierno.udd.cl\/cpp\/wp-json\/wp\/v2\/posts\/4371","targetHints":{"allow":["GET"]}}],"collection":[{"href":"https:\/\/gobierno.udd.cl\/cpp\/wp-json\/wp\/v2\/posts"}],"about":[{"href":"https:\/\/gobierno.udd.cl\/cpp\/wp-json\/wp\/v2\/types\/post"}],"author":[{"embeddable":true,"href":"https:\/\/gobierno.udd.cl\/cpp\/wp-json\/wp\/v2\/users\/22"}],"replies":[{"embeddable":true,"href":"https:\/\/gobierno.udd.cl\/cpp\/wp-json\/wp\/v2\/comments?post=4371"}],"version-history":[{"count":2,"href":"https:\/\/gobierno.udd.cl\/cpp\/wp-json\/wp\/v2\/posts\/4371\/revisions"}],"predecessor-version":[{"id":4373,"href":"https:\/\/gobierno.udd.cl\/cpp\/wp-json\/wp\/v2\/posts\/4371\/revisions\/4373"}],"wp:featuredmedia":[{"embeddable":true,"href":"https:\/\/gobierno.udd.cl\/cpp\/wp-json\/wp\/v2\/media\/893"}],"wp:attachment":[{"href":"https:\/\/gobierno.udd.cl\/cpp\/wp-json\/wp\/v2\/media?parent=4371"}],"wp:term":[{"taxonomy":"category","embeddable":true,"href":"https:\/\/gobierno.udd.cl\/cpp\/wp-json\/wp\/v2\/categories?post=4371"},{"taxonomy":"post_tag","embeddable":true,"href":"https:\/\/gobierno.udd.cl\/cpp\/wp-json\/wp\/v2\/tags?post=4371"}],"curies":[{"name":"wp","href":"https:\/\/api.w.org\/{rel}","templated":true}]}}