{"id":4364,"date":"2019-05-06T23:56:43","date_gmt":"2019-05-07T03:56:43","guid":{"rendered":"http:\/\/gobierno.udd.cl\/cpp\/?p=4364"},"modified":"2019-05-22T23:58:16","modified_gmt":"2019-05-23T03:58:16","slug":"la-estrategica-importancia-de-rojas-en-la-derecha-la-segunda","status":"publish","type":"post","link":"https:\/\/gobierno.udd.cl\/cpp\/noticias\/2019\/05\/06\/la-estrategica-importancia-de-rojas-en-la-derecha-la-segunda\/","title":{"rendered":"La estrat\u00e9gica importancia de Rojas en la derecha &#8211; La Segunda"},"content":{"rendered":"<p style=\"text-align: justify;\">Pese a que debut\u00f3 el pasado 24 de marzo como panelista en el programa Estado Nacional de TVN y pronto lo har\u00e1 en el noticiero del canal Mega Plus, el escritor y exministro de Sebasti\u00e1n Pi\u00f1era, Mauricio Rojas \u2014quien dur\u00f3 94 horas en el Ministerio de las Culturas\u2014 trat\u00f3 de regresar este fin de semana a una suerte rol \u201cpol\u00edtico moral\u201d para derecha con, al menos, dos hitos.<\/p>\n<p style=\"text-align: justify;\">Primero con su entrevista en El Mercurio donde reafirm\u00f3 que est\u00e1 \u201cexpuesto\u201d, que no va \u201ca esconderse\u201d, y que su truncado paso ministerial le dio \u201cuna plataforma quiz\u00e1s m\u00e1s importante: hoy soy un personaje mucho m\u00e1s conocido y por eso estoy en TVN\u201d. En la oportunidad, adem\u00e1s, destac\u00f3 que cuenta con el respaldo del Presidente Sebasti\u00e1n Pi\u00f1era, con quien mantiene una relaci\u00f3n de \u201crespeto\u201d, seg\u00fan dijo. Adem\u00e1s confidenci\u00f3 que est\u00e1 colaborando con el discurso de la cuenta p\u00fablica anual del pr\u00f3ximo 1 de junio. No como el a\u00f1o anterior, seg\u00fan reconoci\u00f3, pero si dando \u201calgunas opiniones\u201d para la elaboraci\u00f3n.<\/p>\n<p style=\"text-align: justify;\">Tambi\u00e9n el mismo domingo, en que sali\u00f3 publicada la entrevista, protagoniz\u00f3 varias discusiones en el programa Estadio Nacional de TVN con la diputada comunista Carmen Hertz, quien le espet\u00f3: \u201clos conversos son los peores\u201d (ver secundaria).<\/p>\n<p style=\"text-align: justify;\">La pol\u00e9mica hoy continuaba. Rojas en Twitter public\u00f3 una declaraci\u00f3n de la Uni\u00f3n Europea con la que trataba de desvirtuar la afirmaci\u00f3n de la parlamentaria comunista de que la legitimidad de las elecciones venezolanas de mayo de 2018 hab\u00eda sido reconocida por los pa\u00edses del \u201cviejo continente\u201d.<\/p>\n<p style=\"text-align: justify;\">\u201cSaca ronchas\u201d<\/p>\n<p style=\"text-align: justify;\">A juicio del vicedecano de la Facultad de Gobierno UDD, Rodrigo Arellano, \u201cresulta mucho m\u00e1s f\u00e1cil la vuelta al protagonismo pol\u00edtico de Rojas. \u00c9l est\u00e1 detr\u00e1s de una causa (defensa de la libertad) y las causas son dif\u00edciles de aplacar\u201d.<\/p>\n<p style=\"text-align: justify;\">Agrega que Rojas \u201ca diferencia de otros ministros que quiz\u00e1s salen por resultados, se fue por persecuci\u00f3n pol\u00edtica de la izquierda (\u2026) les saca ronchas, porque era del mundo de ellos y por distintas razones ahora est\u00e1 en la vereda pol\u00edtica contraria\u201d.<\/p>\n<p style=\"text-align: justify;\">Para el analista pol\u00edtico y acad\u00e9mico UAI Crist\u00f3bal Bellolio, Rojas \u201ces relevante en un sentido bien acotado\u201d, porque tanto \u00e9l como el canciller Roberto Ampuero (quien tambi\u00e9n era militante de la izquierda, pero que hoy se declara converso a las ideas del liberalismo) \u201cson testimonios vivos del fracaso de los socialismos reales y de la superioridad moral, por as\u00ed decirlo, del liberalismo pol\u00edtico y econ\u00f3mico. Con eso ya tienen ganado un espacio, aunque no es necesariamente electoral y puede ser formativo\u201d.<\/p>\n<p style=\"text-align: justify;\">\u201cLos conversos manifiestan cierta rabia por haber cre\u00eddo en una opci\u00f3n equivocada. Y esa rabia muchas veces nubla los matices\u201d, agrega Bellolio.<\/p>\n<p style=\"text-align: justify;\">No le ven carrera electoral, por ahora<\/p>\n<p style=\"text-align: justify;\">Arellano tampoco cree que el espacio a abarcar por el exministro sea electoral, pese a que fue diputado en Suecia, sino que su activo es \u201cser un tipo que genera ideas \u2014que es algo que no es muy habitual en la derecha\u2014 y que le duele a la izquierda, porque le duelen los conversos que hablan desde la trinchera de la experiencia\u201d.<\/p>\n<p style=\"text-align: justify;\">\u201cMe da la impresi\u00f3n que el rol que est\u00e1 jugando ahora hoy por hoy importante en la construcci\u00f3n de un relato para la centroderecha\u201d, concluye Arellano.<\/p>\n<p style=\"text-align: justify;\">Misma impresi\u00f3n tiene el director ejecutivo del IES, Claudio Alvarado: \u201cCreo que su aporte m\u00e1s importante es el de aportar ideas y contenidos al relato de la centroderecha, como cuando plante\u00f3 que hab\u00eda que incorporar el m\u00e9rito y la solidaridad en el relato de lo que hoy es Chile Vamos\u201d.<\/p>\n<p style=\"text-align: justify;\">\u201cCreo que ah\u00ed hace un mejor aporte que desde la trinchera pol\u00edtica, que no le queda tan bien, porque la carrera pol\u00edtica es m\u00e1s que estar en la pol\u00e9mica\u201d, dice Alvarado.<\/p>\n<p style=\"text-align: justify;\">Adem\u00e1s de su reposicionamiento medi\u00e1tico \u2014que incluye haber asumido el rol de director independiente suplente en Aguas Andinas\u2014 el pr\u00f3ximo 14 de mayo Rojas lanzar\u00e1 bajo el alero de la Fundaci\u00f3n para el Progreso el libro \u201cInmigraci\u00f3n y emprendimiento, experiencias de Estados Unidos y recomendaciones para Chile\u201d.<\/p>\n<p style=\"text-align: justify;\">En la publicaci\u00f3n entrega su visi\u00f3n sobre uno de los temas que tambi\u00e9n ha sido eje de acci\u00f3n del Gobierno desde que asumi\u00f3 el a\u00f1o pasado.<\/p>\n<p><a href=\"https:\/\/gobierno.udd.cl\/cpp\/files\/2019\/05\/2019-05-06_impresa.lasegunda.com_GK3JM50P.jpg\"><img loading=\"lazy\" decoding=\"async\" class=\"size-medium wp-image-4365 aligncenter\" src=\"https:\/\/gobierno.udd.cl\/cpp\/files\/2019\/05\/2019-05-06_impresa.lasegunda.com_GK3JM50P-231x300.jpg\" alt=\"\" width=\"231\" height=\"300\" srcset=\"https:\/\/gobierno.udd.cl\/cpp\/files\/2019\/05\/2019-05-06_impresa.lasegunda.com_GK3JM50P-231x300.jpg 231w, https:\/\/gobierno.udd.cl\/cpp\/files\/2019\/05\/2019-05-06_impresa.lasegunda.com_GK3JM50P-768x996.jpg 768w, https:\/\/gobierno.udd.cl\/cpp\/files\/2019\/05\/2019-05-06_impresa.lasegunda.com_GK3JM50P-790x1024.jpg 790w, https:\/\/gobierno.udd.cl\/cpp\/files\/2019\/05\/2019-05-06_impresa.lasegunda.com_GK3JM50P-740x960.jpg 740w, https:\/\/gobierno.udd.cl\/cpp\/files\/2019\/05\/2019-05-06_impresa.lasegunda.com_GK3JM50P.jpg 1440w\" sizes=\"auto, (max-width: 231px) 100vw, 231px\" \/><\/a><\/p>\n","protected":false},"excerpt":{"rendered":"<p>Pese a que debut\u00f3 el pasado 24 de marzo como panelista en el programa Estado Nacional de TVN y pronto lo har\u00e1 en el noticiero del canal Mega Plus, el escritor y exministro de Sebasti\u00e1n Pi\u00f1era, Mauricio Rojas \u2014quien dur\u00f3 94 horas en el Ministerio de las Culturas\u2014 trat\u00f3 de regresar este fin de semana [&hellip;]<\/p>\n","protected":false},"author":22,"featured_media":893,"comment_status":"open","ping_status":"open","sticky":false,"template":"","format":"standard","meta":{"footnotes":""},"categories":[10162],"tags":[],"class_list":["post-4364","post","type-post","status-publish","format-standard","has-post-thumbnail","hentry","category-centro-en-la-prensa"],"featured_image_url":"https:\/\/gobierno.udd.cl\/cpp\/files\/2015\/05\/udd_cpp_prensa_340.png","_links":{"self":[{"href":"https:\/\/gobierno.udd.cl\/cpp\/wp-json\/wp\/v2\/posts\/4364","targetHints":{"allow":["GET"]}}],"collection":[{"href":"https:\/\/gobierno.udd.cl\/cpp\/wp-json\/wp\/v2\/posts"}],"about":[{"href":"https:\/\/gobierno.udd.cl\/cpp\/wp-json\/wp\/v2\/types\/post"}],"author":[{"embeddable":true,"href":"https:\/\/gobierno.udd.cl\/cpp\/wp-json\/wp\/v2\/users\/22"}],"replies":[{"embeddable":true,"href":"https:\/\/gobierno.udd.cl\/cpp\/wp-json\/wp\/v2\/comments?post=4364"}],"version-history":[{"count":1,"href":"https:\/\/gobierno.udd.cl\/cpp\/wp-json\/wp\/v2\/posts\/4364\/revisions"}],"predecessor-version":[{"id":4366,"href":"https:\/\/gobierno.udd.cl\/cpp\/wp-json\/wp\/v2\/posts\/4364\/revisions\/4366"}],"wp:featuredmedia":[{"embeddable":true,"href":"https:\/\/gobierno.udd.cl\/cpp\/wp-json\/wp\/v2\/media\/893"}],"wp:attachment":[{"href":"https:\/\/gobierno.udd.cl\/cpp\/wp-json\/wp\/v2\/media?parent=4364"}],"wp:term":[{"taxonomy":"category","embeddable":true,"href":"https:\/\/gobierno.udd.cl\/cpp\/wp-json\/wp\/v2\/categories?post=4364"},{"taxonomy":"post_tag","embeddable":true,"href":"https:\/\/gobierno.udd.cl\/cpp\/wp-json\/wp\/v2\/tags?post=4364"}],"curies":[{"name":"wp","href":"https:\/\/api.w.org\/{rel}","templated":true}]}}