{"id":4361,"date":"2019-05-07T23:50:56","date_gmt":"2019-05-08T03:50:56","guid":{"rendered":"http:\/\/gobierno.udd.cl\/cpp\/?p=4361"},"modified":"2019-05-22T23:55:16","modified_gmt":"2019-05-23T03:55:16","slug":"carta-juan-pablo-sims-diplomacia-de-twitter-la-segunda","status":"publish","type":"post","link":"https:\/\/gobierno.udd.cl\/cpp\/noticias\/2019\/05\/07\/carta-juan-pablo-sims-diplomacia-de-twitter-la-segunda\/","title":{"rendered":"Carta: Juan Pablo Sims &#8211; Diplomacia de Twitter &#8211; La Segunda"},"content":{"rendered":"<p style=\"text-align: justify;\">Se\u00f1or Director:<\/p>\n<p style=\"text-align: justify;\">La ca\u00edda de las bolsas de valores ocurrida ayer responde a la volatilidad de los mercados como consecuencia de la guerra comercial entre EE. UU. y China. Shangh\u00e1i, Hong Kong, Shenzhen, Singapur y Nueva York fueron algunas de las bolsas golpeadas por el \u00faltimo episodio de este conflicto, gatillado, como de costumbre, por un simple tuit del Presidente Trump, quien amenaz\u00f3 a China con aumentar aranceles de 10 a 25 por ciento.<\/p>\n<p style=\"text-align: justify;\">En lo pr\u00e1ctico, estos hechos son una mal\u00edsima noticia para Chile, especialmente a la luz del paup\u00e9rrimo crecimiento alcanzado por nuestro pa\u00eds en los primeros meses del a\u00f1o. En ese sentido, si la guerra comercial perdura o se recrudece, Chile dif\u00edcilmente podr\u00e1 alcanzar los objetivos de crecimiento que ten\u00eda pronosticado para 2019, y sin importar qu\u00e9 tan buenas relaciones tengamos con estas dos grandes potencias, los chilenos sufrir\u00e1n las consecuencias.<\/p>\n<p style=\"text-align: justify;\"><strong>Juan Pablo Sims &#8211;<\/strong> Centro de Estudios Internacionales Universidad del Desarrollo<strong><br \/>\n<\/strong><\/p>\n<p style=\"text-align: justify;\"><a href=\"https:\/\/gobierno.udd.cl\/cpp\/files\/2019\/05\/2019-05-07_impresa.lasegunda.com_FD3JNGN0.jpg\"><img loading=\"lazy\" decoding=\"async\" class=\"size-medium wp-image-4362 aligncenter\" src=\"https:\/\/gobierno.udd.cl\/cpp\/files\/2019\/05\/2019-05-07_impresa.lasegunda.com_FD3JNGN0-231x300.jpg\" alt=\"\" width=\"231\" height=\"300\" srcset=\"https:\/\/gobierno.udd.cl\/cpp\/files\/2019\/05\/2019-05-07_impresa.lasegunda.com_FD3JNGN0-231x300.jpg 231w, https:\/\/gobierno.udd.cl\/cpp\/files\/2019\/05\/2019-05-07_impresa.lasegunda.com_FD3JNGN0-768x996.jpg 768w, https:\/\/gobierno.udd.cl\/cpp\/files\/2019\/05\/2019-05-07_impresa.lasegunda.com_FD3JNGN0-790x1024.jpg 790w, https:\/\/gobierno.udd.cl\/cpp\/files\/2019\/05\/2019-05-07_impresa.lasegunda.com_FD3JNGN0-740x960.jpg 740w, https:\/\/gobierno.udd.cl\/cpp\/files\/2019\/05\/2019-05-07_impresa.lasegunda.com_FD3JNGN0.jpg 1440w\" sizes=\"auto, (max-width: 231px) 100vw, 231px\" \/><\/a><\/p>\n","protected":false},"excerpt":{"rendered":"<p>Se\u00f1or Director: La ca\u00edda de las bolsas de valores ocurrida ayer responde a la volatilidad de los mercados como consecuencia de la guerra comercial entre EE. UU. y China. Shangh\u00e1i, Hong Kong, Shenzhen, Singapur y Nueva York fueron algunas de las bolsas golpeadas por el \u00faltimo episodio de este conflicto, gatillado, como de costumbre, por [&hellip;]<\/p>\n","protected":false},"author":22,"featured_media":893,"comment_status":"open","ping_status":"open","sticky":false,"template":"","format":"standard","meta":{"footnotes":""},"categories":[10162],"tags":[],"class_list":["post-4361","post","type-post","status-publish","format-standard","has-post-thumbnail","hentry","category-centro-en-la-prensa"],"featured_image_url":"https:\/\/gobierno.udd.cl\/cpp\/files\/2015\/05\/udd_cpp_prensa_340.png","_links":{"self":[{"href":"https:\/\/gobierno.udd.cl\/cpp\/wp-json\/wp\/v2\/posts\/4361","targetHints":{"allow":["GET"]}}],"collection":[{"href":"https:\/\/gobierno.udd.cl\/cpp\/wp-json\/wp\/v2\/posts"}],"about":[{"href":"https:\/\/gobierno.udd.cl\/cpp\/wp-json\/wp\/v2\/types\/post"}],"author":[{"embeddable":true,"href":"https:\/\/gobierno.udd.cl\/cpp\/wp-json\/wp\/v2\/users\/22"}],"replies":[{"embeddable":true,"href":"https:\/\/gobierno.udd.cl\/cpp\/wp-json\/wp\/v2\/comments?post=4361"}],"version-history":[{"count":1,"href":"https:\/\/gobierno.udd.cl\/cpp\/wp-json\/wp\/v2\/posts\/4361\/revisions"}],"predecessor-version":[{"id":4363,"href":"https:\/\/gobierno.udd.cl\/cpp\/wp-json\/wp\/v2\/posts\/4361\/revisions\/4363"}],"wp:featuredmedia":[{"embeddable":true,"href":"https:\/\/gobierno.udd.cl\/cpp\/wp-json\/wp\/v2\/media\/893"}],"wp:attachment":[{"href":"https:\/\/gobierno.udd.cl\/cpp\/wp-json\/wp\/v2\/media?parent=4361"}],"wp:term":[{"taxonomy":"category","embeddable":true,"href":"https:\/\/gobierno.udd.cl\/cpp\/wp-json\/wp\/v2\/categories?post=4361"},{"taxonomy":"post_tag","embeddable":true,"href":"https:\/\/gobierno.udd.cl\/cpp\/wp-json\/wp\/v2\/tags?post=4361"}],"curies":[{"name":"wp","href":"https:\/\/api.w.org\/{rel}","templated":true}]}}