{"id":4350,"date":"2019-05-12T23:32:55","date_gmt":"2019-05-13T03:32:55","guid":{"rendered":"http:\/\/gobierno.udd.cl\/cpp\/?p=4350"},"modified":"2019-06-11T09:37:38","modified_gmt":"2019-06-11T13:37:38","slug":"el-81-de-los-chilenos-cree-que-las-instituciones-estan-en-crisis-el-mercurio","status":"publish","type":"post","link":"https:\/\/gobierno.udd.cl\/cpp\/noticias\/2019\/05\/12\/el-81-de-los-chilenos-cree-que-las-instituciones-estan-en-crisis-el-mercurio\/","title":{"rendered":"El 81% de los Chilenos cree que las instituciones est\u00e1n en crisis &#8211; El Mercurio"},"content":{"rendered":"<p style=\"text-align: justify;\">Los resultados del sondeo muestran que entre m\u00e1s bajo el estrato socioecon\u00f3mico, mayor es la percepci\u00f3n de que existe una crisis en las instituciones. Y la evaluaci\u00f3n de la confianza en las instituciones de nuestro pa\u00eds siguen a la baja. El decano de la Escuela de Gobierno de la UDD asegura que solo algunos van a poder recuperar la confianza y que &#8216;de all\u00ed la importancia de liderazgos para enfrentar muchas de estas situaciones&#8217;. En tanto, Andr\u00e9s Velasco, Agust\u00edn Squella y Ernesto Silva abordan los riesgos, causas y soluciones para enfrentar esta situaci\u00f3n.<br \/>\n&#8216;Las instituciones influyen en el comportamiento y los incentivos en la vida real, forjan el \u00e9xito o el fracaso de los pa\u00edses&#8217;, as\u00ed explicaban en 2012 los autores del libro &#8216;Por qu\u00e9 fracasan los pa\u00edses&#8217; -Daron Acemoglu y James A. Robinson- la relevancia de las instituciones para el desarrollo de una naci\u00f3n. En los \u00faltimos a\u00f1os, hemos visto a las principales instituciones de nuestro pa\u00eds involucradas en esc\u00e1ndalos de probidad y transparencia.<\/p>\n<p style=\"text-align: justify;\">En 2017, a fines del \u00faltimo gobierno de la presidenta Michelle Bachelet, comenz\u00f3 la denominada &#8216;Operaci\u00f3n Hurac\u00e1n&#8217; que llev\u00f3 a cabo Carabineros y que detuvo a ocho comuneros mapuches. Luego fue el turno de las Fuerzas Armadas por el mal uso en la compra de pasajes que termin\u00f3 con la salida de m\u00e1s de 20 generales del alto mando del ej\u00e9rcito. Ocho ministros de la Corte Suprema se\u00f1alaron que tres jueces de la Corte de Apelaciones deb\u00edan ser removidos por presunto tr\u00e1fico de influencia e irregularidades en la tramitaci\u00f3n de causas. Y en las \u00faltimas semanas, el Ministerio P\u00fablico ha estado en el centro de la pol\u00e9mica por las denuncias cruzadas de los fiscales Sergio Moya y Emiliano Arias. Por su parte, los casos de abusos de poder y sexuales en la Iglesia tienen investigaciones en el Vaticano y en la Fiscal\u00eda.<\/p>\n<p style=\"text-align: justify;\">Un panorama que abord\u00f3 el destacado cientista pol\u00edtico Francis Fukuyama -autor de &#8216;El fin de la Historia y el \u00faltimo hombre&#8217;- en La Moneda. All\u00ed, el Presidente Sebasti\u00e1n Pi\u00f1era se\u00f1al\u00f3 que era necesario fortalecer las instituciones del pa\u00eds, algunas hoy fuertemente cuestionadas.<\/p>\n<p style=\"text-align: justify;\">&#8216;Cuando uno ve lo que estamos viendo hoy, el Poder Judicial, la Fiscal\u00eda, las FA.AA., el Congreso; todas las fuerzas morales, la Iglesia, todas nuestras instituciones se est\u00e1n debilitando. Cuando uno ve la calidad de la pol\u00edtica, yo recuerdo con nostalgia los a\u00f1os 90, cuando me toc\u00f3 ser senador y hab\u00eda un sentido de compromiso, de lealtad, con la causa noble y \u00faltima de la pol\u00edtica. La calidad de la pol\u00edtica yo siento que tambi\u00e9n se est\u00e1 deteriorando&#8217;.<\/p>\n<p style=\"text-align: justify;\"><strong>Iglesias y Fiscal\u00eda, las peor evaluadas<\/strong><br \/>\nLa Universidad del Desarrollo evalu\u00f3 dos tipos de percepciones. En primer lugar, pregunt\u00f3 a las personas si creen que existe una crisis en las instituciones de Chile. Un 81% respondi\u00f3 que s\u00ed, un 10% que no y un 9% se\u00f1al\u00f3 que no estaba seguro. En el sector socioecon\u00f3mico ABC1 un 73% contest\u00f3 afirmativo; en el C2, el porcentaje fue similar. Sin embargo, en el estrato C3 el n\u00famero aument\u00f3 a un 84%, igual que en el grupo socioecon\u00f3mico D-E. La otra medici\u00f3n que hizo la casa de estudio fue el nivel de confianza en las instituciones, fijando las respuestas cuando 1 es ninguna y 7, total confianza en los a\u00f1os 2008, 2018 y 2019. Los resultados dan cuenta de que el promedio de nota desde 2008 ha bajado considerablemente. Ese a\u00f1o la nota fue de un 4,2 mientras que 10 a\u00f1os despu\u00e9s dicho promedio disminuy\u00f3 a 3,6 y este a\u00f1o lleg\u00f3 a 3,4. Para el decano de la Facultad de Gobierno de la UDD, Eugenio Guzm\u00e1n, estos &#8216;bajos niveles de confianza dificultan el compromiso de los ciudadanos con el cumplimiento de normas, pues los &#8216;modelos&#8217;, es decir, quienes debieran ser sujetos de imitaci\u00f3n, no son percibidos como tales. A modo de ejemplo, la baja participaci\u00f3n electoral podr\u00eda explicarse en raz\u00f3n de esto&#8217;. Adem\u00e1s, Guzm\u00e1n se\u00f1ala que muchas personas que antes calificaban a las distintas instituciones como confiables hoy no lo hacen.<\/p>\n<p style=\"text-align: justify;\">El acad\u00e9mico a\u00f1ade que &#8216;ciertamente el que un 81% de los encuestados se\u00f1ale que s\u00ed cree que existe una crisis de las instituciones en Chile es alarmante, y viene a refrendar lo que han mostrado diversos estudios semejantes. As\u00ed, por ejemplo, en octubre de 2017 el PEW Research Center public\u00f3 un reporte acerca del grado de satisfacci\u00f3n con la democracia (Richard Wike, Katie Simmons, Bruce Stokes and Janell Fetterolf), en que un 78% de los encuestados en Chile se\u00f1alaba que no estaban satisfechos. Si bien satisfacci\u00f3n con la democracia no es lo mismo que crisis de las instituciones, lo concreto es que si la base de nuestro sistema pol\u00edtico social se sostiene en ella, y casi un 80% no se encuentra satisfecho con ella, no debiera sorprendernos que las personas tengan una evaluaci\u00f3n pesimista de las instituciones. La buena noticia es que las percepciones son susceptibles de ser cambiadas, pero ello requiere de esfuerzo y compromiso. Pero lo mas importante es que cuando las personas declaran que algo est\u00e1 en crisis o que no funciona bien no significa que no lo quieren, sino que demandan que se mejore&#8217;. En Canad\u00e1 el 30% no est\u00e1 satisfecho con el desempe\u00f1o de la democracia, en Estados Unidos el 50%, en Italia el 67%, Espa\u00f1a el 74%, Rusia el 36%, M\u00e9xico el 93%, Per\u00fa un 73% y Brasil un 67%, entre otros. La media global es de un 52%.<\/p>\n<p style=\"text-align: justify;\">Guzm\u00e1n advierte que si las personas tienen bajos niveles de confianza en una instituci\u00f3n u organizaci\u00f3n a la que acuden para resolver un problema, buscar\u00e1n otros medios para resolverlos. &#8216;Sus expectativas y esfuerzos se dirigir\u00e1n a otros mecanismos de soluci\u00f3n, por ejemplo el compadrazgo, o lo que com\u00fanmente llamamos \u2018pituto\u2019&#8217;, se\u00f1ala.<\/p>\n<p style=\"text-align: justify;\">A esto agrega: &#8216;Es altamente probable que los esc\u00e1ndalos surgidos en el \u00faltimo tiempo sean la principal explicaci\u00f3n de las ca\u00eddas y que por lo tanto se trate de un ciclo, despu\u00e9s del cual algunas de las instituciones afectadas se recuperen. Sin embargo, en algunos casos la recuperaci\u00f3n puede tomar d\u00e9cadas y otros, no llegar nunca. De all\u00ed la importancia de liderazgos para enfrentar muchas de estas situaciones&#8217;.<\/p>\n<p style=\"text-align: justify;\"><strong>Bomberos y profesores alcanzan la mayor confianza<\/strong><br \/>\nLos bomberos, sin duda, sobresalen con creces del promedio. La instituci\u00f3n obtuvo este a\u00f1o la nota 6,4, subiendo siete d\u00e9cimas respecto al a\u00f1o pasado. Los buenos niveles de confianza, pero en menor medida, tambi\u00e9n los reciben los profesores de colegios y universitarios. Los primeros tienen nota 5,1, mientras que los acad\u00e9micos alcanzaron el 5,0.<\/p>\n<p style=\"text-align: justify;\">Siguiendo con las profesiones, estas estuvieron por sobre el promedio. Los m\u00e9dicos alcanzaron un 4,9; los ecologistas, un 4,5 y los abogados, un 3,5.<\/p>\n<p style=\"text-align: justify;\"><a href=\"https:\/\/gobierno.udd.cl\/cpp\/files\/2019\/05\/2019-05-12_VB3JDDGN.jpg\"><img loading=\"lazy\" decoding=\"async\" class=\"size-medium wp-image-4348 aligncenter\" src=\"https:\/\/gobierno.udd.cl\/cpp\/files\/2019\/05\/2019-05-12_VB3JDDGN-160x300.jpg\" alt=\"\" width=\"160\" height=\"300\" srcset=\"https:\/\/gobierno.udd.cl\/cpp\/files\/2019\/05\/2019-05-12_VB3JDDGN-160x300.jpg 160w, https:\/\/gobierno.udd.cl\/cpp\/files\/2019\/05\/2019-05-12_VB3JDDGN-768x1442.jpg 768w, https:\/\/gobierno.udd.cl\/cpp\/files\/2019\/05\/2019-05-12_VB3JDDGN-545x1024.jpg 545w, https:\/\/gobierno.udd.cl\/cpp\/files\/2019\/05\/2019-05-12_VB3JDDGN-511x960.jpg 511w, https:\/\/gobierno.udd.cl\/cpp\/files\/2019\/05\/2019-05-12_VB3JDDGN.jpg 1440w\" sizes=\"auto, (max-width: 160px) 100vw, 160px\" \/><\/a><\/p>\n","protected":false},"excerpt":{"rendered":"<p>Los resultados del sondeo muestran que entre m\u00e1s bajo el estrato socioecon\u00f3mico, mayor es la percepci\u00f3n de que existe una crisis en las instituciones. Y la evaluaci\u00f3n de la confianza en las instituciones de nuestro pa\u00eds siguen a la baja. El decano de la Escuela de Gobierno de la UDD asegura que solo algunos van [&hellip;]<\/p>\n","protected":false},"author":22,"featured_media":4524,"comment_status":"open","ping_status":"open","sticky":false,"template":"","format":"standard","meta":{"footnotes":""},"categories":[10162],"tags":[],"class_list":["post-4350","post","type-post","status-publish","format-standard","has-post-thumbnail","hentry","category-centro-en-la-prensa"],"featured_image_url":"https:\/\/gobierno.udd.cl\/cpp\/files\/2019\/05\/Graficas_PoliticasPublicas-03.jpg","_links":{"self":[{"href":"https:\/\/gobierno.udd.cl\/cpp\/wp-json\/wp\/v2\/posts\/4350","targetHints":{"allow":["GET"]}}],"collection":[{"href":"https:\/\/gobierno.udd.cl\/cpp\/wp-json\/wp\/v2\/posts"}],"about":[{"href":"https:\/\/gobierno.udd.cl\/cpp\/wp-json\/wp\/v2\/types\/post"}],"author":[{"embeddable":true,"href":"https:\/\/gobierno.udd.cl\/cpp\/wp-json\/wp\/v2\/users\/22"}],"replies":[{"embeddable":true,"href":"https:\/\/gobierno.udd.cl\/cpp\/wp-json\/wp\/v2\/comments?post=4350"}],"version-history":[{"count":1,"href":"https:\/\/gobierno.udd.cl\/cpp\/wp-json\/wp\/v2\/posts\/4350\/revisions"}],"predecessor-version":[{"id":4351,"href":"https:\/\/gobierno.udd.cl\/cpp\/wp-json\/wp\/v2\/posts\/4350\/revisions\/4351"}],"wp:featuredmedia":[{"embeddable":true,"href":"https:\/\/gobierno.udd.cl\/cpp\/wp-json\/wp\/v2\/media\/4524"}],"wp:attachment":[{"href":"https:\/\/gobierno.udd.cl\/cpp\/wp-json\/wp\/v2\/media?parent=4350"}],"wp:term":[{"taxonomy":"category","embeddable":true,"href":"https:\/\/gobierno.udd.cl\/cpp\/wp-json\/wp\/v2\/categories?post=4350"},{"taxonomy":"post_tag","embeddable":true,"href":"https:\/\/gobierno.udd.cl\/cpp\/wp-json\/wp\/v2\/tags?post=4350"}],"curies":[{"name":"wp","href":"https:\/\/api.w.org\/{rel}","templated":true}]}}