{"id":4338,"date":"2019-05-12T23:14:44","date_gmt":"2019-05-13T03:14:44","guid":{"rendered":"http:\/\/gobierno.udd.cl\/cpp\/?p=4338"},"modified":"2019-05-22T23:18:59","modified_gmt":"2019-05-23T03:18:59","slug":"presidenta-de-la-udi-llama-a-la-moneda-a-reevaluar-apoyo-a-dobra-lusic-para-la-corte-suprema-el-mercurio","status":"publish","type":"post","link":"https:\/\/gobierno.udd.cl\/cpp\/noticias\/2019\/05\/12\/presidenta-de-la-udi-llama-a-la-moneda-a-reevaluar-apoyo-a-dobra-lusic-para-la-corte-suprema-el-mercurio\/","title":{"rendered":"Presidenta de la UDI llama a La Moneda a reevaluar apoyo a Dobra Lusic para la Corte Suprema &#8211; El Mercurio"},"content":{"rendered":"<p style=\"text-align: justify;\">Un desmarque de la postura oficialista anuncia la presidenta de la UDI, Jacqueline van Rysselberghe, en torno a la propuesta del Gobierno para que el Senado designe a Dobra Lusic como ministra de la Corte Suprema.<\/p>\n<p style=\"text-align: justify;\">\u201cConsiderando los nuevos antecedentes, hago un llamado al Gobierno a reevaluar su apoyo a la propuesta\u201d, afirma la senadora a \u201cEl Mercurio\u201d, al tiempo que comenta que para tomar esa decisi\u00f3n analiz\u00f3 de manera extensa y exhaustiva los antecedentes, por ejemplo, otorgados por la propia Lusic el pasado mi\u00e9rcoles en la comisi\u00f3n de Constituci\u00f3n.<\/p>\n<p style=\"text-align: justify;\">La parlamentaria, asimismo, sostiene que es \u201cfundamental\u201d que el Gobierno reeval\u00fae su apoyo a Lusic, pues, explica, \u201cuna designaci\u00f3n para un cargo de esta relevancia no debe estar manchado por acusaciones como las que han surgido en contra de Dobra Lusic\u201d.<\/p>\n<p style=\"text-align: justify;\">\u201cHe llegado a la conclusi\u00f3n personal de que su nombramiento no le hace bien al Poder Judicial ni a Chile\u201d, sostiene.Su anuncio se da luego de que el ministro de Justicia, Hern\u00e1n Larra\u00edn, afirmara, ante el nombramiento, que \u201cla decisi\u00f3n est\u00e1 en manos de los senadores\u201d.<\/p>\n<p style=\"text-align: justify;\">Tanto en la oposici\u00f3n y en el oficialismo reconocen que, luego de que se conociera un informe realizado por la fiscal Carla Troncoso, resurgieron las dudas en torno a dar luz verde al nombramiento de Lusic. Seg\u00fan dio cuenta La Tercera el viernes pasado, hubo un llamado telef\u00f3nico para favorecer la designaci\u00f3n al abogado John Campos como interino en el cargo de Notario P\u00fablico de la 5.a Notar\u00eda de San Miguel.<\/p>\n<p style=\"text-align: justify;\">Justamente se trata de un tema que se le ha cuestionado a Lusic por, supuestamente, haber realizado gestiones en favor de Campos, algo que fue respondida por la propia Lusic en el Senado. En todo caso, su explicaci\u00f3n no dej\u00f3 conforme a parte de los parlamentarios. As\u00ed lo expres\u00f3 el presidente de la comisi\u00f3n de Constituci\u00f3n, Felipe Harboe (PPD).<\/p>\n<p style=\"text-align: justify;\">Hoy, en tanto, el pleno de la Corte de Apelaciones de San Miguel podr\u00eda revisar el informe judicial de la fiscal Troncoso.<\/p>\n<p style=\"text-align: justify;\"><strong>Aprobaci\u00f3n en duda<\/strong><\/p>\n<p style=\"text-align: justify;\">Si el comit\u00e9 de la UDI (nueve senadores) se desmarca de la votaci\u00f3n para designar a Lusic, programada para el mi\u00e9rcoles en la Sala del Senado, la aprobaci\u00f3n de su nombre se complicar\u00eda a\u00fan m\u00e1s, considerando que necesita un qu\u00f3rum de dos tercios. La decisi\u00f3n, dicen en la UDI, no est\u00e1 tomada hasta que lo socialicen como bancada.<\/p>\n<p style=\"text-align: justify;\">La situaci\u00f3n, seg\u00fan comentan en Chile Vamos, ha sido abordada con el ministro Larra\u00edn. El martes pasado, de hecho, el secretario de Estado almorz\u00f3 con los senadores de la UDI y RN. All\u00ed, de acuerdo con presentes en la instancia, se le transmiti\u00f3 la preocupaci\u00f3n del sector de que, ante la divisi\u00f3n de la oposici\u00f3n para apoyar a Lusic \u2014el PPD rechazar\u00e1 su nombre\u2014, le adosen dicha carta al oficialismo.<\/p>\n<p style=\"text-align: justify;\">Desde el Ejecutivo, incluso, se ha hecho ver que Lusic es un nombre que responde a la sensibilidad de la centroizquierda. \u201cLa propuesta es del Gobierno, no ha habido ninguna reuni\u00f3n de la oposici\u00f3n en donde se propusiera su nombre o se resolviera su apoyo\u201d, afirm\u00f3 ayer el presidente del Senado, Jaime Quintana (PPD).<\/p>\n<p style=\"text-align: justify;\"><strong>\u201cCuidar instituciones\u201d<\/strong><\/p>\n<p style=\"text-align: justify;\">Con todo, la senadora Van Rysselberghe recalca que el Gobierno debe dar pie atr\u00e1s, sobre todo porque \u201cla institucionalidad del pa\u00eds est\u00e1 siendo fuertemente tensionada y cuestionada por diversas acusaciones en organismos del Estado, por ejemplo, al interior del Ministerio P\u00fablico, o la situaci\u00f3n de la justicia en Rancagua, y ahora denuncias en Contralor\u00eda por diversas irregularidades\u201d.<\/p>\n<p style=\"text-align: justify;\">Y contin\u00faa aseverando que \u201ceste es el momento para dar se\u00f1ales claras e inequ\u00edvocas de que hay que cuidar las instituciones y de que tenemos que adoptar las medidas adecuadas para evitar que estas se sigan erosionando, ya que con ello se ve afectada la democracia\u201d.<\/p>\n<p style=\"text-align: justify;\">Finalmente, la exintendenta repara en una encuesta de la Universidad del Desarrollo publicada ayer por \u201cEl Mercurio\u201d que dio cuenta de que el 81% de los chilenos piensa que las instituciones del pa\u00eds pasan por un momento complejo. \u201cNo podemos obviar este escenario y debemos redoblar los esfuerzos para que los chilenos vuelvan a valorar las principales instituciones de la Rep\u00fablica\u201d, concluye.<\/p>\n<p style=\"text-align: justify;\"><a href=\"https:\/\/gobierno.udd.cl\/cpp\/files\/2019\/05\/2019-05-13_653JL5HH.jpg\"><img loading=\"lazy\" decoding=\"async\" class=\"size-medium wp-image-4339 aligncenter\" src=\"https:\/\/gobierno.udd.cl\/cpp\/files\/2019\/05\/2019-05-13_653JL5HH-160x300.jpg\" alt=\"\" width=\"160\" height=\"300\" srcset=\"https:\/\/gobierno.udd.cl\/cpp\/files\/2019\/05\/2019-05-13_653JL5HH-160x300.jpg 160w, https:\/\/gobierno.udd.cl\/cpp\/files\/2019\/05\/2019-05-13_653JL5HH-768x1442.jpg 768w, https:\/\/gobierno.udd.cl\/cpp\/files\/2019\/05\/2019-05-13_653JL5HH-545x1024.jpg 545w, https:\/\/gobierno.udd.cl\/cpp\/files\/2019\/05\/2019-05-13_653JL5HH-511x960.jpg 511w, https:\/\/gobierno.udd.cl\/cpp\/files\/2019\/05\/2019-05-13_653JL5HH.jpg 1440w\" sizes=\"auto, (max-width: 160px) 100vw, 160px\" \/><\/a><\/p>\n","protected":false},"excerpt":{"rendered":"<p>Un desmarque de la postura oficialista anuncia la presidenta de la UDI, Jacqueline van Rysselberghe, en torno a la propuesta del Gobierno para que el Senado designe a Dobra Lusic como ministra de la Corte Suprema. \u201cConsiderando los nuevos antecedentes, hago un llamado al Gobierno a reevaluar su apoyo a la propuesta\u201d, afirma la senadora [&hellip;]<\/p>\n","protected":false},"author":22,"featured_media":893,"comment_status":"open","ping_status":"open","sticky":false,"template":"","format":"standard","meta":{"footnotes":""},"categories":[10162],"tags":[],"class_list":["post-4338","post","type-post","status-publish","format-standard","has-post-thumbnail","hentry","category-centro-en-la-prensa"],"featured_image_url":"https:\/\/gobierno.udd.cl\/cpp\/files\/2015\/05\/udd_cpp_prensa_340.png","_links":{"self":[{"href":"https:\/\/gobierno.udd.cl\/cpp\/wp-json\/wp\/v2\/posts\/4338","targetHints":{"allow":["GET"]}}],"collection":[{"href":"https:\/\/gobierno.udd.cl\/cpp\/wp-json\/wp\/v2\/posts"}],"about":[{"href":"https:\/\/gobierno.udd.cl\/cpp\/wp-json\/wp\/v2\/types\/post"}],"author":[{"embeddable":true,"href":"https:\/\/gobierno.udd.cl\/cpp\/wp-json\/wp\/v2\/users\/22"}],"replies":[{"embeddable":true,"href":"https:\/\/gobierno.udd.cl\/cpp\/wp-json\/wp\/v2\/comments?post=4338"}],"version-history":[{"count":1,"href":"https:\/\/gobierno.udd.cl\/cpp\/wp-json\/wp\/v2\/posts\/4338\/revisions"}],"predecessor-version":[{"id":4340,"href":"https:\/\/gobierno.udd.cl\/cpp\/wp-json\/wp\/v2\/posts\/4338\/revisions\/4340"}],"wp:featuredmedia":[{"embeddable":true,"href":"https:\/\/gobierno.udd.cl\/cpp\/wp-json\/wp\/v2\/media\/893"}],"wp:attachment":[{"href":"https:\/\/gobierno.udd.cl\/cpp\/wp-json\/wp\/v2\/media?parent=4338"}],"wp:term":[{"taxonomy":"category","embeddable":true,"href":"https:\/\/gobierno.udd.cl\/cpp\/wp-json\/wp\/v2\/categories?post=4338"},{"taxonomy":"post_tag","embeddable":true,"href":"https:\/\/gobierno.udd.cl\/cpp\/wp-json\/wp\/v2\/tags?post=4338"}],"curies":[{"name":"wp","href":"https:\/\/api.w.org\/{rel}","templated":true}]}}