{"id":4335,"date":"2019-05-13T22:14:31","date_gmt":"2019-05-14T02:14:31","guid":{"rendered":"http:\/\/gobierno.udd.cl\/cpp\/?p=4335"},"modified":"2019-06-11T09:18:56","modified_gmt":"2019-06-11T13:18:56","slug":"cristina-fernandez-lanzo-su-libro-con-aires-de-candidatura-mega-plus","status":"publish","type":"post","link":"https:\/\/gobierno.udd.cl\/cpp\/noticias\/2019\/05\/13\/cristina-fernandez-lanzo-su-libro-con-aires-de-candidatura-mega-plus\/","title":{"rendered":"Cristina Fern\u00e1ndez lanz\u00f3 su libro con aires de candidatura &#8211; Mega Plus"},"content":{"rendered":"<p style=\"text-align: justify;\">An\u00e1lisis del momento de Cristina Fern\u00e1ndez en Argentina, luego del lanzamiento de su libro con aires de candidatura presidencial, pese al sin n\u00famero de causas que se llevan en su contra.<\/p>\n<p><strong>Habla:\u00a0<\/strong>Gonzalo Muller, Analista Pol\u00edtico\u00a0<span class=\"highlight\">UDD<\/span>; Marcelo D\u00edaz; Diputado PS.<\/p>\n<div style=\"width: 640px;\" class=\"wp-video\"><video class=\"wp-video-shortcode\" id=\"video-4335-1\" width=\"640\" height=\"360\" preload=\"metadata\" controls=\"controls\"><source type=\"video\/mp4\" src=\"http:\/\/conectamedia.s3.amazonaws.com\/e8745b17653593404ab35a14be2c883b_manual.mp4?_=1\" \/><a href=\"http:\/\/conectamedia.s3.amazonaws.com\/e8745b17653593404ab35a14be2c883b_manual.mp4\">http:\/\/conectamedia.s3.amazonaws.com\/e8745b17653593404ab35a14be2c883b_manual.mp4<\/a><\/video><\/div>\n","protected":false},"excerpt":{"rendered":"<p>An\u00e1lisis del momento de Cristina Fern\u00e1ndez en Argentina, luego del lanzamiento de su libro con aires de candidatura presidencial, pese al sin n\u00famero de causas que se llevan en su contra. Habla:\u00a0Gonzalo Muller, Analista Pol\u00edtico\u00a0UDD; Marcelo D\u00edaz; Diputado PS. http:\/\/conectamedia.s3.amazonaws.com\/e8745b17653593404ab35a14be2c883b_manual.mp4<\/p>\n","protected":false},"author":22,"featured_media":4478,"comment_status":"open","ping_status":"open","sticky":false,"template":"","format":"standard","meta":{"footnotes":""},"categories":[10162],"tags":[],"class_list":["post-4335","post","type-post","status-publish","format-standard","has-post-thumbnail","hentry","category-centro-en-la-prensa"],"featured_image_url":"https:\/\/gobierno.udd.cl\/cpp\/files\/2019\/06\/Graficas_PoliticasPublicas-03.jpg","_links":{"self":[{"href":"https:\/\/gobierno.udd.cl\/cpp\/wp-json\/wp\/v2\/posts\/4335","targetHints":{"allow":["GET"]}}],"collection":[{"href":"https:\/\/gobierno.udd.cl\/cpp\/wp-json\/wp\/v2\/posts"}],"about":[{"href":"https:\/\/gobierno.udd.cl\/cpp\/wp-json\/wp\/v2\/types\/post"}],"author":[{"embeddable":true,"href":"https:\/\/gobierno.udd.cl\/cpp\/wp-json\/wp\/v2\/users\/22"}],"replies":[{"embeddable":true,"href":"https:\/\/gobierno.udd.cl\/cpp\/wp-json\/wp\/v2\/comments?post=4335"}],"version-history":[{"count":2,"href":"https:\/\/gobierno.udd.cl\/cpp\/wp-json\/wp\/v2\/posts\/4335\/revisions"}],"predecessor-version":[{"id":4525,"href":"https:\/\/gobierno.udd.cl\/cpp\/wp-json\/wp\/v2\/posts\/4335\/revisions\/4525"}],"wp:featuredmedia":[{"embeddable":true,"href":"https:\/\/gobierno.udd.cl\/cpp\/wp-json\/wp\/v2\/media\/4478"}],"wp:attachment":[{"href":"https:\/\/gobierno.udd.cl\/cpp\/wp-json\/wp\/v2\/media?parent=4335"}],"wp:term":[{"taxonomy":"category","embeddable":true,"href":"https:\/\/gobierno.udd.cl\/cpp\/wp-json\/wp\/v2\/categories?post=4335"},{"taxonomy":"post_tag","embeddable":true,"href":"https:\/\/gobierno.udd.cl\/cpp\/wp-json\/wp\/v2\/tags?post=4335"}],"curies":[{"name":"wp","href":"https:\/\/api.w.org\/{rel}","templated":true}]}}