{"id":4333,"date":"2019-05-12T22:12:46","date_gmt":"2019-05-13T02:12:46","guid":{"rendered":"http:\/\/gobierno.udd.cl\/cpp\/?p=4333"},"modified":"2019-05-22T22:14:04","modified_gmt":"2019-05-23T02:14:04","slug":"81-de-chilenos-cree-que-las-instituciones-estan-en-crisis-radio-biobio","status":"publish","type":"post","link":"https:\/\/gobierno.udd.cl\/cpp\/noticias\/2019\/05\/12\/81-de-chilenos-cree-que-las-instituciones-estan-en-crisis-radio-biobio\/","title":{"rendered":"81% de chilenos cree que las instituciones est\u00e1n en crisis &#8211; Radio Biob\u00edo"},"content":{"rendered":"<p style=\"text-align: justify;\">Un estudio de la\u00a0<span class=\"highlight\">Universidad<\/span>\u00a0<span class=\"highlight\">del<\/span>\u00a0<span class=\"highlight\">Desarrollo<\/span>\u00a0arroj\u00f3 que un 81% de los chilenos cree que las instituciones en el pa\u00eds est\u00e1n en crisis. Las peor evaluadas por la ciudadan\u00eda son la Iglesia, el Poder Judicial y Carabineros.<\/p>\n<p><b>Habla:<\/b>\u00a0Rodrigo Arellano, vicedecano de la Facultad de Gobierno de la\u00a0<span class=\"highlight\">UDD<\/span>; Pablo Lorenzini, diputado DC; Osvaldo Aravena, vocero de laicos de Santiago.<\/p>\n<p><b>Menci\u00f3n:<\/b>\u00a0Facultad de Gobierno de la\u00a0<span class=\"highlight\">Universidad<\/span>\u00a0<span class=\"highlight\">del<\/span>\u00a0<span class=\"highlight\">Desarrollo.<\/span><\/p>\n<audio class=\"wp-audio-shortcode\" id=\"audio-4333-1\" preload=\"none\" style=\"width: 100%;\" controls=\"controls\"><source type=\"audio\/mpeg\" src=\"http:\/\/conectamedia.s3.amazonaws.com\/a20597efd478dcd8d9f777a548ed3d97.mp3?_=1\" \/><a href=\"http:\/\/conectamedia.s3.amazonaws.com\/a20597efd478dcd8d9f777a548ed3d97.mp3\">http:\/\/conectamedia.s3.amazonaws.com\/a20597efd478dcd8d9f777a548ed3d97.mp3<\/a><\/audio>\n","protected":false},"excerpt":{"rendered":"<p>Un estudio de la\u00a0Universidad\u00a0del\u00a0Desarrollo\u00a0arroj\u00f3 que un 81% de los chilenos cree que las instituciones en el pa\u00eds est\u00e1n en crisis. Las peor evaluadas por la ciudadan\u00eda son la Iglesia, el Poder Judicial y Carabineros. Habla:\u00a0Rodrigo Arellano, vicedecano de la Facultad de Gobierno de la\u00a0UDD; Pablo Lorenzini, diputado DC; Osvaldo Aravena, vocero de laicos de Santiago. [&hellip;]<\/p>\n","protected":false},"author":22,"featured_media":893,"comment_status":"open","ping_status":"open","sticky":false,"template":"","format":"standard","meta":{"footnotes":""},"categories":[10162],"tags":[],"class_list":["post-4333","post","type-post","status-publish","format-standard","has-post-thumbnail","hentry","category-centro-en-la-prensa"],"featured_image_url":"https:\/\/gobierno.udd.cl\/cpp\/files\/2015\/05\/udd_cpp_prensa_340.png","_links":{"self":[{"href":"https:\/\/gobierno.udd.cl\/cpp\/wp-json\/wp\/v2\/posts\/4333","targetHints":{"allow":["GET"]}}],"collection":[{"href":"https:\/\/gobierno.udd.cl\/cpp\/wp-json\/wp\/v2\/posts"}],"about":[{"href":"https:\/\/gobierno.udd.cl\/cpp\/wp-json\/wp\/v2\/types\/post"}],"author":[{"embeddable":true,"href":"https:\/\/gobierno.udd.cl\/cpp\/wp-json\/wp\/v2\/users\/22"}],"replies":[{"embeddable":true,"href":"https:\/\/gobierno.udd.cl\/cpp\/wp-json\/wp\/v2\/comments?post=4333"}],"version-history":[{"count":1,"href":"https:\/\/gobierno.udd.cl\/cpp\/wp-json\/wp\/v2\/posts\/4333\/revisions"}],"predecessor-version":[{"id":4334,"href":"https:\/\/gobierno.udd.cl\/cpp\/wp-json\/wp\/v2\/posts\/4333\/revisions\/4334"}],"wp:featuredmedia":[{"embeddable":true,"href":"https:\/\/gobierno.udd.cl\/cpp\/wp-json\/wp\/v2\/media\/893"}],"wp:attachment":[{"href":"https:\/\/gobierno.udd.cl\/cpp\/wp-json\/wp\/v2\/media?parent=4333"}],"wp:term":[{"taxonomy":"category","embeddable":true,"href":"https:\/\/gobierno.udd.cl\/cpp\/wp-json\/wp\/v2\/categories?post=4333"},{"taxonomy":"post_tag","embeddable":true,"href":"https:\/\/gobierno.udd.cl\/cpp\/wp-json\/wp\/v2\/tags?post=4333"}],"curies":[{"name":"wp","href":"https:\/\/api.w.org\/{rel}","templated":true}]}}