{"id":4328,"date":"2019-05-13T22:07:41","date_gmt":"2019-05-14T02:07:41","guid":{"rendered":"http:\/\/gobierno.udd.cl\/cpp\/?p=4328"},"modified":"2019-06-11T09:20:35","modified_gmt":"2019-06-11T13:20:35","slug":"la-desconfianza-en-las-instituciones-esta-generalizada-teletrece-radio","status":"publish","type":"post","link":"https:\/\/gobierno.udd.cl\/cpp\/noticias\/2019\/05\/13\/la-desconfianza-en-las-instituciones-esta-generalizada-teletrece-radio\/","title":{"rendered":"La desconfianza en las instituciones est\u00e1 generalizada &#8211; Teletrece Radio"},"content":{"rendered":"<p style=\"text-align: justify;\">La desconfianza en las instituciones est\u00e1 generalizada, seg\u00fan estudio realizado por la\u00a0<span class=\"highlight\">Universidad<\/span><span class=\"highlight\">del<\/span>\u00a0<span class=\"highlight\">Desarrollo<\/span>. Hay una crisis en la percepci\u00f3n de la ciudadan\u00eda ante instituciones como la iglesia, las fuerzas armadas, Contralor\u00eda, Servel, Registro Civil, etc.<\/p>\n<p><b>Habla:<\/b>\u00a0Eugenio Guzm\u00e1n, Acad\u00e9mico\u00a0<span class=\"highlight\">U<\/span>\u00a0<span class=\"highlight\">del<\/span>\u00a0<span class=\"highlight\">Desarrollo.\u00a0<\/span><\/p>\n<audio class=\"wp-audio-shortcode\" id=\"audio-4328-1\" preload=\"none\" style=\"width: 100%;\" controls=\"controls\"><source type=\"audio\/mpeg\" src=\"http:\/\/conectamedia.s3.amazonaws.com\/312cad84b3e3cfdade6d296310833970.mp3?_=1\" \/><a href=\"http:\/\/conectamedia.s3.amazonaws.com\/312cad84b3e3cfdade6d296310833970.mp3\">http:\/\/conectamedia.s3.amazonaws.com\/312cad84b3e3cfdade6d296310833970.mp3<\/a><\/audio>\n<p>&nbsp;<\/p>\n","protected":false},"excerpt":{"rendered":"<p>La desconfianza en las instituciones est\u00e1 generalizada, seg\u00fan estudio realizado por la\u00a0Universidaddel\u00a0Desarrollo. Hay una crisis en la percepci\u00f3n de la ciudadan\u00eda ante instituciones como la iglesia, las fuerzas armadas, Contralor\u00eda, Servel, Registro Civil, etc. Habla:\u00a0Eugenio Guzm\u00e1n, Acad\u00e9mico\u00a0U\u00a0del\u00a0Desarrollo.\u00a0 http:\/\/conectamedia.s3.amazonaws.com\/312cad84b3e3cfdade6d296310833970.mp3 &nbsp;<\/p>\n","protected":false},"author":22,"featured_media":4478,"comment_status":"open","ping_status":"open","sticky":false,"template":"","format":"standard","meta":{"footnotes":""},"categories":[10162],"tags":[],"class_list":["post-4328","post","type-post","status-publish","format-standard","has-post-thumbnail","hentry","category-centro-en-la-prensa"],"featured_image_url":"https:\/\/gobierno.udd.cl\/cpp\/files\/2019\/06\/Graficas_PoliticasPublicas-03.jpg","_links":{"self":[{"href":"https:\/\/gobierno.udd.cl\/cpp\/wp-json\/wp\/v2\/posts\/4328","targetHints":{"allow":["GET"]}}],"collection":[{"href":"https:\/\/gobierno.udd.cl\/cpp\/wp-json\/wp\/v2\/posts"}],"about":[{"href":"https:\/\/gobierno.udd.cl\/cpp\/wp-json\/wp\/v2\/types\/post"}],"author":[{"embeddable":true,"href":"https:\/\/gobierno.udd.cl\/cpp\/wp-json\/wp\/v2\/users\/22"}],"replies":[{"embeddable":true,"href":"https:\/\/gobierno.udd.cl\/cpp\/wp-json\/wp\/v2\/comments?post=4328"}],"version-history":[{"count":3,"href":"https:\/\/gobierno.udd.cl\/cpp\/wp-json\/wp\/v2\/posts\/4328\/revisions"}],"predecessor-version":[{"id":4528,"href":"https:\/\/gobierno.udd.cl\/cpp\/wp-json\/wp\/v2\/posts\/4328\/revisions\/4528"}],"wp:featuredmedia":[{"embeddable":true,"href":"https:\/\/gobierno.udd.cl\/cpp\/wp-json\/wp\/v2\/media\/4478"}],"wp:attachment":[{"href":"https:\/\/gobierno.udd.cl\/cpp\/wp-json\/wp\/v2\/media?parent=4328"}],"wp:term":[{"taxonomy":"category","embeddable":true,"href":"https:\/\/gobierno.udd.cl\/cpp\/wp-json\/wp\/v2\/categories?post=4328"},{"taxonomy":"post_tag","embeddable":true,"href":"https:\/\/gobierno.udd.cl\/cpp\/wp-json\/wp\/v2\/tags?post=4328"}],"curies":[{"name":"wp","href":"https:\/\/api.w.org\/{rel}","templated":true}]}}