{"id":4326,"date":"2019-05-13T22:00:59","date_gmt":"2019-05-14T02:00:59","guid":{"rendered":"http:\/\/gobierno.udd.cl\/cpp\/?p=4326"},"modified":"2019-06-11T09:21:04","modified_gmt":"2019-06-11T13:21:04","slug":"entrevista-gonzalo-muller-universidad-del-desarrollo-por-credibilidad-de-instituciones-en-chile-biobio-la-radio","status":"publish","type":"post","link":"https:\/\/gobierno.udd.cl\/cpp\/noticias\/2019\/05\/13\/entrevista-gonzalo-muller-universidad-del-desarrollo-por-credibilidad-de-instituciones-en-chile-biobio-la-radio\/","title":{"rendered":"Entrevista Gonzalo M\u00fcller, Universidad del Desarrollo, por credibilidad de instituciones en Chile &#8211; Biob\u00edo La Radio"},"content":{"rendered":"<p style=\"text-align: justify;\">Un estudio realizado por la\u00a0<span class=\"highlight\">Universidad<\/span>\u00a0<span class=\"highlight\">del<\/span>\u00a0<span class=\"highlight\">Desarrollo<\/span>\u00a0arroj\u00f3 que un 81% de los chilenos cree que las instituciones en el pa\u00eds est\u00e1n en crisis. Las peor evaluadas por la ciudadan\u00eda son la Iglesia, el Poder Judicial y Carabineros.<\/p>\n<p style=\"text-align: justify;\"><b>Habla:<\/b>\u00a0Auditores; Gonzalo M\u00fcller, director del Centro de Pol\u00edticas P\u00fablicas de la Facultad de Gobierno de la\u00a0<span class=\"highlight\">Universidad<\/span>\u00a0<span class=\"highlight\">del<\/span>\u00a0<span class=\"highlight\">Desarrollo.<\/span><\/p>\n<p><b>Menci\u00f3n:<\/b>\u00a0<span class=\"highlight\">Universidad<\/span>\u00a0<span class=\"highlight\">del<\/span>\u00a0<span class=\"highlight\">Desarrollo<\/span>, Congreso, Poder judicial, bomberos de Chile, fuerzas armadas, Carabineros, Armada de Chile.<\/p>\n<div>\n<audio class=\"wp-audio-shortcode\" id=\"audio-4326-1\" preload=\"none\" style=\"width: 100%;\" controls=\"controls\"><source type=\"audio\/mpeg\" src=\"http:\/\/conectamedia.s3.amazonaws.com\/ff705a446a637470fab2c09e1e560393.mp3?_=1\" \/><a href=\"http:\/\/conectamedia.s3.amazonaws.com\/ff705a446a637470fab2c09e1e560393.mp3\">http:\/\/conectamedia.s3.amazonaws.com\/ff705a446a637470fab2c09e1e560393.mp3<\/a><\/audio>\n<\/div>\n<div><\/div>\n","protected":false},"excerpt":{"rendered":"<p>Un estudio realizado por la\u00a0Universidad\u00a0del\u00a0Desarrollo\u00a0arroj\u00f3 que un 81% de los chilenos cree que las instituciones en el pa\u00eds est\u00e1n en crisis. Las peor evaluadas por la ciudadan\u00eda son la Iglesia, el Poder Judicial y Carabineros. Habla:\u00a0Auditores; Gonzalo M\u00fcller, director del Centro de Pol\u00edticas P\u00fablicas de la Facultad de Gobierno de la\u00a0Universidad\u00a0del\u00a0Desarrollo. Menci\u00f3n:\u00a0Universidad\u00a0del\u00a0Desarrollo, Congreso, Poder judicial, [&hellip;]<\/p>\n","protected":false},"author":22,"featured_media":4478,"comment_status":"open","ping_status":"open","sticky":false,"template":"","format":"standard","meta":{"footnotes":""},"categories":[10162],"tags":[],"class_list":["post-4326","post","type-post","status-publish","format-standard","has-post-thumbnail","hentry","category-centro-en-la-prensa"],"featured_image_url":"https:\/\/gobierno.udd.cl\/cpp\/files\/2019\/06\/Graficas_PoliticasPublicas-03.jpg","_links":{"self":[{"href":"https:\/\/gobierno.udd.cl\/cpp\/wp-json\/wp\/v2\/posts\/4326","targetHints":{"allow":["GET"]}}],"collection":[{"href":"https:\/\/gobierno.udd.cl\/cpp\/wp-json\/wp\/v2\/posts"}],"about":[{"href":"https:\/\/gobierno.udd.cl\/cpp\/wp-json\/wp\/v2\/types\/post"}],"author":[{"embeddable":true,"href":"https:\/\/gobierno.udd.cl\/cpp\/wp-json\/wp\/v2\/users\/22"}],"replies":[{"embeddable":true,"href":"https:\/\/gobierno.udd.cl\/cpp\/wp-json\/wp\/v2\/comments?post=4326"}],"version-history":[{"count":2,"href":"https:\/\/gobierno.udd.cl\/cpp\/wp-json\/wp\/v2\/posts\/4326\/revisions"}],"predecessor-version":[{"id":4529,"href":"https:\/\/gobierno.udd.cl\/cpp\/wp-json\/wp\/v2\/posts\/4326\/revisions\/4529"}],"wp:featuredmedia":[{"embeddable":true,"href":"https:\/\/gobierno.udd.cl\/cpp\/wp-json\/wp\/v2\/media\/4478"}],"wp:attachment":[{"href":"https:\/\/gobierno.udd.cl\/cpp\/wp-json\/wp\/v2\/media?parent=4326"}],"wp:term":[{"taxonomy":"category","embeddable":true,"href":"https:\/\/gobierno.udd.cl\/cpp\/wp-json\/wp\/v2\/categories?post=4326"},{"taxonomy":"post_tag","embeddable":true,"href":"https:\/\/gobierno.udd.cl\/cpp\/wp-json\/wp\/v2\/tags?post=4326"}],"curies":[{"name":"wp","href":"https:\/\/api.w.org\/{rel}","templated":true}]}}