{"id":4318,"date":"2019-05-15T21:49:40","date_gmt":"2019-05-16T01:49:40","guid":{"rendered":"http:\/\/gobierno.udd.cl\/cpp\/?p=4318"},"modified":"2019-06-10T17:37:43","modified_gmt":"2019-06-10T21:37:43","slug":"los-costos-politicos-que-traeria-para-el-gobierno-y-la-oposicion-un-eventual-rechazo-de-lusic-a-la-suprema-emol","status":"publish","type":"post","link":"https:\/\/gobierno.udd.cl\/cpp\/noticias\/2019\/05\/15\/los-costos-politicos-que-traeria-para-el-gobierno-y-la-oposicion-un-eventual-rechazo-de-lusic-a-la-suprema-emol\/","title":{"rendered":"Los costos pol\u00edticos que traer\u00eda para el Gobierno y la oposici\u00f3n un eventual rechazo de Lusic a la Suprema &#8211; Emol"},"content":{"rendered":"<p style=\"text-align: justify;\">SANTIAGO.- Este mi\u00e9rcoles a las 15:30 horas, la sala del Senado determinar\u00e1 el futuro de la postulaci\u00f3n de la jueza de la Corte de Apelaciones de Santiago, Dobra Lusic, a la Corte Suprema, cuya nominaci\u00f3n ha sido cuestionada por las gestiones que habr\u00eda realizado para favorecer el nombramiento de John Campos como notario interno.<\/p>\n<p style=\"text-align: justify;\">Ese hecho, junto a una serie cr\u00edticas a algunos de sus fallos, motiv\u00f3 a los senadores del PPD a anunciar su rechazo anticipado, mientras que desde el PS y la DC anunciaron que reevaluar\u00edan su apoyo a la magistrada. Pese a ello, el Gobierno decidi\u00f3 mantener a Lusic como candidata, buscando endosar la responsabilidad a la oposici\u00f3n.<\/p>\n<p style=\"text-align: justify;\">En ese escenario, sumando la solicitud que hicieron al Ejecutivo la presidenta de la UDI, Jacqueline Van Rysselberhe, y el senador Felipe Kast (Ev\u00f3poli) para que diera pie atr\u00e1s, la elecci\u00f3n de Lusic se ve compleja. Sin embargo, no est\u00e1 claro quien asumir\u00e1 el costo pol\u00edtico del rechazo.<\/p>\n<p style=\"text-align: justify;\">Ello, considerando que en el Senado, donde la oposici\u00f3n tiene mayor\u00eda, rige un acuerdo pol\u00edtico t\u00e1cito de llenar las vacantes del m\u00e1ximo tribunal con un criterio de alternancia entre Chile Vamos y la ex Nueva Mayor\u00eda, siendo en esta oportunidad el turno de un cupo de centroizquierda, lo cual pondr\u00eda la responsabilidad en ese sector.<\/p>\n<p style=\"text-align: justify;\">Sin embargo, desde ese bloque han apuntado al Gobierno, ya que fue el propio Presidente Sebasti\u00e1n Pi\u00f1era quien tom\u00f3 la decisi\u00f3n de nominar a Lusic. A ello se sum\u00f3 el respaldo que le dio en su momento el ministro de Justicia, Hern\u00e1n Larra\u00edn, quien asegur\u00f3 que la jueza le dar\u00eda mayor equidad de g\u00e9nero al Poder Judicial.<\/p>\n<p style=\"text-align: justify;\">Ante esos antecedentes, el Decano de la Facultad de Gobierno de la\u00a0<span class=\"highlight\">Universidad<\/span>\u00a0<span class=\"highlight\">del<\/span>\u00a0<span class=\"highlight\">Desarrollo<\/span>, Eugenio Guzm\u00e1n, coment\u00f3 que \u201clo que est\u00e1 pasando con la pol\u00edtica chilena es de tensi\u00f3n. Aun cuando se lleguen a acuerdos, estos son tan costosos que al final lo \u00fanico que queda en la retina del ciudadano es simplemente ruido\u00bb.<\/p>\n<p style=\"text-align: justify;\">\u00abY cuando en la radio o la televisi\u00f3n hay ruido, la gente la apaga. La polarizaci\u00f3n de alguna manera est\u00e1 generando eso y el ciudadano com\u00fan no est\u00e1 en esa l\u00ednea (\u2026) Entonces, yo creo que el impacto es muy menor, m\u00e1s all\u00e1 de que los medios digan o los parlamentarios digan\u00bb, a\u00f1adi\u00f3.<\/p>\n<p style=\"text-align: justify;\">No obstante, Guzm\u00e1n ve que el Gobierno tiene m\u00e1s opciones de salir airoso en esta pasada. \u00abEl Gobierno tiene una carta, que es decir que los nombres los presenta la Corte Suprema. Adem\u00e1s, est\u00e1n las agrupaciones de DD.HH. que dicen que Lusic es una persona que ha fallado bien\u00bb, dice.<\/p>\n<p style=\"text-align: justify;\">\u00abHasta el momento, solo hemos visto empates que hacen ruido y no llegan a ning\u00fan t\u00e9rmino. En ese sentido, es probable que todos salgan neteados, pero quien aparece como el principal detractor de todo es la oposici\u00f3n y en el mejor de los casos para el Gobierno es empate o lograr dejar en evidencia que ellos ponen el freno\u00bb, indic\u00f3.<\/p>\n<p style=\"text-align: justify;\"><strong>El error del Gobierno<\/strong><\/p>\n<p style=\"text-align: justify;\">Una visi\u00f3n distinta plante\u00f3 el cientista pol\u00edtico y acad\u00e9mico de la Universidad de Talca, Mauricio Morales, quien advirti\u00f3 que \u00ablo que est\u00e1 haciendo el Gobierno err\u00f3neamente es presionar al Congreso para obtener la aprobaci\u00f3n de ciertos proyectos de ley y el nombramiento de la ministra sin realizar un proceso b\u00e1sico en pol\u00edtica que es negociar y la b\u00fasqueda de acuerdos\u00bb.<\/p>\n<p style=\"text-align: justify;\">\u00abEl Gobierno no le puede echar la culpa siempre a lo defensivo que es el otro equipo, que es la oposici\u00f3n (\u2026) Esto es pan para hoy y hambre para ma\u00f1ana, porque el van a salir diciendo que debido al car\u00e1cter no dialogante de la oposici\u00f3n es que no se est\u00e1 avanzando ni en la agenda legislativa ni en la composici\u00f3n de un \u00f3rgano tan importante como es la Corte Suprema\u00bb, agreg\u00f3.<\/p>\n<p style=\"text-align: justify;\">A su juicio, lo que deber\u00eda hacer el Gobierno \u00abidentificar a un magistrado que est\u00e9 limpio o que no tenga manchas pol\u00edticas que hagan arder a la oposici\u00f3n. Hoy el Gobierno est\u00e1 provocando mucho a la oposici\u00f3n, es muy f\u00e1cil salir a se\u00f1alar p\u00fablicamente que todo es culpa de la oposici\u00f3n\u00bb.<\/p>\n<p style=\"text-align: justify;\">\u00abEntonces llegamos al siguiente escenario. Si en su primer gobierno Pi\u00f1era culpaba sistem\u00e1ticamente al gobierno anterior, en el segundo est\u00e1 culpando sistem\u00e1ticamente a la oposici\u00f3n. Es decir, el Gobierno no est\u00e1 asumiendo ninguna responsabilidad y le est\u00e1 achacando la culpa a la oposici\u00f3n\u00bb, indic\u00f3.<\/p>\n<p style=\"text-align: justify;\">En esa l\u00ednea, Morales sostuvo que \u00abcuando toque dar el discurso el 1 de junio o realizar un balance de estos cuatro a\u00f1os de gobierno, la administraci\u00f3n de Pi\u00f1era ya no podr\u00e1 aludir sistem\u00e1ticamente a la oposici\u00f3n como el causante de su derrota, sino que a la poca habilidad pol\u00edtica que ha mostrado el Gobierno\u00bb.<\/p>\n<p style=\"text-align: justify;\">Finalmente, record\u00f3 que \u00abel ministro de Justicia ha se\u00f1alado que la nominaci\u00f3n de Lusic est\u00e1 basada en criterios objetivos y de alta relevancia, particularmente atendiendo a su curr\u00edculum. Sin embargo, existen varias cr\u00edticas por los votos que ha tenido la ministra a favor de las Isapres y tambi\u00e9n en relaci\u00f3n al Banco de Chile, donde se supone que estaba inhabilitada\u00bb.<\/p>\n<p style=\"text-align: justify;\">\u00abEntonces, suena muy curioso que justo cuando se est\u00e1 discutiendo el sistema de pensiones y la reforma a la salud, se est\u00e9 promoviendo el nombre de una ministra que genera pol\u00e9mica pol\u00edtica dentro de la oposici\u00f3n\u00bb, concluy\u00f3.<\/p>\n<p><a href=\"https:\/\/gobierno.udd.cl\/cpp\/files\/2019\/05\/558a118a49b63d62bc2b16dd90bdf519.jpg\"><img loading=\"lazy\" decoding=\"async\" class=\"alignnone size-medium wp-image-4319 aligncenter\" src=\"https:\/\/gobierno.udd.cl\/cpp\/files\/2019\/05\/558a118a49b63d62bc2b16dd90bdf519-58x300.jpg\" alt=\"\" width=\"58\" height=\"300\" srcset=\"https:\/\/gobierno.udd.cl\/cpp\/files\/2019\/05\/558a118a49b63d62bc2b16dd90bdf519-58x300.jpg 58w, https:\/\/gobierno.udd.cl\/cpp\/files\/2019\/05\/558a118a49b63d62bc2b16dd90bdf519-768x3975.jpg 768w, https:\/\/gobierno.udd.cl\/cpp\/files\/2019\/05\/558a118a49b63d62bc2b16dd90bdf519-198x1024.jpg 198w, https:\/\/gobierno.udd.cl\/cpp\/files\/2019\/05\/558a118a49b63d62bc2b16dd90bdf519-185x960.jpg 185w, https:\/\/gobierno.udd.cl\/cpp\/files\/2019\/05\/558a118a49b63d62bc2b16dd90bdf519.jpg 1400w\" sizes=\"auto, (max-width: 58px) 100vw, 58px\" \/><\/a><\/p>\n","protected":false},"excerpt":{"rendered":"<p>De acuerdo a los expertos, la decisi\u00f3n sobre la nominaci\u00f3n de la jueza complicar\u00e1 tanto al Ejecutivo como a la centroizquierda.<\/p>\n","protected":false},"author":22,"featured_media":4478,"comment_status":"open","ping_status":"open","sticky":false,"template":"","format":"standard","meta":{"footnotes":""},"categories":[10162],"tags":[],"class_list":["post-4318","post","type-post","status-publish","format-standard","has-post-thumbnail","hentry","category-centro-en-la-prensa"],"featured_image_url":"https:\/\/gobierno.udd.cl\/cpp\/files\/2019\/06\/Graficas_PoliticasPublicas-03.jpg","_links":{"self":[{"href":"https:\/\/gobierno.udd.cl\/cpp\/wp-json\/wp\/v2\/posts\/4318","targetHints":{"allow":["GET"]}}],"collection":[{"href":"https:\/\/gobierno.udd.cl\/cpp\/wp-json\/wp\/v2\/posts"}],"about":[{"href":"https:\/\/gobierno.udd.cl\/cpp\/wp-json\/wp\/v2\/types\/post"}],"author":[{"embeddable":true,"href":"https:\/\/gobierno.udd.cl\/cpp\/wp-json\/wp\/v2\/users\/22"}],"replies":[{"embeddable":true,"href":"https:\/\/gobierno.udd.cl\/cpp\/wp-json\/wp\/v2\/comments?post=4318"}],"version-history":[{"count":2,"href":"https:\/\/gobierno.udd.cl\/cpp\/wp-json\/wp\/v2\/posts\/4318\/revisions"}],"predecessor-version":[{"id":4321,"href":"https:\/\/gobierno.udd.cl\/cpp\/wp-json\/wp\/v2\/posts\/4318\/revisions\/4321"}],"wp:featuredmedia":[{"embeddable":true,"href":"https:\/\/gobierno.udd.cl\/cpp\/wp-json\/wp\/v2\/media\/4478"}],"wp:attachment":[{"href":"https:\/\/gobierno.udd.cl\/cpp\/wp-json\/wp\/v2\/media?parent=4318"}],"wp:term":[{"taxonomy":"category","embeddable":true,"href":"https:\/\/gobierno.udd.cl\/cpp\/wp-json\/wp\/v2\/categories?post=4318"},{"taxonomy":"post_tag","embeddable":true,"href":"https:\/\/gobierno.udd.cl\/cpp\/wp-json\/wp\/v2\/tags?post=4318"}],"curies":[{"name":"wp","href":"https:\/\/api.w.org\/{rel}","templated":true}]}}