{"id":431,"date":"2014-03-17T18:00:52","date_gmt":"2014-03-17T21:00:52","guid":{"rendered":"http:\/\/gobierno.udd.cl\/ceipp\/?p=431"},"modified":"2014-12-20T18:06:26","modified_gmt":"2014-12-20T21:06:26","slug":"gobernar-para-las-clases-medias-por-eugeno-guzman","status":"publish","type":"post","link":"https:\/\/gobierno.udd.cl\/cpp\/noticias\/2014\/03\/17\/gobernar-para-las-clases-medias-por-eugeno-guzman\/","title":{"rendered":"\u00abGobernar para las clases medias\u00bb por Eugeno Guzm\u00e1n"},"content":{"rendered":"<p style=\"text-align: justify;\">La metamorfosis de la Concertaci\u00f3n en Nueva Mayor\u00eda se la ha visto principalmente como un giro hacia la izquierda, que consistir\u00eda en la incorporaci\u00f3n definitiva del Partido Comunista. Dicha incorporaci\u00f3n, sin embargo, no es el \u00fanico factor. Por lo pronto, desde un punto de vista electoral, desde hac\u00eda tiempo, a trav\u00e9s de acuerdos informales por la v\u00eda de los hechos, la adhesi\u00f3n de \u00e9ste en las urnas se hab\u00eda expresado en diversas oportunidades. As\u00ed, desde la presidencial de 1999 esto fue claro y se concret\u00f3 paulatinamente en las elecciones posteriores.<\/p>\n<p style=\"text-align: justify;\">Existe otro factor que es m\u00e1s complejo de identificar y administrar, y tiene que ver con los sectores a los que quiere dirigir un discurso, a saber: las clases medias. El giro program\u00e1tico as\u00ed lo insin\u00faa. De hecho, si observamos una de las principales demandas que generaron las movilizaciones en el gobierno de Pi\u00f1era, las de educaci\u00f3n, no hac\u00edan otra cosa que reflejar los problemas que enfrentan los sectores medios. En efecto, desde 1990 a la fecha m\u00e1s de un 30% de las familias chilenas dejaron la pobreza y comenzaron a acceder a bienes y servicios que antes no ten\u00edan, entre ellos la educaci\u00f3n subvencionada particular (con y sin financiamiento compartido) y la educaci\u00f3n superior (m\u00e1s del 60% de los estudiantes que ingresan al sistema universitario sus padres no provienen de \u00e9l, seg\u00fan Jorge Castillo y Gonzalo Cabezas).<\/p>\n<p style=\"text-align: justify;\">Pero estos sectores sociales anidan en su interior una contradicci\u00f3n; por una parte, desde un punto de vista econ\u00f3mico-social son heterog\u00e9neos, pero desde un punto de vista pol\u00edtico-cultural, son homog\u00e9neos, lo que se expresa en su impaciencia y en que son herederos de una tradici\u00f3n que le asigna un rol central al Estado.<\/p>\n<p style=\"text-align: justify;\">En lo econ\u00f3mico-social su heterogeneidad se manifiesta de muchas formas, pero tal vez la m\u00e1s clara es que en muchos casos su ascenso social no ha estado caracterizado por mayores niveles de seguridad econ\u00f3mica. De hecho, cualquier evento cr\u00edtico (desempleo o enfermedad) hace tambalear sus finanzas. Hay otros grupos que, aunque exhiben mayor seguridad econ\u00f3mica y sienten que los eventos cr\u00edticos no los amenazan con devolverlos a la pobreza, s\u00ed se ven privados de los beneficios de la sociedad de consumo. Por \u00faltimo, est\u00e1n tambi\u00e9n quienes teniendo aun mayor seguridad, consideran como eventos cr\u00edticos lo que tiene que ver con el acceso a determinados bienes.<\/p>\n<p style=\"text-align: justify;\">Desde un punto de vista pol\u00edtico-cultural, se trata de sectores que han construido su identidad de manera mixta, es decir, fueron los receptores de una red social organizada desde el Estado que les permit\u00eda, en algunos casos, acceder a la vivienda, la salud y la educaci\u00f3n, entre otros. Pero, por otra parte, el acceso a un sinn\u00famero de otros bienes ha sido el resultado de su propio esfuerzo. Claro est\u00e1 que para sostenerlo requieren eximirse de la carga que sus hijos y ellos mismos enfrentan para gozar de educaci\u00f3n privada, acceso a la universidad, isapres, autom\u00f3vil, etc. Esto da lugar a una identidad que exige m\u00e1s Estado en algunos casos y menos en otra.<\/p>\n<p style=\"text-align: justify;\">Algunos desean la gratuidad en educaci\u00f3n superior, pero al mismo tiempo quieren que los impuestos espec\u00edficos a los combustibles disminuyan y quieren carreteras gratis, pues se les dice que sus impuestos las financian. Y muchos preferir\u00edan no hacer aportes al colegio subvencionado de sus hijos; sin embargo, quieren seguir gozando de la exclusividad del colegio en que estudian. Algo similar ocurre en salud.<\/p>\n<p style=\"text-align: justify;\">En resumen, se trata de sectores que integran en su visi\u00f3n de la realidad la inmediatez, propia de una historia de esfuerzos personales de acceso al consumo, pero tambi\u00e9n de cierto asistencialismo heredado de sus historias de vida. Por primera vez hoy son contribuyentes y por lo tanto exigen m\u00e1s. Son menos ideol\u00f3gicos y m\u00e1s heterog\u00e9neos en sus demandas, y gobernar para ellos es mucho m\u00e1s caro de lo que era para los sectores m\u00e1s populares.<\/p>\n<p style=\"text-align: justify;\">Fuente: Diario La Segunda.<\/p>\n","protected":false},"excerpt":{"rendered":"<p>La metamorfosis de la Concertaci\u00f3n en Nueva Mayor\u00eda se la ha visto principalmente como un giro hacia la izquierda, que consistir\u00eda en la incorporaci\u00f3n definitiva del Partido Comunista. Dicha incorporaci\u00f3n, sin embargo, no es el \u00fanico factor. Por lo pronto, desde un punto de vista electoral, desde hac\u00eda tiempo, a trav\u00e9s de acuerdos informales por [&hellip;]<\/p>\n","protected":false},"author":22,"featured_media":417,"comment_status":"open","ping_status":"open","sticky":false,"template":"","format":"standard","meta":{"footnotes":""},"categories":[5095],"tags":[],"class_list":["post-431","post","type-post","status-publish","format-standard","has-post-thumbnail","hentry","category-columnas-de-opinion"],"featured_image_url":"https:\/\/gobierno.udd.cl\/cpp\/files\/2014\/12\/EUGENIO2.png","_links":{"self":[{"href":"https:\/\/gobierno.udd.cl\/cpp\/wp-json\/wp\/v2\/posts\/431","targetHints":{"allow":["GET"]}}],"collection":[{"href":"https:\/\/gobierno.udd.cl\/cpp\/wp-json\/wp\/v2\/posts"}],"about":[{"href":"https:\/\/gobierno.udd.cl\/cpp\/wp-json\/wp\/v2\/types\/post"}],"author":[{"embeddable":true,"href":"https:\/\/gobierno.udd.cl\/cpp\/wp-json\/wp\/v2\/users\/22"}],"replies":[{"embeddable":true,"href":"https:\/\/gobierno.udd.cl\/cpp\/wp-json\/wp\/v2\/comments?post=431"}],"version-history":[{"count":1,"href":"https:\/\/gobierno.udd.cl\/cpp\/wp-json\/wp\/v2\/posts\/431\/revisions"}],"predecessor-version":[{"id":432,"href":"https:\/\/gobierno.udd.cl\/cpp\/wp-json\/wp\/v2\/posts\/431\/revisions\/432"}],"wp:featuredmedia":[{"embeddable":true,"href":"https:\/\/gobierno.udd.cl\/cpp\/wp-json\/wp\/v2\/media\/417"}],"wp:attachment":[{"href":"https:\/\/gobierno.udd.cl\/cpp\/wp-json\/wp\/v2\/media?parent=431"}],"wp:term":[{"taxonomy":"category","embeddable":true,"href":"https:\/\/gobierno.udd.cl\/cpp\/wp-json\/wp\/v2\/categories?post=431"},{"taxonomy":"post_tag","embeddable":true,"href":"https:\/\/gobierno.udd.cl\/cpp\/wp-json\/wp\/v2\/tags?post=431"}],"curies":[{"name":"wp","href":"https:\/\/api.w.org\/{rel}","templated":true}]}}