{"id":4307,"date":"2019-05-20T21:29:20","date_gmt":"2019-05-21T01:29:20","guid":{"rendered":"http:\/\/gobierno.udd.cl\/cpp\/?p=4307"},"modified":"2019-06-10T17:29:57","modified_gmt":"2019-06-10T21:29:57","slug":"apoyo-transversal-a-insulza-por-criticas-a-uso-de-redes-sociales-tienen-mas-poder-que-ninguna-institucion-en-el-mundo-dialogo-sur","status":"publish","type":"post","link":"https:\/\/gobierno.udd.cl\/cpp\/noticias\/2019\/05\/20\/apoyo-transversal-a-insulza-por-criticas-a-uso-de-redes-sociales-tienen-mas-poder-que-ninguna-institucion-en-el-mundo-dialogo-sur\/","title":{"rendered":"Apoyo transversal a Insulza por cr\u00edticas a uso de redes sociales: \u00abTienen m\u00e1s poder que ninguna instituci\u00f3n en el mundo\u00bb &#8211; Di\u00e1logo Sur"},"content":{"rendered":"<p style=\"text-align: justify;\">Santiago. 20 mayo 2019.\u00a0 \u00a0El actual senador del PS, Jos\u00e9 Miguel Insulza hizo un an\u00e1lisis de la responsabilidad de un nuevo \u00abpoder f\u00e1ctico\u00bb de las redes sociales en la supuesta crisis institucional que vive Chile en la actualidad y lo compar\u00f3 con su propia experiencia en el Gobierno de Ricardo Lagos en la crisis de 2003.<\/p>\n<p style=\"text-align: justify;\">Lo anterior, a ra\u00edz de la encuesta elaborada por la\u00a0<span class=\"highlight\">Universidad<\/span>\u00a0<span class=\"highlight\">del<\/span>\u00a0<span class=\"highlight\">Desarrollo<\/span>, en la que se dice que el 81% de los chilenos cree que las instituciones est\u00e1n en crisis. \u00abLas redes sociales son un claro poder f\u00e1ctico. Estoy hablando de los que manipulan, los que pagan a firmas que meten mensajes en Twitter, en Facebook y todo lo dem\u00e1s.<\/p>\n<p style=\"text-align: justify;\">Esos son cada vez m\u00e1s poderosos. Los nuevos poderes f\u00e1cticos y las mentiras complican, pero por sobre todo complica la falta de capacidad de los pol\u00edticos para hacer su pega bien\u00bb, manifest\u00f3 a Emol el ex secretario general de la OEA.<\/p>\n<p style=\"text-align: justify;\">Tras esto, senadores de diferentes sectores pol\u00edticos debatieron acerca de la opini\u00f3n del ex ministro respecto a la responsabilidad que tienen las redes en la crisis de las instituciones y el uso que le dan los parlamentarios a estas.<\/p>\n<p style=\"text-align: justify;\">Apoyo al planteamiento Para el senador PPD Guido Girardi la postura de Insulza es certera y da un \u00abanticipo\u00bb a lo que se vivir\u00e1 en pol\u00edtica a futuro. \u00abLo que dice Jos\u00e9 Miguel, en cierta manera, es que en el mundo entero no solo en Chile la pol\u00edtica es irrelevante porque las decisiones ya no la est\u00e1n tomando los Estados nacionales, sino que hoy en d\u00eda estas plataformas son m\u00e1s poderosas que los Estados nacionales\u00bb, apunt\u00f3.<\/p>\n<p style=\"text-align: justify;\">Lo planteado por el ex ministro es \u00abcomo la punta del iceberg del tema, pero esto es mucho m\u00e1s complejo, estas nuevas plataformas privatizaron internet (&#8230;), se apropiaron de los datos de todos los seres humanos y por lo tanto tienen m\u00e1s poder pol\u00edtico y econ\u00f3mico que ninguna instituci\u00f3n en el mundo.<\/p>\n<p style=\"text-align: justify;\">Nunca el poder hab\u00eda estado concentrado en tan pocas manos\u00bb, agreg\u00f3 el parlamentario a Emol. Para Girardi, las redes sociales y su sistema de inmediatez tienen muchas cosas positivas, pero su efecto negativo es que \u00abno permite la reflexi\u00f3n y generan reacci\u00f3n\u00bb.<\/p>\n<p style=\"text-align: justify;\">\u00abSi no tomamos atenci\u00f3n y la pol\u00edtica sigue siendo irrelevante y no entiende el mundo que viene, finalmente van a ser las plataformas o los populismos los que van a reemplazar a la pol\u00edtica\u00bb, finaliz\u00f3. Asimismo, el senador independiente Alejandro Guillier respalda la postura del ex secretario general de la OEA sobre el impacto que generan las redes sociales.<\/p>\n<p style=\"text-align: justify;\">\u00abHoy se est\u00e1 respondiendo demasiado a las redes sociales, que de hecho muchas veces ni siquiera son representativas de lo que la ciudadan\u00eda piensa, y la responsabilidad de los liderazgos pol\u00edticos no es solamente representar a la ciudadan\u00eda, sino que adem\u00e1s liderar los temas para la ciudadan\u00eda\u00bb Ena Von Baer, senadora UDI \u00abTenemos que buscar una soluci\u00f3n porque este es un problema que en todo occidente se est\u00e1 debatiendo pero nadie atina la f\u00f3rmula. El problema est\u00e1 y en eso tiene raz\u00f3n Insulza. (\u2026) La democracia del me gusta, no me gusta.<\/p>\n<p style=\"text-align: justify;\">Falta levantar el dedo y ya. Y la frase corta. Si t\u00fa redactas textos muy largos no los leen. Solamente leen el encabezado. Hay una p\u00e9rdida de la tradici\u00f3n m\u00e1s racional reflexiva de las cosas. Yo por lo menos tengo como filosof\u00eda como parlamentario, estudiar los temas y opinar los temas despu\u00e9s de haberme formado convicci\u00f3n\u00bb, detall\u00f3.<\/p>\n<p style=\"text-align: justify;\">Para el ex candidato presidencial, lo principal es recuperar la \u00abracionalidad\u00bb, \u00abla capacidad de di\u00e1logo racional entre personas que se reconocen a s\u00ed mismas como dotados de dignidad y derechos y por lo tanto se unan a buscar soluciones a los problemas, pero para eso hay que escuchar a todos\u00bb.<\/p>\n<p style=\"text-align: justify;\">La senadora UDI Ena Von Baer tambi\u00e9n est\u00e1 \u00abde acuerdo\u00bb con el punto de vista de Insulza. \u00abCreo que hoy se est\u00e1 respondiendo demasiado a las redes sociales, que de hecho muchas veces ni siquiera son representativas de lo que la ciudadan\u00eda piensa, y la responsabilidad de los liderazgos pol\u00edticos no es solamente representar a la ciudadan\u00eda, sino que adem\u00e1s liderar los temas para la ciudadan\u00eda.<\/p>\n<p style=\"text-align: justify;\">La gracia de la democracia representativa es que los parlamentarios, los senadores, tenemos informaci\u00f3n adicional y, por lo tanto, tenemos que transmitirla tambi\u00e9n a la ciudadan\u00eda y tomar decisiones a veces incluso en contra de lo que dicen las redes sociales porque llegamos a la convicci\u00f3n de que es lo mejor para el pa\u00eds, y eso significa tambi\u00e9n liderar las opiniones en la ciudadan\u00eda\u00bb, enfatiz\u00f3 a Emol la ex ministra muy en la l\u00ednea de lo manifestado por Insulza.<\/p>\n<p style=\"text-align: justify;\">Para la parlamentaria los \u00abgrupos peque\u00f1os que generan, con poca informaci\u00f3n, opiniones dentro de las redes sociales solo tienen poder si es que los liderazgos pol\u00edticos no est\u00e1n dispuestos a ir en contra de esas opiniones en la redes sociales, que muchas veces representan a un minor\u00eda y que tienen su efecto porque la ciudadan\u00eda se queda con el Twitter y nosotros (los pol\u00edticos) no somos capaces de poner la informaci\u00f3n real en la opini\u00f3n p\u00fablica\u00bb.<\/p>\n<p style=\"text-align: justify;\">En contra Por otro lado, para el senador RN Francisco Chahu\u00e1n, el esbozo del problema que ve el ex ministro deber\u00eda ser desde la otra vereda. \u00abYo no comparto en absoluto c\u00f3mo Jos\u00e9 Miguel Insulza plantea el problema, es completamente al rev\u00e9s, es c\u00f3mo nos hacemos cargo para que no hayan brechas digitales, para que, en definitiva, el acceso y la democratizaci\u00f3n de la informaci\u00f3n llegue a todos y cada uno de los sectores, y c\u00f3mo las autoridades p\u00fablicas sean capaces de informar adecuadamente de los alcances de las decisiones que se toman\u00bb, explic\u00f3.<\/p>\n<p style=\"text-align: justify;\">Seg\u00fan el parlamentario, hacer pol\u00edtica como se hac\u00eda antes es muy distinto a los \u00abritmos\u00bb de hoy. \u00abYo dir\u00eda que la responsabilidad (de la crisis de las instituciones) es de las propias autoridades pol\u00edticas o administrativas que no han sabido ocupar las propias redes para informar adecuadamente el alcance de sus decisiones\u00bb, recalc\u00f3 el parlamentario.<\/p>\n<p><a href=\"https:\/\/gobierno.udd.cl\/cpp\/files\/2019\/05\/5d226ae603827a7795c2d39ea9e6a130.jpg\"><img loading=\"lazy\" decoding=\"async\" class=\"alignnone size-medium wp-image-4308 aligncenter\" src=\"https:\/\/gobierno.udd.cl\/cpp\/files\/2019\/05\/5d226ae603827a7795c2d39ea9e6a130-166x300.jpg\" alt=\"\" width=\"166\" height=\"300\" srcset=\"https:\/\/gobierno.udd.cl\/cpp\/files\/2019\/05\/5d226ae603827a7795c2d39ea9e6a130-166x300.jpg 166w, https:\/\/gobierno.udd.cl\/cpp\/files\/2019\/05\/5d226ae603827a7795c2d39ea9e6a130-768x1388.jpg 768w, https:\/\/gobierno.udd.cl\/cpp\/files\/2019\/05\/5d226ae603827a7795c2d39ea9e6a130-567x1024.jpg 567w, https:\/\/gobierno.udd.cl\/cpp\/files\/2019\/05\/5d226ae603827a7795c2d39ea9e6a130-531x960.jpg 531w, https:\/\/gobierno.udd.cl\/cpp\/files\/2019\/05\/5d226ae603827a7795c2d39ea9e6a130.jpg 1400w\" sizes=\"auto, (max-width: 166px) 100vw, 166px\" \/><\/a><\/p>\n","protected":false},"excerpt":{"rendered":"<p>Santiago. 20 mayo 2019.\u00a0 \u00a0El actual senador del PS, Jos\u00e9 Miguel Insulza hizo un an\u00e1lisis de la responsabilidad de un nuevo \u00abpoder f\u00e1ctico\u00bb de las redes sociales en la supuesta crisis institucional que vive Chile en la actualidad y lo compar\u00f3 con su propia experiencia en el Gobierno de Ricardo Lagos en la crisis de [&hellip;]<\/p>\n","protected":false},"author":22,"featured_media":4478,"comment_status":"open","ping_status":"open","sticky":false,"template":"","format":"standard","meta":{"footnotes":""},"categories":[10162],"tags":[],"class_list":["post-4307","post","type-post","status-publish","format-standard","has-post-thumbnail","hentry","category-centro-en-la-prensa"],"featured_image_url":"https:\/\/gobierno.udd.cl\/cpp\/files\/2019\/06\/Graficas_PoliticasPublicas-03.jpg","_links":{"self":[{"href":"https:\/\/gobierno.udd.cl\/cpp\/wp-json\/wp\/v2\/posts\/4307","targetHints":{"allow":["GET"]}}],"collection":[{"href":"https:\/\/gobierno.udd.cl\/cpp\/wp-json\/wp\/v2\/posts"}],"about":[{"href":"https:\/\/gobierno.udd.cl\/cpp\/wp-json\/wp\/v2\/types\/post"}],"author":[{"embeddable":true,"href":"https:\/\/gobierno.udd.cl\/cpp\/wp-json\/wp\/v2\/users\/22"}],"replies":[{"embeddable":true,"href":"https:\/\/gobierno.udd.cl\/cpp\/wp-json\/wp\/v2\/comments?post=4307"}],"version-history":[{"count":2,"href":"https:\/\/gobierno.udd.cl\/cpp\/wp-json\/wp\/v2\/posts\/4307\/revisions"}],"predecessor-version":[{"id":4310,"href":"https:\/\/gobierno.udd.cl\/cpp\/wp-json\/wp\/v2\/posts\/4307\/revisions\/4310"}],"wp:featuredmedia":[{"embeddable":true,"href":"https:\/\/gobierno.udd.cl\/cpp\/wp-json\/wp\/v2\/media\/4478"}],"wp:attachment":[{"href":"https:\/\/gobierno.udd.cl\/cpp\/wp-json\/wp\/v2\/media?parent=4307"}],"wp:term":[{"taxonomy":"category","embeddable":true,"href":"https:\/\/gobierno.udd.cl\/cpp\/wp-json\/wp\/v2\/categories?post=4307"},{"taxonomy":"post_tag","embeddable":true,"href":"https:\/\/gobierno.udd.cl\/cpp\/wp-json\/wp\/v2\/tags?post=4307"}],"curies":[{"name":"wp","href":"https:\/\/api.w.org\/{rel}","templated":true}]}}