{"id":4302,"date":"2019-05-13T21:25:17","date_gmt":"2019-05-14T01:25:17","guid":{"rendered":"http:\/\/gobierno.udd.cl\/cpp\/?p=4302"},"modified":"2019-06-11T09:25:23","modified_gmt":"2019-06-11T13:25:23","slug":"confianza-en-las-instituciones-la-segunda","status":"publish","type":"post","link":"https:\/\/gobierno.udd.cl\/cpp\/noticias\/2019\/05\/13\/confianza-en-las-instituciones-la-segunda\/","title":{"rendered":"Confianza en las instituciones &#8211; La Segunda"},"content":{"rendered":"<p><strong>Eugenio Guzm\u00e1n A.\u00a0<\/strong><\/p>\n<p style=\"text-align: justify;\">Bajos niveles de confianza en las instituciones y en actores sociales clave nunca han sido una buena noticia para una sociedad ni para un sistema democr\u00e1tico. Pero cuando estos han ido disminuyendo de manera significativa a lo largo del tiempo, s\u00ed es hora de preocuparse.<\/p>\n<p style=\"text-align: justify;\">Hace casi un siglo atr\u00e1s, el soci\u00f3logo W. Thomas sosten\u00eda: \u201cSi las personas definen las situaciones como reales, estas son reales en sus consecuencias\u201d. Es decir, si las personas act\u00faan en concordancia con lo que perciben o creen como real, aun cuando no lo sea, su conducta se ajustar\u00e1 a esa creencia, y por lo tanto las consecuencias de sus acciones terminar\u00e1n si\u00e9ndolo. Ejemplo de ello lo encontramos en el comportamiento relativo a los precios de los bienes: si creemos que subir\u00e1n anticiparemos consumo y, con ello, afectaremos finalmente su precio (como el d\u00f3lar despu\u00e9s de los tuits de Mr. Trump).<\/p>\n<p style=\"text-align: justify;\">Efectos problem\u00e1ticos de la baja confianza son la escasa disposici\u00f3n a cooperar y el compromiso con las normas. Cuando preguntamos, en la encuesta\u00a0<span class=\"highlight\">UDD<\/span>, por el grado de confianza en actores institucionales clave, los resultados no son alentadores. En una escala de 1 (nada) a 7 (total), el promedio hace una d\u00e9cada (2008) era de 4,2 en la Regi\u00f3n Metropolitana. En 2018 disminuy\u00f3 a 3,6, y este a\u00f1o llega a 3,4. Ciertamente hay excepciones, con valores que fluct\u00faan entre 4,8 y 5: profesores universitarios y de colegios m\u00e9dicos y, por cierto, nuestros Bomberos (6,2).<\/p>\n<p style=\"text-align: justify;\">\u00bfQu\u00e9 hay del resto? Pastores y sacerdotes 1,9. Partidos pol\u00edticos, 2,6. Fiscales y jueces, 2,8 y 2,9, respectivamente. Y as\u00ed sucesivamente, senadores, diputados, empresarios, TV, notarios, no superan el 3.<\/p>\n<p style=\"text-align: justify;\">Esta ca\u00edda, aunque tambi\u00e9n la observamos en otros pa\u00edses, es mayor en Chile. Dos fuentes al respecto: la Encuesta Mundial de Valores, en el per\u00edodo 1994-2014 (no contamos a\u00fan con nueva informaci\u00f3n), y el Bar\u00f3metro de las Am\u00e9ricas\/Lapop en el per\u00edodo 2006-2014. \u00bfSignifica que estamos peor? En algunos casos s\u00ed, y en otros pareciera que nos acercamos al resto de los pa\u00edses.<\/p>\n<p style=\"text-align: justify;\">\u00bfEnfrentamos una crisis de las instituciones? La gran mayor\u00eda piensa que s\u00ed (81%). Ello refleja, en cierta medida, que el p\u00fablico es m\u00e1s esc\u00e9ptico, que tenemos m\u00e1s medios de informaci\u00f3n y m\u00e1s educaci\u00f3n y que dependemos menos de actores tradicionales.<\/p>\n<p style=\"text-align: justify;\">Pero el escepticismo se refuerza con los \u201ccrit\u00edcalo todo\u201d que no proponen soluciones. El peligro es que, por muy esc\u00e9ptico que sea el p\u00fablico, en estos contextos la demanda puede catalizarse a trav\u00e9s de liderazgos populistas que no se sustentan en la cooperaci\u00f3n, sino que en la cr\u00edtica y la interpelaci\u00f3n directa al sujeto \u201cpueblo\u201d (o \u201cpa\u00eds\u201d, etc.), sin mediaci\u00f3n de las instituciones ni el inter\u00e9s por mejorarlas. Cuando las personas declaran que algo est\u00e1 en crisis o que no funciona, no significa que no lo quieren, sino que demandan que mejore.<\/p>\n<p><a href=\"https:\/\/gobierno.udd.cl\/cpp\/files\/2019\/05\/2019-05-13_impresa.lasegunda.com_Q73JQ4QL.jpg\"><img loading=\"lazy\" decoding=\"async\" class=\"size-medium wp-image-4304 aligncenter\" src=\"https:\/\/gobierno.udd.cl\/cpp\/files\/2019\/05\/2019-05-13_impresa.lasegunda.com_Q73JQ4QL-231x300.jpg\" alt=\"\" width=\"231\" height=\"300\" srcset=\"https:\/\/gobierno.udd.cl\/cpp\/files\/2019\/05\/2019-05-13_impresa.lasegunda.com_Q73JQ4QL-231x300.jpg 231w, https:\/\/gobierno.udd.cl\/cpp\/files\/2019\/05\/2019-05-13_impresa.lasegunda.com_Q73JQ4QL-768x996.jpg 768w, https:\/\/gobierno.udd.cl\/cpp\/files\/2019\/05\/2019-05-13_impresa.lasegunda.com_Q73JQ4QL-790x1024.jpg 790w, https:\/\/gobierno.udd.cl\/cpp\/files\/2019\/05\/2019-05-13_impresa.lasegunda.com_Q73JQ4QL-740x960.jpg 740w, https:\/\/gobierno.udd.cl\/cpp\/files\/2019\/05\/2019-05-13_impresa.lasegunda.com_Q73JQ4QL.jpg 1440w\" sizes=\"auto, (max-width: 231px) 100vw, 231px\" \/><\/a><\/p>\n","protected":false},"excerpt":{"rendered":"<p>Eugenio Guzm\u00e1n A.\u00a0 Bajos niveles de confianza en las instituciones y en actores sociales clave nunca han sido una buena noticia para una sociedad ni para un sistema democr\u00e1tico. Pero cuando estos han ido disminuyendo de manera significativa a lo largo del tiempo, s\u00ed es hora de preocuparse. Hace casi un siglo atr\u00e1s, el soci\u00f3logo [&hellip;]<\/p>\n","protected":false},"author":22,"featured_media":4478,"comment_status":"open","ping_status":"open","sticky":false,"template":"","format":"standard","meta":{"footnotes":""},"categories":[10162],"tags":[],"class_list":["post-4302","post","type-post","status-publish","format-standard","has-post-thumbnail","hentry","category-centro-en-la-prensa"],"featured_image_url":"https:\/\/gobierno.udd.cl\/cpp\/files\/2019\/06\/Graficas_PoliticasPublicas-03.jpg","_links":{"self":[{"href":"https:\/\/gobierno.udd.cl\/cpp\/wp-json\/wp\/v2\/posts\/4302","targetHints":{"allow":["GET"]}}],"collection":[{"href":"https:\/\/gobierno.udd.cl\/cpp\/wp-json\/wp\/v2\/posts"}],"about":[{"href":"https:\/\/gobierno.udd.cl\/cpp\/wp-json\/wp\/v2\/types\/post"}],"author":[{"embeddable":true,"href":"https:\/\/gobierno.udd.cl\/cpp\/wp-json\/wp\/v2\/users\/22"}],"replies":[{"embeddable":true,"href":"https:\/\/gobierno.udd.cl\/cpp\/wp-json\/wp\/v2\/comments?post=4302"}],"version-history":[{"count":2,"href":"https:\/\/gobierno.udd.cl\/cpp\/wp-json\/wp\/v2\/posts\/4302\/revisions"}],"predecessor-version":[{"id":4306,"href":"https:\/\/gobierno.udd.cl\/cpp\/wp-json\/wp\/v2\/posts\/4302\/revisions\/4306"}],"wp:featuredmedia":[{"embeddable":true,"href":"https:\/\/gobierno.udd.cl\/cpp\/wp-json\/wp\/v2\/media\/4478"}],"wp:attachment":[{"href":"https:\/\/gobierno.udd.cl\/cpp\/wp-json\/wp\/v2\/media?parent=4302"}],"wp:term":[{"taxonomy":"category","embeddable":true,"href":"https:\/\/gobierno.udd.cl\/cpp\/wp-json\/wp\/v2\/categories?post=4302"},{"taxonomy":"post_tag","embeddable":true,"href":"https:\/\/gobierno.udd.cl\/cpp\/wp-json\/wp\/v2\/tags?post=4302"}],"curies":[{"name":"wp","href":"https:\/\/api.w.org\/{rel}","templated":true}]}}