{"id":4299,"date":"2019-05-13T21:20:37","date_gmt":"2019-05-14T01:20:37","guid":{"rendered":"http:\/\/gobierno.udd.cl\/cpp\/?p=4299"},"modified":"2019-06-11T09:26:43","modified_gmt":"2019-06-11T13:26:43","slug":"4299","status":"publish","type":"post","link":"https:\/\/gobierno.udd.cl\/cpp\/noticias\/2019\/05\/13\/4299\/","title":{"rendered":""},"content":{"rendered":"<p style=\"text-align: justify;\">Guerra comercial desatada entre Estados Unidos y China y la econom\u00eda chilena se prepara para un posible impacto directo.<\/p>\n<p style=\"text-align: justify;\">Luego de que esta ma\u00f1ana, el gobierno de Xi Jinping respondiera anunciando su intenci\u00f3n de fijar aranceles de entre un 5% y 25% a productos de Estados Unidos valorados en US$60.000 millones y de que el viernes pasado, el gobierno de Donad Trump informara la imposici\u00f3n de aranceles a US$300.000 millones en importaciones chinas, los expertos ya avizoran posibles secuelas en el crecimiento chileno.<\/p>\n<p style=\"text-align: justify;\">Para Cecilia Cifuentes, directora del centro de estudios financieros del ESE de la U. de Los Andes, si se mantiene la guerra comercial \u201cuno tendr\u00eda que pensar en un crecimiento del PIB de 3% para este a\u00f1o, suponiendo que no entramos en una situaci\u00f3n internacional muy compleja\u201d. Chile no cumplir\u00eda entonces la meta proyectada por el gobierno de 3,5%.<\/p>\n<p style=\"text-align: justify;\">Y la raz\u00f3n de un menor crecimiento no ser\u00edan los efectos directos en las exportaciones chilenas, agrega Cifuentes, \u201csino el impacto en el mercado de capitales, con un alza del precio del d\u00f3lar, ca\u00edda en el valor de los activos y el mayor riesgo mundial, porque ese efecto es m\u00e1s instant\u00e1neo\u201d.<\/p>\n<p style=\"text-align: justify;\">Coincide el economista Alejandro Alarc\u00f3n, profesor de la U. de Chile: \u201cver\u00edamos una reducci\u00f3n de medio punto, de 3,5% a 3%, en la proyecci\u00f3n del PIB\u201d.<\/p>\n<p style=\"text-align: justify;\">Aunque menciona dos salvaguardas a tomar en cuenta: \u201cuna es que desconocemos los efectos indirectos en otros pa\u00edses y que se ver\u00edan afectados por una tendencia a la baja por esta guerra comercial, y la otra es que nunca sabemos si va a tener un giro inesperado de \u00faltima hora para bien\u201d.<\/p>\n<p style=\"text-align: justify;\">Antes de los anuncios de la rebaja de aranceles de China y EE.UU, la proyecci\u00f3n de crecimiento de Patricio Rojas, socio de Rojas y Asociados, era m\u00e1s cercana al 3%.<\/p>\n<p style=\"text-align: justify;\">\u201cY si se concreta la guerra comercial lo m\u00e1s probable es que la econom\u00eda mundial se desacelere m\u00e1s, lo que afectar\u00e1 a Chile que crecer\u00eda menos del 3%\u201d. No se atreve a proyectar cu\u00e1nto menos, pero s\u00ed anticipa que el d\u00f3lar no debiera subir mucho m\u00e1s, \u201cporque la semana pasada el mercado internaliz\u00f3 la amenaza en Twitter de Trump, que el viernes se tradujo en el anuncio de alza de aranceles\u201d. Y la bolsa chilena ha estado deprimida en los \u00faltimos meses, por lo que, a su juicio, \u201ccastigarla m\u00e1s no va a ocurrir\u201d.<\/p>\n<p style=\"text-align: justify;\">Quedan tres semanas de negociaciones, lo que corresponde al per\u00edodo que demoran las importaciones chinas en llegar a Estados Unidos y a las que se aplicar\u00edan los nuevos aranceles.<\/p>\n<p style=\"text-align: justify;\">Alarc\u00f3n anticipa un d\u00f3lar subiendo \u2014a mediod\u00eda se transaba a $694\u2014 y la bolsa a la baja (Ipsa ca\u00eda 0,82%). \u201cEs lo que hemos aprendido de las crisis: el tema financiero es el que tiende a ser m\u00e1s afectado r\u00e1pidamente\u201d. Y podr\u00edamos agregar, el de los commodities.\u00a0El precio del cobre cay\u00f3 1,52% en la Bolsa de Metales de Londres, a su menor valor desde fines de enero de US$2,74, mientras que en Wall Street, el Dow Jones se hund\u00eda 2,3%, arrastrando al resto de bolsas mundiales.<\/p>\n<p style=\"text-align: justify;\"><strong>\u00bfOne Belt, v\u00eda de soluci\u00f3n?<\/strong><\/p>\n<p style=\"text-align: justify;\">Seg\u00fan el director del Centro de Estudios Internacionales de la\u00a0<span class=\"highlight\">Universidad<\/span>\u00a0<span class=\"highlight\">del<\/span>\u00a0<span class=\"highlight\">Desarrollo<\/span>,Yun-Tso Lee, la respuesta de China es \u201cmesurada\u201d y debe ser vista \u201cs\u00f3lo como un gesto del gobierno de Xi Jinping\u201d.<\/p>\n<p style=\"text-align: justify;\">\u201cEsta es una se\u00f1al, ya que la respuesta de China no es en la misma magnitud que la estadounidense. Busca no golpear en gran magnitud a la econom\u00eda mundial. El gran problema es que se ve poco probable un acuerdo entre ambos pa\u00edses en el corto plazo\u201d, a\u00f1ade. El acad\u00e9mico sostiene que dada la exposici\u00f3n chilena a los mercados estadounidenses y chinos, un buen espacio de refugio para Chile es la iniciativa \u201cOne Belt and Road\u201d.<\/p>\n<p style=\"text-align: justify;\">\u201cEs d\u00edficil que las relaciones vuelvan al punto previo al conficto. Una buena soluci\u00f3n para Chile es que se profundice la iniciativa \u2018Una Franja, Una Ruta&#8217; que contempla la creaci\u00f3n de grandes obras de infraestructura, generando m\u00e1s crecimiento y m\u00e1s empleo. Esa ser\u00eda una buena manera de paliar los efectos negativos de la guerra comercial\u201d, apunta Yun-Tso.<\/p>\n<p><a href=\"https:\/\/gobierno.udd.cl\/cpp\/files\/2019\/05\/2019-05-13_impresa.lasegunda.com_Q73JQ4QP.jpg\"><img loading=\"lazy\" decoding=\"async\" class=\"size-medium wp-image-4300 aligncenter\" src=\"https:\/\/gobierno.udd.cl\/cpp\/files\/2019\/05\/2019-05-13_impresa.lasegunda.com_Q73JQ4QP-231x300.jpg\" alt=\"\" width=\"231\" height=\"300\" srcset=\"https:\/\/gobierno.udd.cl\/cpp\/files\/2019\/05\/2019-05-13_impresa.lasegunda.com_Q73JQ4QP-231x300.jpg 231w, https:\/\/gobierno.udd.cl\/cpp\/files\/2019\/05\/2019-05-13_impresa.lasegunda.com_Q73JQ4QP-768x996.jpg 768w, https:\/\/gobierno.udd.cl\/cpp\/files\/2019\/05\/2019-05-13_impresa.lasegunda.com_Q73JQ4QP-790x1024.jpg 790w, https:\/\/gobierno.udd.cl\/cpp\/files\/2019\/05\/2019-05-13_impresa.lasegunda.com_Q73JQ4QP-740x960.jpg 740w, https:\/\/gobierno.udd.cl\/cpp\/files\/2019\/05\/2019-05-13_impresa.lasegunda.com_Q73JQ4QP.jpg 1440w\" sizes=\"auto, (max-width: 231px) 100vw, 231px\" \/><\/a><\/p>\n","protected":false},"excerpt":{"rendered":"<p>Y no cumplir\u00eda la meta proyectada de 3,5% para 2019. El efecto principal se ver\u00eda en el mercado de capitales.<\/p>\n","protected":false},"author":22,"featured_media":4478,"comment_status":"open","ping_status":"open","sticky":false,"template":"","format":"standard","meta":{"footnotes":""},"categories":[10162],"tags":[],"class_list":["post-4299","post","type-post","status-publish","format-standard","has-post-thumbnail","hentry","category-centro-en-la-prensa"],"featured_image_url":"https:\/\/gobierno.udd.cl\/cpp\/files\/2019\/06\/Graficas_PoliticasPublicas-03.jpg","_links":{"self":[{"href":"https:\/\/gobierno.udd.cl\/cpp\/wp-json\/wp\/v2\/posts\/4299","targetHints":{"allow":["GET"]}}],"collection":[{"href":"https:\/\/gobierno.udd.cl\/cpp\/wp-json\/wp\/v2\/posts"}],"about":[{"href":"https:\/\/gobierno.udd.cl\/cpp\/wp-json\/wp\/v2\/types\/post"}],"author":[{"embeddable":true,"href":"https:\/\/gobierno.udd.cl\/cpp\/wp-json\/wp\/v2\/users\/22"}],"replies":[{"embeddable":true,"href":"https:\/\/gobierno.udd.cl\/cpp\/wp-json\/wp\/v2\/comments?post=4299"}],"version-history":[{"count":2,"href":"https:\/\/gobierno.udd.cl\/cpp\/wp-json\/wp\/v2\/posts\/4299\/revisions"}],"predecessor-version":[{"id":4531,"href":"https:\/\/gobierno.udd.cl\/cpp\/wp-json\/wp\/v2\/posts\/4299\/revisions\/4531"}],"wp:featuredmedia":[{"embeddable":true,"href":"https:\/\/gobierno.udd.cl\/cpp\/wp-json\/wp\/v2\/media\/4478"}],"wp:attachment":[{"href":"https:\/\/gobierno.udd.cl\/cpp\/wp-json\/wp\/v2\/media?parent=4299"}],"wp:term":[{"taxonomy":"category","embeddable":true,"href":"https:\/\/gobierno.udd.cl\/cpp\/wp-json\/wp\/v2\/categories?post=4299"},{"taxonomy":"post_tag","embeddable":true,"href":"https:\/\/gobierno.udd.cl\/cpp\/wp-json\/wp\/v2\/tags?post=4299"}],"curies":[{"name":"wp","href":"https:\/\/api.w.org\/{rel}","templated":true}]}}