{"id":4295,"date":"2019-05-13T21:10:39","date_gmt":"2019-05-14T01:10:39","guid":{"rendered":"http:\/\/gobierno.udd.cl\/cpp\/?p=4295"},"modified":"2019-06-11T09:25:56","modified_gmt":"2019-06-11T13:25:56","slug":"allamand-parte-su-carrera-rezagado-cuesta-arriba-y-a-contrarreloj-la-segunda","status":"publish","type":"post","link":"https:\/\/gobierno.udd.cl\/cpp\/noticias\/2019\/05\/13\/allamand-parte-su-carrera-rezagado-cuesta-arriba-y-a-contrarreloj-la-segunda\/","title":{"rendered":"Allamand parte su carrera rezagado, cuesta arriba y a contrarreloj &#8211; La Segunda"},"content":{"rendered":"<p style=\"text-align: justify;\">La fotograf\u00eda m\u00e1s reciente fue tomada por las encuestas Activa Research y Criteria Research, ambas de abril. Al preguntar qui\u00e9n te gustar\u00eda que fuera el pr\u00f3ximo Presidente, Andr\u00e9s Allamand no aparece en las respuestas espont\u00e1neas como presidenciable.\u00a0El senador RN va atr\u00e1s en la carrera de su sector, donde ya destacan el alcalde Joaqu\u00edn Lav\u00edn (UDI), Jos\u00e9 Antonio Kast (independiente ex-UDI) y, m\u00e1s abajo, el senador Felipe Kast (Ev\u00f3poli).<\/p>\n<p style=\"text-align: justify;\">A diferencia de ellos, el exministro de Defensa de Pi\u00f1era tiene, adem\u00e1s, una dificultad previa: derrotar a los otros dos aspirantes de RN que pretenden alzarse como la carta del partido para una eventual primaria presidencial de Chile Vamos.<\/p>\n<p style=\"text-align: justify;\">Incluso, ellos ya han revelado sus ganas. En El Mercurio, el 21 de abril pasado, Manuel Jos\u00e9 Ossand\u00f3n dijo que \u201cla primaria presidencial va a ser entre un exalcalde de Las Condes contra un exalcalde de Puente Alto\u201d, mientras que Francisco Chahu\u00e1n afirm\u00f3 en diciembre pasado \u201csi Jos\u00e9 Antonio (Kast) quiere ser candidato, primero tiene que competir conmigo\u201d.\u00a0Allamand, en tanto, a\u00fan no ha explicitado sus intenciones, lo que ha generado que comiencen a dispersarse sus eventuales apoyos a un a\u00f1o del inicio de la campa\u00f1a municipal y a dos de la presidencial.<\/p>\n<p style=\"text-align: justify;\">Pese a las encuestas, el senador no parece inquieto, conf\u00eda en sus respaldos y tiene decidido anunciar su candidatura a fines del pr\u00f3ximo a\u00f1o, lo que puede ser tard\u00edo. En los \u00faltimos per\u00edodos, las carreras presidenciales se han anticipado por dos factores. Primero, por las municipales (trece meses antes de la elecci\u00f3n presidencial), que motivan a los aspirantes a La Moneda a recorrer el pa\u00eds. Y en segundo lugar por las primarias, cuyo calendario electoral comienza formalmente seis meses antes de la presidencial, pero que exige un despliegue previo de los precandidatos. En el caso de las pr\u00f3ximas municipales, de octubre de 2020, el ambiente electoral ya estar\u00e1 desatado a inicios del pr\u00f3ximo a\u00f1o.<\/p>\n<p style=\"text-align: justify;\">Tom\u00e1s Fuentes, vicepresidente RN y asesor de Allamand, justifica la decisi\u00f3n del senador. \u201cCometen un error quienes est\u00e1n levantando sus candidaturas. Lo correcto es buscar adhesi\u00f3n a un proyecto, a ideas. Allamand entiende que es necesaria esta continuidad y no la diferenciaci\u00f3n. Somos muchos los que consideramos que \u00e9l representa un proyecto pol\u00edtico serio, moderado de centro y no de extremos\u201d, dice Fuentes.<\/p>\n<p style=\"text-align: justify;\"><strong>Apoyos t\u00edmidos y desbandados<\/strong><\/p>\n<p style=\"text-align: justify;\">Allamand \u2014cuya gran ventaja es haberse instalado como referente neutral entre liberales y conservadores de RN\u2014 siente que cuenta con adhesi\u00f3n a nivel de parlamentarios y de dirigentes.<\/p>\n<p style=\"text-align: justify;\">El problema es que algunos que hace un a\u00f1o lo miraban como sucesor natural de Pi\u00f1era, han comenzado a dar se\u00f1ales en favor de otros presidenciables de RN. La diputada Catalina del Real, por ejemplo, est\u00e1 realizando actividades junto al senador Francisco Chahu\u00e1n, mientras que su par Diego Schalper, hoy est\u00e1 en una posici\u00f3n m\u00e1s neutra.<\/p>\n<p style=\"text-align: justify;\">La diputada Camila Flores, quien tambi\u00e9n ha reconocido que ten\u00eda simpat\u00edas por Allamand, dice que el senador \u201cmarc\u00f3 una etapa importante de la pol\u00edtica, pero hoy tengo diferencias con \u00e9l. A m\u00ed, quien me representa es Jos\u00e9 Antonio Kast, m\u00e1s que otros liderazgos RN\u201d.<\/p>\n<p style=\"text-align: justify;\">Estos diputados en su mayor\u00eda participaban de la corriente pol\u00edtica que lideraba el expresidente RN Carlos Larra\u00edn, quien en una entrevista a V\u00eda X, en enero pasado, reiter\u00f3 que \u201csiempre me ha gustado Andr\u00e9s Allamand\u201d. Pero su alejamiento de la pol\u00edtica tambi\u00e9n ha incidido en la desbandada de sus seguidores.<\/p>\n<p style=\"text-align: justify;\">El senador por Santiago, en todo caso, todav\u00eda preserva un respaldo entre los diputados del ala liberal de RN. Uno de ellos, Andr\u00e9s Longton, dice que \u201cun liderazgo como el de Allamand no pasa de moda\u201d, pero hoy admite que no tiene definido si es su candidato.<\/p>\n<p style=\"text-align: justify;\">El senador Jos\u00e9 Garc\u00eda, ligado al sector m\u00e1s tradicional del partido, a\u00f1ade que \u201cme encantar\u00eda que el senador Allamand sea el candidato presidencial de Chile Vamos\u201d, pero recalca que \u201cno es el a\u00f1o de las candidaturas presidenciales\u201d.<\/p>\n<p style=\"text-align: justify;\"><strong>Reinvenci\u00f3n necesaria<\/strong><\/p>\n<p style=\"text-align: justify;\">A juicio de los analistas Allamand no deber\u00eda estar tan tranquilo. \u201cOssand\u00f3n genera m\u00e1s adhesi\u00f3n. Lav\u00edn tiene ese camino m\u00e1s despejado en su partido\u201d, dice Rodrigo Arellano, docente de la\u00a0<span class=\"highlight\">UDD<\/span>.<\/p>\n<p style=\"text-align: justify;\">Robert Funk, acad\u00e9mico de la U. de Chile, opina que Allamand qued\u00f3 sin narrativa. Recuerda que hace a\u00f1os fue \u201cla esperanza de una renovaci\u00f3n de la derecha. Pero este gobierno ha optado por un endurecimiento. El desaf\u00edo ideol\u00f3gico de la derecha viene desde el extremo, no desde el centro\u201d. A su juicio, tiene pocas opciones de remontar.<\/p>\n<p style=\"text-align: justify;\">Y el analista Kenneth Bunker plantea que, a diferencia de Lav\u00edn, Allamand \u201cno se ha sabido reinventar\u201d. \u201cSe ha quedado un poco atr\u00e1s. Es un pol\u00edtico tradicional. Lav\u00edn y Jos\u00e9 Antonio Kast hablan directamente con los ciudadanos, mientras que Allamand se queda en la \u00e9lite\u201d, agrega.<\/p>\n<p style=\"text-align: justify;\"><a href=\"https:\/\/gobierno.udd.cl\/cpp\/files\/2019\/05\/2019-05-13_impresa.lasegunda.com_Q73JQ4QI.jpg\"><img loading=\"lazy\" decoding=\"async\" class=\"alignnone size-medium wp-image-4296 aligncenter\" src=\"https:\/\/gobierno.udd.cl\/cpp\/files\/2019\/05\/2019-05-13_impresa.lasegunda.com_Q73JQ4QI-231x300.jpg\" alt=\"\" width=\"231\" height=\"300\" srcset=\"https:\/\/gobierno.udd.cl\/cpp\/files\/2019\/05\/2019-05-13_impresa.lasegunda.com_Q73JQ4QI-231x300.jpg 231w, https:\/\/gobierno.udd.cl\/cpp\/files\/2019\/05\/2019-05-13_impresa.lasegunda.com_Q73JQ4QI-768x996.jpg 768w, https:\/\/gobierno.udd.cl\/cpp\/files\/2019\/05\/2019-05-13_impresa.lasegunda.com_Q73JQ4QI-790x1024.jpg 790w, https:\/\/gobierno.udd.cl\/cpp\/files\/2019\/05\/2019-05-13_impresa.lasegunda.com_Q73JQ4QI-740x960.jpg 740w, https:\/\/gobierno.udd.cl\/cpp\/files\/2019\/05\/2019-05-13_impresa.lasegunda.com_Q73JQ4QI.jpg 1440w\" sizes=\"auto, (max-width: 231px) 100vw, 231px\" \/><\/a><\/p>\n","protected":false},"excerpt":{"rendered":"<p>Analistas advierten que se ha quedado atr\u00e1s en comparaci\u00f3n con sus adversarios y sin narrativa propia.<\/p>\n","protected":false},"author":22,"featured_media":4478,"comment_status":"open","ping_status":"open","sticky":false,"template":"","format":"standard","meta":{"footnotes":""},"categories":[10162],"tags":[],"class_list":["post-4295","post","type-post","status-publish","format-standard","has-post-thumbnail","hentry","category-centro-en-la-prensa"],"featured_image_url":"https:\/\/gobierno.udd.cl\/cpp\/files\/2019\/06\/Graficas_PoliticasPublicas-03.jpg","_links":{"self":[{"href":"https:\/\/gobierno.udd.cl\/cpp\/wp-json\/wp\/v2\/posts\/4295","targetHints":{"allow":["GET"]}}],"collection":[{"href":"https:\/\/gobierno.udd.cl\/cpp\/wp-json\/wp\/v2\/posts"}],"about":[{"href":"https:\/\/gobierno.udd.cl\/cpp\/wp-json\/wp\/v2\/types\/post"}],"author":[{"embeddable":true,"href":"https:\/\/gobierno.udd.cl\/cpp\/wp-json\/wp\/v2\/users\/22"}],"replies":[{"embeddable":true,"href":"https:\/\/gobierno.udd.cl\/cpp\/wp-json\/wp\/v2\/comments?post=4295"}],"version-history":[{"count":3,"href":"https:\/\/gobierno.udd.cl\/cpp\/wp-json\/wp\/v2\/posts\/4295\/revisions"}],"predecessor-version":[{"id":4530,"href":"https:\/\/gobierno.udd.cl\/cpp\/wp-json\/wp\/v2\/posts\/4295\/revisions\/4530"}],"wp:featuredmedia":[{"embeddable":true,"href":"https:\/\/gobierno.udd.cl\/cpp\/wp-json\/wp\/v2\/media\/4478"}],"wp:attachment":[{"href":"https:\/\/gobierno.udd.cl\/cpp\/wp-json\/wp\/v2\/media?parent=4295"}],"wp:term":[{"taxonomy":"category","embeddable":true,"href":"https:\/\/gobierno.udd.cl\/cpp\/wp-json\/wp\/v2\/categories?post=4295"},{"taxonomy":"post_tag","embeddable":true,"href":"https:\/\/gobierno.udd.cl\/cpp\/wp-json\/wp\/v2\/tags?post=4295"}],"curies":[{"name":"wp","href":"https:\/\/api.w.org\/{rel}","templated":true}]}}