{"id":4291,"date":"2019-05-14T21:07:15","date_gmt":"2019-05-15T01:07:15","guid":{"rendered":"http:\/\/gobierno.udd.cl\/cpp\/?p=4291"},"modified":"2019-06-10T17:42:50","modified_gmt":"2019-06-10T21:42:50","slug":"manipulacion-de-datos-en-el-ine-la-segunda","status":"publish","type":"post","link":"https:\/\/gobierno.udd.cl\/cpp\/noticias\/2019\/05\/14\/manipulacion-de-datos-en-el-ine-la-segunda\/","title":{"rendered":"Manipulaci\u00f3n de datos en el INE &#8211; La Segunda"},"content":{"rendered":"<p style=\"text-align: justify;\">El director del Instituto Nacional de Estad\u00edsticas (INE), Guillermo Patillo, inform\u00f3 este lunes que un auditor\u00eda interna hab\u00eda detectado \u00abindicios de manipulaci\u00f3n\u00bb en la medici\u00f3n del \u00cdndice de Precios al Consumidor (IPC) durante, al menos, agosto y septiembre del a\u00f1o pasado.\u00a0Ello habr\u00eda provocado una diferencia de 0,1 puntos porcentuales en el indicador, agreg\u00f3 el funcionario, quien no descart\u00f3, sin embargo, que las alteraciones podr\u00edan haberse extendido por m\u00e1s tiempo, por lo que se est\u00e1 haciendo una revisi\u00f3n exhaustiva del \u00edndice entre 2016 y 2019.<\/p>\n<p style=\"text-align: justify;\">La direcci\u00f3n del INE orden\u00f3 un sumario interno y suspendi\u00f3, de manera temporal, al jefe del Departamento de Precios de la entidad. Adem\u00e1s, interpuso una denuncia por presuntos il\u00edcitos en la Fiscal\u00eda Metropolitana Centro Norte, que ha instruido diligencias como la incautaci\u00f3n de computadores y tel\u00e9fonos.\u00a0El Ministerio de Econom\u00eda, del cual depende el INE, respald\u00f3 las medidas adoptadas por el instituto.<\/p>\n<p style=\"text-align: justify;\">No est\u00e1 claro, con la informaci\u00f3n oficial disponible, cu\u00e1l es el efecto real de las irregularidades, ni a qui\u00e9n podr\u00eda haber favorecido una eventual manipulaci\u00f3n. Adem\u00e1s de las variaciones en los contratos indexados en Unidades de Fomento, que involucran a un alto porcentaje de la poblaci\u00f3n, hay que observar tambi\u00e9n el impacto en las operaciones financieras \u2014por ejemplo, en las mesas de dinero\u2014 en las que se utilizan activos denominados en UF. Lo que s\u00ed es evidente es que este episodio es un duro golpe, en primer lugar, a la credibilidad estad\u00edstica, un valor fundamental en el ordenamiento econ\u00f3mico del pa\u00eds. Y, en t\u00e9rminos m\u00e1s amplios, a una confianza institucional que se encuentra severamente cuestionada, como acaba de confirmar la \u00faltima encuesta de la Facultad de Gobierno de la\u00a0<span class=\"highlight\">U<\/span>.\u00a0<span class=\"highlight\">del<\/span>\u00a0<span class=\"highlight\">Desarrollo<\/span>.<\/p>\n<p style=\"text-align: justify;\">No se trata, por cierto, del primer traspi\u00e9 del INE. Con menos impacto que el fiasco del Censo 2012, episodios como la subestimaci\u00f3n de la inmigraci\u00f3n en las cifras de empleo, que el Banco Central advirti\u00f3 en agosto de 2018, han minado su credibilidad. Las cr\u00edticas que algunas autoridades del Gobierno han hecho a las estad\u00edsticas de empleo, deslegitim\u00e1ndolas, tampoco ayudan en dicho sentido.<\/p>\n<p style=\"text-align: justify;\">No hay que ir muy lejos \u2014Argentina, durante el gobierno de Cristina Kirchner\u2014 para constatar el da\u00f1o que puede causar a la econom\u00eda una institucionalidad estad\u00edstica cuestionada y poco confiable para los agentes econ\u00f3micos.\u00a0 Por lo mismo, m\u00e1s all\u00e1 de la reacci\u00f3n que han tenido las autoridades del INE, y las responsabilidades que las investigaciones determinen frente a este episodio, parece urgente hacer un esfuerzo superior, tanto desde el Gobierno como desde la oposici\u00f3n, por sacar el dise\u00f1o de la institucionalidad estad\u00edstica de la guerrilla pol\u00edtica y dotarla, cuanto antes, de un marco legal y t\u00e9cnico s\u00f3lido y ampliamente consensuado.<\/p>\n<p><a href=\"https:\/\/gobierno.udd.cl\/cpp\/files\/2019\/05\/2019-05-14_impresa.lasegunda.com_UG3JRE89.jpg\"><img loading=\"lazy\" decoding=\"async\" class=\"alignnone size-medium wp-image-4292 aligncenter\" src=\"https:\/\/gobierno.udd.cl\/cpp\/files\/2019\/05\/2019-05-14_impresa.lasegunda.com_UG3JRE89-231x300.jpg\" alt=\"\" width=\"231\" height=\"300\" srcset=\"https:\/\/gobierno.udd.cl\/cpp\/files\/2019\/05\/2019-05-14_impresa.lasegunda.com_UG3JRE89-231x300.jpg 231w, https:\/\/gobierno.udd.cl\/cpp\/files\/2019\/05\/2019-05-14_impresa.lasegunda.com_UG3JRE89-768x996.jpg 768w, https:\/\/gobierno.udd.cl\/cpp\/files\/2019\/05\/2019-05-14_impresa.lasegunda.com_UG3JRE89-790x1024.jpg 790w, https:\/\/gobierno.udd.cl\/cpp\/files\/2019\/05\/2019-05-14_impresa.lasegunda.com_UG3JRE89-740x960.jpg 740w, https:\/\/gobierno.udd.cl\/cpp\/files\/2019\/05\/2019-05-14_impresa.lasegunda.com_UG3JRE89.jpg 1440w\" sizes=\"auto, (max-width: 231px) 100vw, 231px\" \/><\/a><\/p>\n","protected":false},"excerpt":{"rendered":"<p>El director del Instituto Nacional de Estad\u00edsticas (INE), Guillermo Patillo, inform\u00f3 este lunes que un auditor\u00eda interna hab\u00eda detectado \u00abindicios de manipulaci\u00f3n\u00bb en la medici\u00f3n del \u00cdndice de Precios al Consumidor (IPC) durante, al menos, agosto y septiembre del a\u00f1o pasado.\u00a0Ello habr\u00eda provocado una diferencia de 0,1 puntos porcentuales en el indicador, agreg\u00f3 el funcionario, [&hellip;]<\/p>\n","protected":false},"author":22,"featured_media":4478,"comment_status":"open","ping_status":"open","sticky":false,"template":"","format":"standard","meta":{"footnotes":""},"categories":[10162],"tags":[],"class_list":["post-4291","post","type-post","status-publish","format-standard","has-post-thumbnail","hentry","category-centro-en-la-prensa"],"featured_image_url":"https:\/\/gobierno.udd.cl\/cpp\/files\/2019\/06\/Graficas_PoliticasPublicas-03.jpg","_links":{"self":[{"href":"https:\/\/gobierno.udd.cl\/cpp\/wp-json\/wp\/v2\/posts\/4291","targetHints":{"allow":["GET"]}}],"collection":[{"href":"https:\/\/gobierno.udd.cl\/cpp\/wp-json\/wp\/v2\/posts"}],"about":[{"href":"https:\/\/gobierno.udd.cl\/cpp\/wp-json\/wp\/v2\/types\/post"}],"author":[{"embeddable":true,"href":"https:\/\/gobierno.udd.cl\/cpp\/wp-json\/wp\/v2\/users\/22"}],"replies":[{"embeddable":true,"href":"https:\/\/gobierno.udd.cl\/cpp\/wp-json\/wp\/v2\/comments?post=4291"}],"version-history":[{"count":2,"href":"https:\/\/gobierno.udd.cl\/cpp\/wp-json\/wp\/v2\/posts\/4291\/revisions"}],"predecessor-version":[{"id":4294,"href":"https:\/\/gobierno.udd.cl\/cpp\/wp-json\/wp\/v2\/posts\/4291\/revisions\/4294"}],"wp:featuredmedia":[{"embeddable":true,"href":"https:\/\/gobierno.udd.cl\/cpp\/wp-json\/wp\/v2\/media\/4478"}],"wp:attachment":[{"href":"https:\/\/gobierno.udd.cl\/cpp\/wp-json\/wp\/v2\/media?parent=4291"}],"wp:term":[{"taxonomy":"category","embeddable":true,"href":"https:\/\/gobierno.udd.cl\/cpp\/wp-json\/wp\/v2\/categories?post=4291"},{"taxonomy":"post_tag","embeddable":true,"href":"https:\/\/gobierno.udd.cl\/cpp\/wp-json\/wp\/v2\/tags?post=4291"}],"curies":[{"name":"wp","href":"https:\/\/api.w.org\/{rel}","templated":true}]}}