{"id":4260,"date":"2019-05-22T20:33:21","date_gmt":"2019-05-23T00:33:21","guid":{"rendered":"http:\/\/gobierno.udd.cl\/cpp\/?p=4260"},"modified":"2019-06-10T17:29:09","modified_gmt":"2019-06-10T21:29:09","slug":"sondeo-udd-el-75-de-los-encuestados-respalda-la-exigencia-de-merito-academico-en-las-admisiones-a-liceos-de-excelencia-el-mercurio","status":"publish","type":"post","link":"https:\/\/gobierno.udd.cl\/cpp\/noticias\/2019\/05\/22\/sondeo-udd-el-75-de-los-encuestados-respalda-la-exigencia-de-merito-academico-en-las-admisiones-a-liceos-de-excelencia-el-mercurio\/","title":{"rendered":"Sondeo UDD: el 75% de los encuestados respalda la exigencia de m\u00e9rito acad\u00e9mico en las admisiones a liceos de excelencia &#8211; El Mercurio"},"content":{"rendered":"<p style=\"text-align: justify;\">El lunes 13 de mayo no fue una buena jornada para la ministra de Educaci\u00f3n, Marcela Cubillos. Es que con siete votos en contra, la comisi\u00f3n de Educaci\u00f3n de la C\u00e1mara de Diputados cerr\u00f3 la puerta a la idea de legislar el proyecto conocido como Admisi\u00f3n Justa que impulsa la cartera.<\/p>\n<p style=\"text-align: justify;\">La iniciativa busca que los liceos de alta exigencia, con m\u00e1s demanda que vacantes, puedan seleccionar a sus estudiantes por criterios acad\u00e9micos desde s\u00e9ptimo b\u00e1sico.<\/p>\n<p style=\"text-align: justify;\">Pero pese al rechazo de los diputados, seg\u00fan una encuesta realizada por la\u00a0<span class=\"highlight\">Universidad<\/span>\u00a0<span class=\"highlight\">del<\/span>\u00a0<span class=\"highlight\">Desarrollo<\/span>, tan solo cuatro d\u00edas despu\u00e9s de la votaci\u00f3n (entre el viernes 17 y el domingo 19 de mayo), la mayor parte de las personas est\u00e1n de acuerdo con el proyecto.<\/p>\n<p style=\"text-align: justify;\">As\u00ed, cuando se pregunt\u00f3, en el contexto de la admisi\u00f3n a liceos p\u00fablico y subvencionados de alta exigencia acad\u00e9mica, \u201c\u00bfc\u00f3mo cree que debe realizarse la asignaci\u00f3n de vacantes cuando hay m\u00e1s postulantes que cupos disponibles en un determinado liceo?\u201d, el 75% de los 941 encuestados respondi\u00f3 que debiese hacerse mediante un procedimiento que tome en cuenta el m\u00e9rito acad\u00e9mico de los postulantes, como notas o pruebas de admisi\u00f3n.<\/p>\n<p style=\"text-align: justify;\">Asimismo, el 78% dice estar de acuerdo con la existencia de liceos p\u00fablicos cuyo principal sello sea la alta exigencia acad\u00e9mica.<\/p>\n<p style=\"text-align: justify;\">Sobre los resultados, la ministra de Educaci\u00f3n, Marcela Cubillos, asegura que \u201csiempre hemos cre\u00eddo que valorizar el m\u00e9rito acad\u00e9mico por sobre un sistema aleatorio es de completo sentido com\u00fan y los datos as\u00ed lo confirman. Al rechazar los cambios que el proyecto propone, la oposici\u00f3n le da la espalda a la mayor\u00eda ciudadana y en particular a la clase media\u201d.<\/p>\n<p style=\"text-align: justify;\">Cabe destacar que el sondeo se realiz\u00f3 a trav\u00e9s de una selecci\u00f3n aleatoria de viviendas de la Regi\u00f3n Metropolitana y los encuestados fueron hombres (52%) y mujeres (48%) mayores de 18 a\u00f1os.<\/p>\n<p style=\"text-align: justify;\"><strong>Reacciones<\/strong><\/p>\n<p style=\"text-align: justify;\">El diputado Jaime Bellolio (UDI) afirma que los resultados del sondeo demuestran que la iniciativa del Gobierno es de \u201ctodo sentido com\u00fan\u201d y agrega que los parlamentarios que \u201cse oponen al proyecto lo hacen m\u00e1s por un inter\u00e9s pol\u00edtico que por representar a la mayor\u00eda de la ciudadan\u00eda\u201d.<\/p>\n<p style=\"text-align: justify;\">Por su parte, el diputado Mario Venegas (DC), quien vot\u00f3 en contra del proyecto, dice que \u201cnosotros tenemos claro que algunos de los cambios introducidos en el sistema son contraculturales y lo que exprese una encuesta no necesariamente dice lo que es correcto o m\u00e1s conveniente para el sistema\u201d.<\/p>\n<p style=\"text-align: justify;\">A\u00f1ade que est\u00e1 \u201cconvencido de que el sistema que hoy tenemos es mejor que lo que ten\u00edamos antes y no necesita cambios\u201d.<\/p>\n<p><a href=\"https:\/\/gobierno.udd.cl\/cpp\/files\/2019\/05\/2019-05-22_HI3JSVF3.jpg\"><img loading=\"lazy\" decoding=\"async\" class=\"alignnone size-medium wp-image-4261 aligncenter\" src=\"https:\/\/gobierno.udd.cl\/cpp\/files\/2019\/05\/2019-05-22_HI3JSVF3-160x300.jpg\" alt=\"\" width=\"160\" height=\"300\" srcset=\"https:\/\/gobierno.udd.cl\/cpp\/files\/2019\/05\/2019-05-22_HI3JSVF3-160x300.jpg 160w, https:\/\/gobierno.udd.cl\/cpp\/files\/2019\/05\/2019-05-22_HI3JSVF3-768x1442.jpg 768w, https:\/\/gobierno.udd.cl\/cpp\/files\/2019\/05\/2019-05-22_HI3JSVF3-545x1024.jpg 545w, https:\/\/gobierno.udd.cl\/cpp\/files\/2019\/05\/2019-05-22_HI3JSVF3-511x960.jpg 511w, https:\/\/gobierno.udd.cl\/cpp\/files\/2019\/05\/2019-05-22_HI3JSVF3.jpg 1440w\" sizes=\"auto, (max-width: 160px) 100vw, 160px\" \/><\/a><\/p>\n","protected":false},"excerpt":{"rendered":"<p>Adem\u00e1s, la mayor\u00eda de las personas dice estar de acuerdo con la existencia de liceos p\u00fablicos cuyo principal sello sea la alta exigencia acad\u00e9mica.<\/p>\n","protected":false},"author":22,"featured_media":4478,"comment_status":"open","ping_status":"open","sticky":false,"template":"","format":"standard","meta":{"footnotes":""},"categories":[10162],"tags":[],"class_list":["post-4260","post","type-post","status-publish","format-standard","has-post-thumbnail","hentry","category-centro-en-la-prensa"],"featured_image_url":"https:\/\/gobierno.udd.cl\/cpp\/files\/2019\/06\/Graficas_PoliticasPublicas-03.jpg","_links":{"self":[{"href":"https:\/\/gobierno.udd.cl\/cpp\/wp-json\/wp\/v2\/posts\/4260","targetHints":{"allow":["GET"]}}],"collection":[{"href":"https:\/\/gobierno.udd.cl\/cpp\/wp-json\/wp\/v2\/posts"}],"about":[{"href":"https:\/\/gobierno.udd.cl\/cpp\/wp-json\/wp\/v2\/types\/post"}],"author":[{"embeddable":true,"href":"https:\/\/gobierno.udd.cl\/cpp\/wp-json\/wp\/v2\/users\/22"}],"replies":[{"embeddable":true,"href":"https:\/\/gobierno.udd.cl\/cpp\/wp-json\/wp\/v2\/comments?post=4260"}],"version-history":[{"count":1,"href":"https:\/\/gobierno.udd.cl\/cpp\/wp-json\/wp\/v2\/posts\/4260\/revisions"}],"predecessor-version":[{"id":4262,"href":"https:\/\/gobierno.udd.cl\/cpp\/wp-json\/wp\/v2\/posts\/4260\/revisions\/4262"}],"wp:featuredmedia":[{"embeddable":true,"href":"https:\/\/gobierno.udd.cl\/cpp\/wp-json\/wp\/v2\/media\/4478"}],"wp:attachment":[{"href":"https:\/\/gobierno.udd.cl\/cpp\/wp-json\/wp\/v2\/media?parent=4260"}],"wp:term":[{"taxonomy":"category","embeddable":true,"href":"https:\/\/gobierno.udd.cl\/cpp\/wp-json\/wp\/v2\/categories?post=4260"},{"taxonomy":"post_tag","embeddable":true,"href":"https:\/\/gobierno.udd.cl\/cpp\/wp-json\/wp\/v2\/tags?post=4260"}],"curies":[{"name":"wp","href":"https:\/\/api.w.org\/{rel}","templated":true}]}}