{"id":4233,"date":"2019-04-24T23:51:10","date_gmt":"2019-04-25T03:51:10","guid":{"rendered":"http:\/\/gobierno.udd.cl\/cpp\/?p=4233"},"modified":"2019-04-29T23:52:07","modified_gmt":"2019-04-30T03:52:07","slug":"la-crisis-economica-en-argentina-ya-no-da-para-mas-radio-agricultura","status":"publish","type":"post","link":"https:\/\/gobierno.udd.cl\/cpp\/noticias\/2019\/04\/24\/la-crisis-economica-en-argentina-ya-no-da-para-mas-radio-agricultura\/","title":{"rendered":"La crisis econ\u00f3mica en Argentina ya no da para m\u00e1s &#8211; Radio Agricultura"},"content":{"rendered":"<p style=\"text-align: justify;\">Incluso el presidente Macri est\u00e1 haciendo un plan para cambiar la situaci\u00f3n. Adem\u00e1s los estudiantes que exigen menos presi\u00f3n social<\/p>\n<p style=\"text-align: justify;\">Habla: Rosario Moreno, escritora y periodista; Jorge Errazuriz, empresario; Gonzalo Miller, profesor Centro de Pol\u00edticas P\u00fablicas de la UDD; Juan Sutil, empresario agricultor<\/p>\n<p style=\"text-align: justify;\">Menci\u00f3n: Michelle Bachelet, ex presidenta<\/p>\n<p>Parte 1:<\/p>\n<audio class=\"wp-audio-shortcode\" id=\"audio-4233-1\" preload=\"none\" style=\"width: 100%;\" controls=\"controls\"><source type=\"audio\/mpeg\" src=\"http:\/\/conectamedia.s3.amazonaws.com\/ec0f33ea33322ebe7cfe3a00036e8fc1.mp3?_=1\" \/><a href=\"http:\/\/conectamedia.s3.amazonaws.com\/ec0f33ea33322ebe7cfe3a00036e8fc1.mp3\">http:\/\/conectamedia.s3.amazonaws.com\/ec0f33ea33322ebe7cfe3a00036e8fc1.mp3<\/a><\/audio>\n<p>&nbsp;<\/p>\n<p>Parte 2:<\/p>\n<audio class=\"wp-audio-shortcode\" id=\"audio-4233-2\" preload=\"none\" style=\"width: 100%;\" controls=\"controls\"><source type=\"audio\/mpeg\" src=\"http:\/\/conectamedia.s3.amazonaws.com\/4286d80da77cafc1148a0e29ad0ef3d5.mp3?_=2\" \/><a href=\"http:\/\/conectamedia.s3.amazonaws.com\/4286d80da77cafc1148a0e29ad0ef3d5.mp3\">http:\/\/conectamedia.s3.amazonaws.com\/4286d80da77cafc1148a0e29ad0ef3d5.mp3<\/a><\/audio>\n<p>&nbsp;<\/p>\n","protected":false},"excerpt":{"rendered":"<p>Incluso el presidente Macri est\u00e1 haciendo un plan para cambiar la situaci\u00f3n. Adem\u00e1s los estudiantes que exigen menos presi\u00f3n social Habla: Rosario Moreno, escritora y periodista; Jorge Errazuriz, empresario; Gonzalo Miller, profesor Centro de Pol\u00edticas P\u00fablicas de la UDD; Juan Sutil, empresario agricultor Menci\u00f3n: Michelle Bachelet, ex presidenta Parte 1: http:\/\/conectamedia.s3.amazonaws.com\/ec0f33ea33322ebe7cfe3a00036e8fc1.mp3 &nbsp; Parte 2: http:\/\/conectamedia.s3.amazonaws.com\/4286d80da77cafc1148a0e29ad0ef3d5.mp3 [&hellip;]<\/p>\n","protected":false},"author":22,"featured_media":893,"comment_status":"open","ping_status":"open","sticky":false,"template":"","format":"standard","meta":{"footnotes":""},"categories":[10162],"tags":[],"class_list":["post-4233","post","type-post","status-publish","format-standard","has-post-thumbnail","hentry","category-centro-en-la-prensa"],"featured_image_url":"https:\/\/gobierno.udd.cl\/cpp\/files\/2015\/05\/udd_cpp_prensa_340.png","_links":{"self":[{"href":"https:\/\/gobierno.udd.cl\/cpp\/wp-json\/wp\/v2\/posts\/4233","targetHints":{"allow":["GET"]}}],"collection":[{"href":"https:\/\/gobierno.udd.cl\/cpp\/wp-json\/wp\/v2\/posts"}],"about":[{"href":"https:\/\/gobierno.udd.cl\/cpp\/wp-json\/wp\/v2\/types\/post"}],"author":[{"embeddable":true,"href":"https:\/\/gobierno.udd.cl\/cpp\/wp-json\/wp\/v2\/users\/22"}],"replies":[{"embeddable":true,"href":"https:\/\/gobierno.udd.cl\/cpp\/wp-json\/wp\/v2\/comments?post=4233"}],"version-history":[{"count":1,"href":"https:\/\/gobierno.udd.cl\/cpp\/wp-json\/wp\/v2\/posts\/4233\/revisions"}],"predecessor-version":[{"id":4234,"href":"https:\/\/gobierno.udd.cl\/cpp\/wp-json\/wp\/v2\/posts\/4233\/revisions\/4234"}],"wp:featuredmedia":[{"embeddable":true,"href":"https:\/\/gobierno.udd.cl\/cpp\/wp-json\/wp\/v2\/media\/893"}],"wp:attachment":[{"href":"https:\/\/gobierno.udd.cl\/cpp\/wp-json\/wp\/v2\/media?parent=4233"}],"wp:term":[{"taxonomy":"category","embeddable":true,"href":"https:\/\/gobierno.udd.cl\/cpp\/wp-json\/wp\/v2\/categories?post=4233"},{"taxonomy":"post_tag","embeddable":true,"href":"https:\/\/gobierno.udd.cl\/cpp\/wp-json\/wp\/v2\/tags?post=4233"}],"curies":[{"name":"wp","href":"https:\/\/api.w.org\/{rel}","templated":true}]}}