{"id":4231,"date":"2019-04-24T23:46:20","date_gmt":"2019-04-25T03:46:20","guid":{"rendered":"http:\/\/gobierno.udd.cl\/cpp\/?p=4231"},"modified":"2019-04-29T23:47:07","modified_gmt":"2019-04-30T03:47:07","slug":"sebastian-pinera-viaja-con-equipo-a-china-radio-agricultura","status":"publish","type":"post","link":"https:\/\/gobierno.udd.cl\/cpp\/noticias\/2019\/04\/24\/sebastian-pinera-viaja-con-equipo-a-china-radio-agricultura\/","title":{"rendered":"Sebasti\u00e1n Pi\u00f1era viaja con equipo a China &#8211; Radio Agricultura"},"content":{"rendered":"<p style=\"text-align: justify;\">El Presidente Sebasti\u00e1n Pi\u00f1era, viaj\u00f3 a China para reunirse con autoridades del pa\u00eds, acompa\u00f1ado de una serie de representantes de los negocios en Chile.<\/p>\n<p style=\"text-align: justify;\">Habla:<\/p>\n<p style=\"text-align: justify;\">Nicol\u00e1s Freire, director Observatorio Pol\u00edtica en Redes Sociales UCEN<br \/>\nPablo Valderrama, abogado director Idea Pa\u00eds<br \/>\nYun Tso Lee, director Centro Estudios Relaciones Internacionales Facultad Gobierno UDD<\/p>\n<p>Parte 1:<\/p>\n<audio class=\"wp-audio-shortcode\" id=\"audio-4231-1\" preload=\"none\" style=\"width: 100%;\" controls=\"controls\"><source type=\"audio\/mpeg\" src=\"http:\/\/conectamedia.s3.amazonaws.com\/6c20581158bb626bed5cec9c8dca406a.mp3?_=1\" \/><a href=\"http:\/\/conectamedia.s3.amazonaws.com\/6c20581158bb626bed5cec9c8dca406a.mp3\">http:\/\/conectamedia.s3.amazonaws.com\/6c20581158bb626bed5cec9c8dca406a.mp3<\/a><\/audio>\n<p>&nbsp;<\/p>\n<p>Parte 2:<\/p>\n<audio class=\"wp-audio-shortcode\" id=\"audio-4231-2\" preload=\"none\" style=\"width: 100%;\" controls=\"controls\"><source type=\"audio\/mpeg\" src=\"http:\/\/conectamedia.s3.amazonaws.com\/ab261ec9151e6be370b9376d225f19cb.mp3?_=2\" \/><a href=\"http:\/\/conectamedia.s3.amazonaws.com\/ab261ec9151e6be370b9376d225f19cb.mp3\">http:\/\/conectamedia.s3.amazonaws.com\/ab261ec9151e6be370b9376d225f19cb.mp3<\/a><\/audio>\n<p>&nbsp;<\/p>\n<p>Parte 3:<\/p>\n<audio class=\"wp-audio-shortcode\" id=\"audio-4231-3\" preload=\"none\" style=\"width: 100%;\" controls=\"controls\"><source type=\"audio\/mpeg\" src=\"http:\/\/conectamedia.s3.amazonaws.com\/2cd99c62ed7e3e8dcd50a4d9ec4c79ce.mp3?_=3\" \/><a href=\"http:\/\/conectamedia.s3.amazonaws.com\/2cd99c62ed7e3e8dcd50a4d9ec4c79ce.mp3\">http:\/\/conectamedia.s3.amazonaws.com\/2cd99c62ed7e3e8dcd50a4d9ec4c79ce.mp3<\/a><\/audio>\n","protected":false},"excerpt":{"rendered":"<p>El Presidente Sebasti\u00e1n Pi\u00f1era, viaj\u00f3 a China para reunirse con autoridades del pa\u00eds, acompa\u00f1ado de una serie de representantes de los negocios en Chile. Habla: Nicol\u00e1s Freire, director Observatorio Pol\u00edtica en Redes Sociales UCEN Pablo Valderrama, abogado director Idea Pa\u00eds Yun Tso Lee, director Centro Estudios Relaciones Internacionales Facultad Gobierno UDD Parte 1: http:\/\/conectamedia.s3.amazonaws.com\/6c20581158bb626bed5cec9c8dca406a.mp3 &nbsp; [&hellip;]<\/p>\n","protected":false},"author":22,"featured_media":893,"comment_status":"open","ping_status":"open","sticky":false,"template":"","format":"standard","meta":{"footnotes":""},"categories":[10162],"tags":[],"class_list":["post-4231","post","type-post","status-publish","format-standard","has-post-thumbnail","hentry","category-centro-en-la-prensa"],"featured_image_url":"https:\/\/gobierno.udd.cl\/cpp\/files\/2015\/05\/udd_cpp_prensa_340.png","_links":{"self":[{"href":"https:\/\/gobierno.udd.cl\/cpp\/wp-json\/wp\/v2\/posts\/4231","targetHints":{"allow":["GET"]}}],"collection":[{"href":"https:\/\/gobierno.udd.cl\/cpp\/wp-json\/wp\/v2\/posts"}],"about":[{"href":"https:\/\/gobierno.udd.cl\/cpp\/wp-json\/wp\/v2\/types\/post"}],"author":[{"embeddable":true,"href":"https:\/\/gobierno.udd.cl\/cpp\/wp-json\/wp\/v2\/users\/22"}],"replies":[{"embeddable":true,"href":"https:\/\/gobierno.udd.cl\/cpp\/wp-json\/wp\/v2\/comments?post=4231"}],"version-history":[{"count":1,"href":"https:\/\/gobierno.udd.cl\/cpp\/wp-json\/wp\/v2\/posts\/4231\/revisions"}],"predecessor-version":[{"id":4232,"href":"https:\/\/gobierno.udd.cl\/cpp\/wp-json\/wp\/v2\/posts\/4231\/revisions\/4232"}],"wp:featuredmedia":[{"embeddable":true,"href":"https:\/\/gobierno.udd.cl\/cpp\/wp-json\/wp\/v2\/media\/893"}],"wp:attachment":[{"href":"https:\/\/gobierno.udd.cl\/cpp\/wp-json\/wp\/v2\/media?parent=4231"}],"wp:term":[{"taxonomy":"category","embeddable":true,"href":"https:\/\/gobierno.udd.cl\/cpp\/wp-json\/wp\/v2\/categories?post=4231"},{"taxonomy":"post_tag","embeddable":true,"href":"https:\/\/gobierno.udd.cl\/cpp\/wp-json\/wp\/v2\/tags?post=4231"}],"curies":[{"name":"wp","href":"https:\/\/api.w.org\/{rel}","templated":true}]}}