{"id":4225,"date":"2019-04-25T23:27:21","date_gmt":"2019-04-26T03:27:21","guid":{"rendered":"http:\/\/gobierno.udd.cl\/cpp\/?p=4225"},"modified":"2019-04-29T23:28:59","modified_gmt":"2019-04-30T03:28:59","slug":"analisis-sobre-dichos-de-pinera-sobre-regimen-comunista-de-china-radio-adn","status":"publish","type":"post","link":"https:\/\/gobierno.udd.cl\/cpp\/noticias\/2019\/04\/25\/analisis-sobre-dichos-de-pinera-sobre-regimen-comunista-de-china-radio-adn\/","title":{"rendered":"An\u00e1lisis sobre dichos de Pi\u00f1era sobre r\u00e9gimen comunista de China &#8211; Radio ADN"},"content":{"rendered":"<p style=\"text-align: justify;\">Hoy el presidente Pi\u00f1era se refiri\u00f3 al r\u00e9gimen comunista chino encendiendo una avalancha de cr\u00edticas por el respaldo a dictadura del pa\u00eds oriental, en contraste con su rechazo al gobierno de Venezuela.<\/p>\n<p><b>Habla:<\/b> Gonzalo M\u00fcller, director Centro Pol\u00edticas P\u00fablicas de <span class=\"highlight\">Universidad<\/span> <span class=\"highlight\">del<\/span> <span class=\"highlight\">Desarrollo<\/span>; Jaime Retamal, analista pol\u00edtico de Usach<\/p>\n<p><b>Menci\u00f3n:<\/b> pacto migratorio, acuerdo de Escaz\u00fa, Corte Interamericana de Derechos Humanos; Michelle Bachelet, Alta Comisionada DD.HH. de ONU; Roberto Ampuero, canciller; Huawei<\/p>\n<p>Parte 1:<\/p>\n<audio class=\"wp-audio-shortcode\" id=\"audio-4225-1\" preload=\"none\" style=\"width: 100%;\" controls=\"controls\"><source type=\"audio\/mpeg\" src=\"http:\/\/conectamedia.s3.amazonaws.com\/d179d5ce95e5987b94ef75dbf088cfc8.mp3?_=1\" \/><a href=\"http:\/\/conectamedia.s3.amazonaws.com\/d179d5ce95e5987b94ef75dbf088cfc8.mp3\">http:\/\/conectamedia.s3.amazonaws.com\/d179d5ce95e5987b94ef75dbf088cfc8.mp3<\/a><\/audio>\n<p>&nbsp;<\/p>\n<p>Parte 2:<\/p>\n<audio class=\"wp-audio-shortcode\" id=\"audio-4225-2\" preload=\"none\" style=\"width: 100%;\" controls=\"controls\"><source type=\"audio\/mpeg\" src=\"http:\/\/conectamedia.s3.amazonaws.com\/5a5c8b89d4953f0b8a9463e8b0e03cc2.mp3?_=2\" \/><a href=\"http:\/\/conectamedia.s3.amazonaws.com\/5a5c8b89d4953f0b8a9463e8b0e03cc2.mp3\">http:\/\/conectamedia.s3.amazonaws.com\/5a5c8b89d4953f0b8a9463e8b0e03cc2.mp3<\/a><\/audio>\n","protected":false},"excerpt":{"rendered":"<p>Hoy el presidente Pi\u00f1era se refiri\u00f3 al r\u00e9gimen comunista chino encendiendo una avalancha de cr\u00edticas por el respaldo a dictadura del pa\u00eds oriental, en contraste con su rechazo al gobierno de Venezuela. Habla: Gonzalo M\u00fcller, director Centro Pol\u00edticas P\u00fablicas de Universidad del Desarrollo; Jaime Retamal, analista pol\u00edtico de Usach Menci\u00f3n: pacto migratorio, acuerdo de Escaz\u00fa, [&hellip;]<\/p>\n","protected":false},"author":22,"featured_media":893,"comment_status":"open","ping_status":"open","sticky":false,"template":"","format":"standard","meta":{"footnotes":""},"categories":[10162],"tags":[],"class_list":["post-4225","post","type-post","status-publish","format-standard","has-post-thumbnail","hentry","category-centro-en-la-prensa"],"featured_image_url":"https:\/\/gobierno.udd.cl\/cpp\/files\/2015\/05\/udd_cpp_prensa_340.png","_links":{"self":[{"href":"https:\/\/gobierno.udd.cl\/cpp\/wp-json\/wp\/v2\/posts\/4225","targetHints":{"allow":["GET"]}}],"collection":[{"href":"https:\/\/gobierno.udd.cl\/cpp\/wp-json\/wp\/v2\/posts"}],"about":[{"href":"https:\/\/gobierno.udd.cl\/cpp\/wp-json\/wp\/v2\/types\/post"}],"author":[{"embeddable":true,"href":"https:\/\/gobierno.udd.cl\/cpp\/wp-json\/wp\/v2\/users\/22"}],"replies":[{"embeddable":true,"href":"https:\/\/gobierno.udd.cl\/cpp\/wp-json\/wp\/v2\/comments?post=4225"}],"version-history":[{"count":1,"href":"https:\/\/gobierno.udd.cl\/cpp\/wp-json\/wp\/v2\/posts\/4225\/revisions"}],"predecessor-version":[{"id":4226,"href":"https:\/\/gobierno.udd.cl\/cpp\/wp-json\/wp\/v2\/posts\/4225\/revisions\/4226"}],"wp:featuredmedia":[{"embeddable":true,"href":"https:\/\/gobierno.udd.cl\/cpp\/wp-json\/wp\/v2\/media\/893"}],"wp:attachment":[{"href":"https:\/\/gobierno.udd.cl\/cpp\/wp-json\/wp\/v2\/media?parent=4225"}],"wp:term":[{"taxonomy":"category","embeddable":true,"href":"https:\/\/gobierno.udd.cl\/cpp\/wp-json\/wp\/v2\/categories?post=4225"},{"taxonomy":"post_tag","embeddable":true,"href":"https:\/\/gobierno.udd.cl\/cpp\/wp-json\/wp\/v2\/tags?post=4225"}],"curies":[{"name":"wp","href":"https:\/\/api.w.org\/{rel}","templated":true}]}}