{"id":4185,"date":"2019-04-24T21:29:12","date_gmt":"2019-04-25T01:29:12","guid":{"rendered":"http:\/\/gobierno.udd.cl\/cpp\/?p=4185"},"modified":"2019-04-29T21:34:19","modified_gmt":"2019-04-30T01:34:19","slug":"columna-de-eugenio-guzman-comedia-o-tragedia-la-tercera","status":"publish","type":"post","link":"https:\/\/gobierno.udd.cl\/cpp\/noticias\/2019\/04\/24\/columna-de-eugenio-guzman-comedia-o-tragedia-la-tercera\/","title":{"rendered":"Columna de Eugenio Guzm\u00e1n: \u00bfComedia o tragedia? &#8211; La Tercera"},"content":{"rendered":"<p style=\"text-align: justify;\">De forma resumida, una comedia es una obra que muestra de modo jocoso, es decir, humor\u00edstico, un drama que tiene un final feliz. Por el contrario, una tragedia es una obra en que no solo sus personajes son ilustres y se expresan en f\u00f3rmulas solemnes, sino que adem\u00e1s se enfrentan y su desenlace es infeliz e inevitable, siendo uno de sus posibles resultados la muerte del h\u00e9roe o protagonista.<\/p>\n<p style=\"text-align: justify;\">Lo que est\u00e1 ocurriendo con las denuncias del fiscal Sergio Moya, por cuatro hechos irregulares en las que habr\u00eda incurrido el fiscal Emiliano Arias -eventual tr\u00e1fico de influencias, obstrucci\u00f3n a la investigaci\u00f3n y presunta violaci\u00f3n de secreto-,deja la sensaci\u00f3n de que nos enfrentamos a una mezcla de comedia y tragedia (tragicomedia). Lo m\u00e1s tr\u00e1gico es que al interior del \u00f3rgano a cargo de dirigir la investigaci\u00f3n de delitos en el pa\u00eds -Ministerio P\u00fablico-se suscite una controversia de esta naturaleza, en que la principal v\u00edctima es la credibilidad del propio \u00f3rgano y, por cierto, la ciudadan\u00eda.<\/p>\n<p style=\"text-align: justify;\">Por su parte, lo \u201cc\u00f3mico\u201d, a estas alturas \u201ctragic\u00f3mico\u201d, es que un fiscal (Sergio Moya) denuncie a otro por ciertas irregularidades (Emiliano Arias) y que, a su vez, \u00e9ste acuse al acusador (Moya) de tener cierto acuerdo con el jefe de ambos (el Fiscal Nacional, Jorge Abbott). \u201cEl persecutor sostiene que recibi\u00f3 comentarios de Moya, en presencia de un tercero, respecto de una oferta que le habr\u00eda realizado Abbott -con quien Arias mantiene una larga disputa, que incluso lleg\u00f3 a la Corte Suprema-,para trasladarlo a cualquier regi\u00f3n, la que \u00e9l quisiera\u201d, seg\u00fan inform\u00f3 La Tercera.<\/p>\n<p style=\"text-align: justify;\">A mayor abundamiento, lo sorprendente es que Moya, hasta no hace mucho, era la \u201cmano derecha de Arias\u201d.<\/p>\n<p style=\"text-align: justify;\">A ello se suma que recientemente se han dado a conocer contradicciones entre la versi\u00f3n del fiscal Arias en el caso Chadwick y ciertos emails filtrados por la prensa. Por \u00faltimo, y por si fuera poco, la historia de conflictos entre Arias y Abbott lleva un largo tiempo, a lo menos desde 2017, lo que hace m\u00e1s dram\u00e1tico el caso.<\/p>\n<p style=\"text-align: justify;\">En general, cabr\u00eda preguntarse frente a una situaci\u00f3n como \u00e9sta: \u00bfQu\u00e9 podemos concluir, tanto en el caso de quienes se encuentran en conflicto con la justicia, como en el de quienes la demandan? El juicio salom\u00f3nico a mano no es muy claro, pero s\u00ed lo son el desprestigio y la desconfianza.<\/p>\n<p style=\"text-align: justify;\">Hasta ahora, el fiscal Arias ha demostrado habilidades comunicacionales importantes en su relaci\u00f3n con la prensa, particularmente con la forma de llevar adelante sus investigaciones; y, para su pesar, ha sido a trav\u00e9s de \u00e9sta que, al parecer, se ha enterado de la denuncia que se hace en su contra.<\/p>\n<p style=\"text-align: justify;\">A estas alturas, parece que nos enfrentamos a una tragedia, y solo nos hace falta conocer el desenlace, es decir, qui\u00e9n es el h\u00e9roe y qui\u00e9n el villano.<\/p>\n<p><strong>Eugenio Guzm\u00e1n\u00a0<\/strong><\/p>\n<p><strong>Decano Facultad de Gobierno\u00a0<span class=\"highlight\">UDD<\/span><\/strong><\/p>\n<p><a href=\"https:\/\/gobierno.udd.cl\/cpp\/files\/2019\/04\/eb4c4cb4-8484-46f4-be34-76a9cb3cdc24.jpg\"><img loading=\"lazy\" decoding=\"async\" class=\"alignnone size-medium wp-image-4186 aligncenter\" src=\"https:\/\/gobierno.udd.cl\/cpp\/files\/2019\/04\/eb4c4cb4-8484-46f4-be34-76a9cb3cdc24-217x300.jpg\" alt=\"\" width=\"217\" height=\"300\" srcset=\"https:\/\/gobierno.udd.cl\/cpp\/files\/2019\/04\/eb4c4cb4-8484-46f4-be34-76a9cb3cdc24-217x300.jpg 217w, https:\/\/gobierno.udd.cl\/cpp\/files\/2019\/04\/eb4c4cb4-8484-46f4-be34-76a9cb3cdc24-768x1062.jpg 768w, https:\/\/gobierno.udd.cl\/cpp\/files\/2019\/04\/eb4c4cb4-8484-46f4-be34-76a9cb3cdc24-741x1024.jpg 741w, https:\/\/gobierno.udd.cl\/cpp\/files\/2019\/04\/eb4c4cb4-8484-46f4-be34-76a9cb3cdc24-694x960.jpg 694w\" sizes=\"auto, (max-width: 217px) 100vw, 217px\" \/><\/a><\/p>\n","protected":false},"excerpt":{"rendered":"<p>De forma resumida, una comedia es una obra que muestra de modo jocoso, es decir, humor\u00edstico, un drama que tiene un final feliz. Por el contrario, una tragedia es una obra en que no solo sus personajes son ilustres y se expresan en f\u00f3rmulas solemnes, sino que adem\u00e1s se enfrentan y su desenlace es infeliz [&hellip;]<\/p>\n","protected":false},"author":22,"featured_media":893,"comment_status":"open","ping_status":"open","sticky":false,"template":"","format":"standard","meta":{"footnotes":""},"categories":[10162],"tags":[],"class_list":["post-4185","post","type-post","status-publish","format-standard","has-post-thumbnail","hentry","category-centro-en-la-prensa"],"featured_image_url":"https:\/\/gobierno.udd.cl\/cpp\/files\/2015\/05\/udd_cpp_prensa_340.png","_links":{"self":[{"href":"https:\/\/gobierno.udd.cl\/cpp\/wp-json\/wp\/v2\/posts\/4185","targetHints":{"allow":["GET"]}}],"collection":[{"href":"https:\/\/gobierno.udd.cl\/cpp\/wp-json\/wp\/v2\/posts"}],"about":[{"href":"https:\/\/gobierno.udd.cl\/cpp\/wp-json\/wp\/v2\/types\/post"}],"author":[{"embeddable":true,"href":"https:\/\/gobierno.udd.cl\/cpp\/wp-json\/wp\/v2\/users\/22"}],"replies":[{"embeddable":true,"href":"https:\/\/gobierno.udd.cl\/cpp\/wp-json\/wp\/v2\/comments?post=4185"}],"version-history":[{"count":2,"href":"https:\/\/gobierno.udd.cl\/cpp\/wp-json\/wp\/v2\/posts\/4185\/revisions"}],"predecessor-version":[{"id":4188,"href":"https:\/\/gobierno.udd.cl\/cpp\/wp-json\/wp\/v2\/posts\/4185\/revisions\/4188"}],"wp:featuredmedia":[{"embeddable":true,"href":"https:\/\/gobierno.udd.cl\/cpp\/wp-json\/wp\/v2\/media\/893"}],"wp:attachment":[{"href":"https:\/\/gobierno.udd.cl\/cpp\/wp-json\/wp\/v2\/media?parent=4185"}],"wp:term":[{"taxonomy":"category","embeddable":true,"href":"https:\/\/gobierno.udd.cl\/cpp\/wp-json\/wp\/v2\/categories?post=4185"},{"taxonomy":"post_tag","embeddable":true,"href":"https:\/\/gobierno.udd.cl\/cpp\/wp-json\/wp\/v2\/tags?post=4185"}],"curies":[{"name":"wp","href":"https:\/\/api.w.org\/{rel}","templated":true}]}}