{"id":4179,"date":"2019-04-28T21:05:06","date_gmt":"2019-04-29T01:05:06","guid":{"rendered":"http:\/\/gobierno.udd.cl\/cpp\/?p=4179"},"modified":"2019-04-29T21:21:25","modified_gmt":"2019-04-30T01:21:25","slug":"el-desembarco-politico-de-la-vieja-guardia-de-la-concertacion-el-mercurio","status":"publish","type":"post","link":"https:\/\/gobierno.udd.cl\/cpp\/noticias\/2019\/04\/28\/el-desembarco-politico-de-la-vieja-guardia-de-la-concertacion-el-mercurio\/","title":{"rendered":"El desembarco pol\u00edtico de la vieja guardia de la Concertaci\u00f3n &#8211; El Mercurio"},"content":{"rendered":"<p style=\"text-align: justify;\"><strong>28 de enero. En el XXXI Congreso del Partido Socialista, el abogado C\u00e9sar Valenzuela, exvicepresidente del partido, modera el debate de la colectividad.<\/strong><\/p>\n<p style=\"text-align: justify;\">\u2014\u00bfQui\u00e9n es Correa?<\/p>\n<p style=\"text-align: justify;\">El exl\u00edder del movimiento ping\u00fcino de 2006 no alcanza a leer bien qu\u00e9 escribi\u00f3 en el papel en el que hab\u00eda anotado a los 30 dirigentes que se hab\u00edan inscrito para hablar durante la jornada. Cada uno de ellos ten\u00eda tres minutos para exponer su visi\u00f3n sobre el partido y uno para reforzar sus ideas.<\/p>\n<p style=\"text-align: justify;\">\u2014Yo soy Germ\u00e1n Correa, dijo de pronto el soci\u00f3logo de 79 a\u00f1os, al tiempo que se levant\u00f3 de su asiento.El exministro de Transportes (1990-1992) y del Interior (1994) se ha dedicado los \u00faltimos a\u00f1os a la docencia en la Universidad Cat\u00f3lica de Valpara\u00edso y en los programas de Stanford en Chile, pero habla con seguridad. Fue presidente del PS y uno de los fundadores del \u201cTercerismo\u201d. Se trata de la corriente interna que hoy lidera \u00c1lvaro Elizalde, quien, adem\u00e1s, es el actual timonel de la colectividad.<\/p>\n<p style=\"text-align: justify;\">Correa, que cree que el partido es pr\u00e1cticamente irrelevante desde el punto de vista de la vida pol\u00edtica nacional, pide extender su exposici\u00f3n. Cuenta que hace a\u00f1os que no tiene vida partidaria, que ese mismo d\u00eda se hab\u00eda refichado en la colectividad.<\/p>\n<p style=\"text-align: justify;\">Su intervenci\u00f3n fue interrumpida a los tres minutos. C\u00e9sar Valenzuela le advierte que le queda uno. Correa trata de retomar el hilo de su intervenci\u00f3n, pero a los pocos segundos es interrumpido nuevamente. \u201cSe acabo el tiempo\u201d.<\/p>\n<p style=\"text-align: justify;\">El exministro explica lo que dijo puertas adentro: \u201cPlante\u00e9 una visi\u00f3n muy cr\u00edtica de la posici\u00f3n en el que est\u00e1 el PS para enfrentar desaf\u00edos. Una situaci\u00f3n de mucho deterioro org\u00e1nico y pol\u00edtico. Un partido donde no se debate ni se discuten grandes temas ni se fijan posiciones pol\u00edticas sobre nada en la pr\u00e1ctica. Un partido que se ha olvidado de la militancia con falta de instancias democr\u00e1ticas internas, que ha estado ausente, que no ha dado conducci\u00f3n ni ha estado en los movimientos sociales m\u00e1s importantes. Un partido que hoy est\u00e1 caminando seriamente a la irrelevancia pol\u00edtica total\u201d.<\/p>\n<p style=\"text-align: justify;\">El lunes pasado, Germ\u00e1n Correa apareci\u00f3 en la sede santiaguina del Congreso para debatir sobre el actual momento del PS. A la misma reuni\u00f3n concurri\u00f3 el exsenador Jos\u00e9 Antonio Viera-Gallo y el exsubsecretario Mahmud Aleuy, quienes preparan una lista que compita con la de \u00c1lvaro Elizalde en torno a la figura de la diputada Maya Fern\u00e1ndez.<\/p>\n<p style=\"text-align: justify;\">Se trata de figuras hist\u00f3ricas del partido, descontentas con el rumbo que ha adoptado el socialismo chileno y la oposici\u00f3n, y que en el marco del vac\u00edo de poder que dej\u00f3 el triunfo del Presidente Sebasti\u00e1n Pi\u00f1era en las \u00faltimas elecciones y el inicio de su segundo a\u00f1o en La Moneda, vuelven a la primera l\u00ednea de la pol\u00edtica que ya cobr\u00f3 una v\u00edctima: el eje PS-DC, sost\u00e9n pol\u00edtico de los gobiernos de la Concertaci\u00f3n.<\/p>\n<p style=\"text-align: justify;\">El fen\u00f3meno se repite en los partidos de la ex Nueva Mayor\u00eda.<\/p>\n<p style=\"text-align: justify;\">\u201cAlgunos se han avergonzado de su pasado y de su propia historia, pero eso ya pas\u00f3, y los partidos tradicionales tienen muy poca gente joven. Por eso es comprensible que la vieja guardia tenga un papel predominante\u201d, opina el soci\u00f3logo Eugenio Tironi.<\/p>\n<p style=\"text-align: justify;\"><strong>PS: El realineamiento de los hist\u00f3ricos<\/strong><\/p>\n<p style=\"text-align: justify;\">S\u00e1bado 30 de marzo, Comit\u00e9 Central del PS. Tras concluir la reuni\u00f3n en la que se abord\u00f3 la ronda de reuniones que sostuvo el Presidente Pi\u00f1era con los partidos de la oposici\u00f3n, un grupo de dirigentes lleg\u00f3 a la sede del partido, a pocas cuadras de la Iglesia de San Francisco, en Santiago Centro. Era una suerte de cumbre del sector de la Nueva Izquierda, reconocido como el m\u00e1s duro del partido, que deb\u00eda definir si apoyaba o no la reelecci\u00f3n del senador \u00c1lvaro Elizalde.<\/p>\n<p style=\"text-align: justify;\">Fue una reuni\u00f3n tensa y termin\u00f3 quebrando una alianza hist\u00f3rica: la del vicepresidente Camilo Escalona y el exsubsecretario del Interior, Mahmud Aleuy. Hay socialistas que a\u00fan los recuerdan como Alfonso y Pancho Garc\u00eda, los seud\u00f3nimos que usaban \u2014respectivamente\u2014 en sus a\u00f1os de clandestinidad.<\/p>\n<p style=\"text-align: justify;\">Aleuy pidi\u00f3 la palabra en la reuni\u00f3n y critic\u00f3 con particular crudeza la gesti\u00f3n de \u00c1lvaro Elizalde al mando del PS. Algunos de los presentes, en medio del bullicio que hab\u00eda en el lugar, escucharon frases que apuntaban a cierta \u201cincompetencia\u201d.<\/p>\n<p style=\"text-align: justify;\">El exsubsecretario, de acuerdo a consultados, apunt\u00f3 de alguna manera a refundar el PS y no apoyar la continuidad de Elizalde. Y si bien no critic\u00f3 a Escalona, cuya gesti\u00f3n hasta habr\u00eda valorado, el exsenador fue muy duro cuando se pidi\u00f3 votar la posici\u00f3n de la Nueva Izquierda y su otrora aliado no cejaba en su posici\u00f3n. \u201cTe agradezco, pero tu posici\u00f3n es mesi\u00e1nica\u201d, le habr\u00eda dicho directamente.<\/p>\n<p style=\"text-align: justify;\">El exsubsecretario se levant\u00f3 de su puesto y se retir\u00f3 de la reuni\u00f3n.<\/p>\n<p style=\"text-align: justify;\">Escalona es hoy un reconocido cercano del senador Elizalde. No pocos socialistas dicen que, pese a haber estado en veredas opuestas en distintos temas, como el apoyo interno que otorg\u00f3 el exsenador a la opci\u00f3n presidencial de Ricardo Lagos, en 2017, hoy es su consejero m\u00e1s influyente.<\/p>\n<p style=\"text-align: justify;\">El expresidente del PS no es partidario de insistir en un eje entre la DC y el PS, amenazado por la posibilidad de que la izquierda \u2014incluyendo al Frente Amplio\u2014 construya un bloque com\u00fan que desestibe electoralmente a los socialistas.<\/p>\n<p style=\"text-align: justify;\">Para algunos analistas, se trata de un aspecto central en el debate pol\u00edtico interno de la ex Nueva Mayor\u00eda.<\/p>\n<p style=\"text-align: justify;\">Elizalde cuenta con el apoyo de influyentes senadores, como Isabel Allende y Carlos Montes. La diputada Maya Fern\u00e1ndez, adem\u00e1s de Mahmud Aleuy, considerado una pieza central en su campa\u00f1a, tiene el respaldo de los exministros de Michelle Bachelet, Jos\u00e9 Antonio Viera-Gallo, Soledad Barr\u00eda y Gabriel de la Fuente, entre otros. En esa lista se encuentra el diputado Marcelo Schilling, quien llam\u00f3 personalmente a Viera-Gallo para que se sumara.<\/p>\n<p style=\"text-align: justify;\">Una de las \u00faltimas veces que Viera- Gallo asisti\u00f3 al Comit\u00e9 Central socialista fue entre 2009 y 2010, como ministro de la Segpres, pero no como integrante de la instancia. El mi\u00e9rcoles pasado, mismo d\u00eda en que se anunci\u00f3 formalmente su postulaci\u00f3n, termin\u00f3 su traducci\u00f3n al castellano de \u201cEl Pr\u00edncipe\u201d, su \u00faltimo proyecto.<\/p>\n<p style=\"text-align: justify;\">Dedicado a ejercer su profesi\u00f3n de abogado, el exsenador dice que \u201cse ha cumplido una etapa luego de la derrota presidencial anterior. Este Gobierno ha demostrado sus l\u00edmites y la oposici\u00f3n requiere dar un cierto vuelco para generar una alternativa que conecte con el Chile actual, recuperando las actuales tradiciones de la centroizquierda\u201d.<\/p>\n<p style=\"text-align: justify;\"><strong>DC: Los consejeros<\/strong><\/p>\n<p style=\"text-align: justify;\">A diferencia de los socialistas, que eligi\u00f3 19 diputados y siete senadores en noviembre de 2017, la DC enfrent\u00f3 una debacle electoral: su candidata presidencial obtuvo el 5,9% \u2014Carolina Goic\u2014 y el resultado en las parlamentarias fue el peor desde la fundaci\u00f3n de la colectividad. La sobrevivencia pol\u00edtica y electoral, en este caso, fue el escenario que, seg\u00fan explican internamente, allan\u00f3 el desembarco de la vieja guardia.<\/p>\n<p style=\"text-align: justify;\">A la ceremonia en que asumi\u00f3 Fuad Chahin la presidencia del partido, hace poco m\u00e1s de un a\u00f1o, lleg\u00f3 el exministro Ren\u00e9 Cort\u00e1zar y el exsenador Andr\u00e9s Zald\u00edvar. Esos mismos d\u00edas llegaron algunos hist\u00f3ricos a una reuni\u00f3n en la residencia del exministro Jorge Burgos. Junto a Chahin se sentaron el constitucionalista Patricio Zapata, el exsenador Patricio Walker y Genaro Arriagada.<\/p>\n<p style=\"text-align: justify;\">Se discutieron varios temas, pero principalmente, la hoja de ruta del partido.<\/p>\n<p style=\"text-align: justify;\">Al igual que varios hist\u00f3ricos, Arriagada form\u00f3 parte de los gobiernos de la Concertaci\u00f3n y tiene amplias redes en el mundo pol\u00edtico.<\/p>\n<p style=\"text-align: justify;\">En su caso, trabaj\u00f3 en la campa\u00f1a interna para que el exdiputado saliera elegido como presidente del partido y es considerado hoy su asesor m\u00e1s influyente: Suelen hablar tres veces por semana y abordar aspectos estrat\u00e9gicos de la agenda de la colectividad, que ha tomado distancia de algunas decisiones de la izquierda y concurrido a acuerdos con La Moneda, como sucedi\u00f3 con la idea de legislar de la reforma tributaria y, como se prev\u00e9, ocurra en la previsional.<\/p>\n<p style=\"text-align: justify;\">Exconsejero de Eduardo Frei Ruiz-Tagle, Arriagada ha dicho p\u00fablicamente que una alianza que vaya desde la DC hasta el PC equivale a un derrumbe electoral y pol\u00edtico del partido. El diagn\u00f3stico es compartido por otras figuras de peso que suelen respaldar a la directiva, como Burgos, Zald\u00edvar y otro exministro que estar\u00eda adquiriendo mayor influencia: Edmundo P\u00e9rez Yoma.<\/p>\n<p style=\"text-align: justify;\">En el partido explican que cuando Chahin necesita de asesor\u00eda, se comunica con Arriagada para pedirle que organice una reuni\u00f3n que, por lo general, termina en una comida.<\/p>\n<p style=\"text-align: justify;\">En lo econ\u00f3mico y program\u00e1tico, el poder del directorio del Cieplan \u2014que se fund\u00f3 en 1976\u2014 es incomparable. Los exministros Cort\u00e1zar, Alejandro Foxley y Jos\u00e9 Pablo Arellano, de hecho, forman parte de lo que algunos llaman \u201cequipo pol\u00edtico-estrat\u00e9gico\u201d, que sirve como una instancia asesora para las decisiones de la mesa.<\/p>\n<p style=\"text-align: justify;\">En su mayor\u00eda, dicen en la DC, los consejeros de Chahin son m\u00e1s cercanos al mundo conservador de la colectividad, defensores de la gesti\u00f3n de los gobiernos de la Concertaci\u00f3n, partidarios de mover el partido hacia el centro y entablar un di\u00e1logo con la oposici\u00f3n.<\/p>\n<p style=\"text-align: justify;\">Todos prefieren mantener un bajo perfil y ninguno de ellos tiene el amplio poder interno del exdiputado.<\/p>\n<p style=\"text-align: justify;\">\u201cHay un esfuerzo claro y evidente por tratar de reconstruir lo que fue la antigua Concertaci\u00f3n. Hay un movimiento pol\u00edtico que busca hacer madurar a la fuerza a las nuevas directivas de los partidos que, al parecer, no tienen la convicci\u00f3n suficiente para poder leer algo de sentido com\u00fan\u201d, afirma el experto electoral de la DC, Mauricio Morales.<\/p>\n<p style=\"text-align: justify;\"><strong>PPD: El regreso de los exministros<\/strong><\/p>\n<p style=\"text-align: justify;\">En el PPD existe un grupo de WhatsApp llamado \u201cCom\u00fan Lab\u201d. Participan, entre otros, los exministros Nicol\u00e1s Eyzaguirre, Adriana Delpiano, Rodrigo Vald\u00e9s, Andr\u00e9s G\u00f3mez-Lobo, Helia Molina y Sergio Bitar, adem\u00e1s de la exembajadora Marta Mauras y, en menor medida, la exvocera de gobierno, Carolina Toh\u00e1.<\/p>\n<p style=\"text-align: justify;\">Por WhatsApp, seg\u00fan uno de sus integrantes, discuten constantemente sobre los pasos que debe seguir el PPD y la necesidad de renovar las ideas del partido. Parte de ese debate, de alguna manera, deber\u00e1 emanar del pr\u00f3ximo Congreso Ideol\u00f3gico Estrat\u00e9gico de la colectividad, que se llevar\u00e1 a cabo el 25 de mayo.<\/p>\n<p style=\"text-align: justify;\">La situaci\u00f3n en el partido ha sido compleja. En la \u00faltima elecci\u00f3n parlamentaria alcanz\u00f3 solo la mitad de diputados de la que ten\u00eda en 1997, quedando solo con ocho representantes en la C\u00e1mara Baja.<\/p>\n<p style=\"text-align: justify;\">De ah\u00ed que, con el objetivo de marcar una hoja de ruta, el PPD ha realizado este a\u00f1o dos encuestas dirigidas a sus militantes. La primera de ellas consultaba si se sent\u00edan m\u00e1s identificados con Salvador Allende, Martin Luther King, Nelson Mandela, Mahatma Gandhi o Ernesto \u201cChe\u201d Guevara.De los encuestados, un 50% dijo sentirse representado por Allende, un 24,7% por Mandela y menos de un 1% por el \u201cChe\u201d Guevara.<\/p>\n<p style=\"text-align: justify;\">Del mismo modo, un 28,5% afirm\u00f3 que Clotario Blest es el personaje de la historia de Chile que m\u00e1s admira \u2014seguido por V\u00edctor Jara, el Padre Alberto Hurtado, Violeta Parra y Pablo Neruda\u2014 y un 68,2% se\u00f1al\u00f3 que Jos\u00e9 \u201cPepe\u201d Mujica es el pol\u00edtico que m\u00e1s los representa.<\/p>\n<p style=\"text-align: justify;\">Los resultados finales de ambos estudios se dar\u00e1n a conocer el pr\u00f3ximo 25 de mayo.<\/p>\n<p style=\"text-align: justify;\">Sergio Bitar, exministro de los gobiernos de Salvador Allende, Ricardo Lagos y Michelle Bachelet, ha tenido un rol en la rearticulaci\u00f3n del partido. El hoy presidente del Consejo Chileno de Prospectiva y Estrategia y senior fellow del Inter-American Dialogue, con sede en Washington, llam\u00f3 uno a uno a los diputados que conforman la bancada del PPD. Buscaba convencerlos de que apoyaran el proyecto de ley TPP11, que fue impulsado por el excanciller y actual presidente del partido, Heraldo Mu\u00f1oz.<\/p>\n<p style=\"text-align: justify;\">Las gestiones, sin embargo, no fueron suficientes: los parlamentarios rechazaron la semana pasada en bloque la iniciativa, propinando un rev\u00e9s a Mu\u00f1oz, que aparece como una posible carta presidencial.<\/p>\n<p style=\"text-align: justify;\">A\u00fan as\u00ed, para nadie es un secreto la influencia que tiene Bitar, un hist\u00f3rico de la Concertaci\u00f3n, en el PPD. Conversa de manera constante con el excanciller, quien, de acuerdo a algunos analistas, arrastra un problema complejo: su poder depende, en buena medida, de otros actores con peso interno en la colectividad.<\/p>\n<p style=\"text-align: justify;\">En el Senado est\u00e1 Guido Girardi, Felipe Harboe y Ricardo Lagos Weber, entre otros. El exvocero de Bachelet, junto al senador Jorge Soria, el exdiputado Antonio Leal, la exministra Paula Sabal y el exjefe de bancada Ricardo Celis, realizaron el lunes pasado un congreso autoconvocado para discutir precisamente la hoja de ruta de la colectividad.<\/p>\n<p style=\"text-align: justify;\">\u201cEl ciclo de la Concertaci\u00f3n termin\u00f3, pero 20 a\u00f1os en La Moneda equivalen como a dos doctorados en pol\u00edtica. Entonces, esa gente no se puede ir a la casa y deben aportar su experiencia de todos esos a\u00f1os para poder comunic\u00e1rselas a las generaciones m\u00e1s j\u00f3venes. Es importante un matrimonio entre la experiencia y lo nuevo\u201d, dice el vicepresidente, Francisco Vidal.<\/p>\n<p style=\"text-align: justify;\">Y agrega: \u201cLos cuadros de reemplazo, generacional y pol\u00edtico, no dan el ancho todav\u00eda. Le faltan varios a\u00f1os de combate\u201d.<\/p>\n<p style=\"text-align: justify;\">En este contexto, el expresidente de la C\u00e1mara de Diputados, V\u00edctor Barrueto, lider\u00f3 una comisi\u00f3n estrat\u00e9gica en enero del a\u00f1o pasado que dur\u00f3 casi nueve meses. Sus conclusiones se discutir\u00e1n en el Congreso Ideol\u00f3gico Estrat\u00e9gico de la colectividad.<\/p>\n<p style=\"text-align: justify;\"><strong>PR: El factor Navarrete<\/strong><\/p>\n<p style=\"text-align: justify;\">Fue hace exactamente un a\u00f1o cuando volvi\u00f3 a Chile el exsubsecretario de Investigaciones de Bachelet, exembajador de Chile en Colombia y exsenador radical a inicios de la transici\u00f3n, Ricardo Navarrete.<\/p>\n<p style=\"text-align: justify;\">Reci\u00e9n aterrizado en Chile, recibi\u00f3 el llamado del exministro Carlos Maldonado para que lo apoyara en su opci\u00f3n de competirle al entonces presidente del partido, Ernesto Velasco, en los comicios internos.<\/p>\n<p style=\"text-align: justify;\">\u201cGato\u201d Navarrete, como le dicen sus amigos, manej\u00f3 en los 80&#8242; buena parte de la m\u00e1quina radical.<\/p>\n<p style=\"text-align: justify;\">Hoy se ha convertido en uno de los dirigentes m\u00e1s influyentes del PR. El exsenador se desempe\u00f1a actualmente como miembro del Comit\u00e9 Ejecutivo Nacional (CEN) y es partidario de tender puentes de di\u00e1logo con el Gobierno: apoy\u00f3 la idea de que Maldonado acudiera a la cena que ofreci\u00f3 en La Moneda el Presidente Pi\u00f1era a Jair Bolsonaro, el 23 de marzo, lo que finalmente no se concret\u00f3.<\/p>\n<p style=\"text-align: justify;\">\u201cUno nunca se va de la pol\u00edtica\u201d, dice.<\/p>\n<p>Coincide el analista pol\u00edtico de la\u00a0<span class=\"highlight\">UDD<\/span>, Eugenio Guzm\u00e1n: \u201cNing\u00fan pol\u00edtico se va de la casa, solo despu\u00e9s de muerto\u201d.<br \/>\n<a href=\"https:\/\/gobierno.udd.cl\/cpp\/files\/2019\/04\/2019-04-28_MA3IUP82.jpg\"><img loading=\"lazy\" decoding=\"async\" class=\"alignnone size-medium wp-image-4180 aligncenter\" src=\"https:\/\/gobierno.udd.cl\/cpp\/files\/2019\/04\/2019-04-28_MA3IUP82-160x300.jpg\" alt=\"\" width=\"160\" height=\"300\" srcset=\"https:\/\/gobierno.udd.cl\/cpp\/files\/2019\/04\/2019-04-28_MA3IUP82-160x300.jpg 160w, https:\/\/gobierno.udd.cl\/cpp\/files\/2019\/04\/2019-04-28_MA3IUP82-768x1442.jpg 768w, https:\/\/gobierno.udd.cl\/cpp\/files\/2019\/04\/2019-04-28_MA3IUP82-545x1024.jpg 545w, https:\/\/gobierno.udd.cl\/cpp\/files\/2019\/04\/2019-04-28_MA3IUP82-511x960.jpg 511w, https:\/\/gobierno.udd.cl\/cpp\/files\/2019\/04\/2019-04-28_MA3IUP82.jpg 1440w\" sizes=\"auto, (max-width: 160px) 100vw, 160px\" \/><\/a><\/p>\n","protected":false},"excerpt":{"rendered":"<p>Fueron ministros o senadores durante la transici\u00f3n y hoy, en el segundo a\u00f1o del Presidente Pi\u00f1era, reaparecieron en la primera l\u00ednea. La influencia de Genaro Arriagada y Camilo Escalona es creciente en la DC y el PS, cuya alianza \u2014que sostuvo a los gobiernos de centroizquierda en las \u00faltimas dos d\u00e9cadas\u2014 se prev\u00e9 dif\u00edcil de reeditar. Los escenarios que enfrentan los partidos de la oposici\u00f3n son distintos entre s\u00ed.<\/p>\n","protected":false},"author":22,"featured_media":893,"comment_status":"open","ping_status":"open","sticky":false,"template":"","format":"standard","meta":{"footnotes":""},"categories":[10162],"tags":[],"class_list":["post-4179","post","type-post","status-publish","format-standard","has-post-thumbnail","hentry","category-centro-en-la-prensa"],"featured_image_url":"https:\/\/gobierno.udd.cl\/cpp\/files\/2015\/05\/udd_cpp_prensa_340.png","_links":{"self":[{"href":"https:\/\/gobierno.udd.cl\/cpp\/wp-json\/wp\/v2\/posts\/4179","targetHints":{"allow":["GET"]}}],"collection":[{"href":"https:\/\/gobierno.udd.cl\/cpp\/wp-json\/wp\/v2\/posts"}],"about":[{"href":"https:\/\/gobierno.udd.cl\/cpp\/wp-json\/wp\/v2\/types\/post"}],"author":[{"embeddable":true,"href":"https:\/\/gobierno.udd.cl\/cpp\/wp-json\/wp\/v2\/users\/22"}],"replies":[{"embeddable":true,"href":"https:\/\/gobierno.udd.cl\/cpp\/wp-json\/wp\/v2\/comments?post=4179"}],"version-history":[{"count":1,"href":"https:\/\/gobierno.udd.cl\/cpp\/wp-json\/wp\/v2\/posts\/4179\/revisions"}],"predecessor-version":[{"id":4181,"href":"https:\/\/gobierno.udd.cl\/cpp\/wp-json\/wp\/v2\/posts\/4179\/revisions\/4181"}],"wp:featuredmedia":[{"embeddable":true,"href":"https:\/\/gobierno.udd.cl\/cpp\/wp-json\/wp\/v2\/media\/893"}],"wp:attachment":[{"href":"https:\/\/gobierno.udd.cl\/cpp\/wp-json\/wp\/v2\/media?parent=4179"}],"wp:term":[{"taxonomy":"category","embeddable":true,"href":"https:\/\/gobierno.udd.cl\/cpp\/wp-json\/wp\/v2\/categories?post=4179"},{"taxonomy":"post_tag","embeddable":true,"href":"https:\/\/gobierno.udd.cl\/cpp\/wp-json\/wp\/v2\/tags?post=4179"}],"curies":[{"name":"wp","href":"https:\/\/api.w.org\/{rel}","templated":true}]}}