{"id":4171,"date":"2019-04-12T00:04:58","date_gmt":"2019-04-12T03:04:58","guid":{"rendered":"http:\/\/gobierno.udd.cl\/cpp\/?p=4171"},"modified":"2019-04-23T00:07:32","modified_gmt":"2019-04-23T03:07:32","slug":"mike-pompeo-se-reunira-con-sebastian-pinera-radio-bio-bio","status":"publish","type":"post","link":"https:\/\/gobierno.udd.cl\/cpp\/noticias\/2019\/04\/12\/mike-pompeo-se-reunira-con-sebastian-pinera-radio-bio-bio\/","title":{"rendered":"Mike Pompeo se reunir\u00e1 con Sebasti\u00e1n Pi\u00f1era &#8211; Radio Bio-B\u00edo"},"content":{"rendered":"<p style=\"text-align: justify;\">El secretario de Estado de Estados Unidos, Mike Pompeo, se reunir\u00e1 con el presidente Sebasti\u00e1n Pi\u00f1era, con una agenda interna para discutir temas relevantes, como la actual situaci\u00f3n de Venezuela.<\/p>\n<p style=\"text-align: justify;\"><b>Habla:<\/b>\u00a0<span class=\"highlight\">Guido<\/span>\u00a0<span class=\"highlight\">Larson<\/span>, analista internacional UDD.<\/p>\n<p style=\"text-align: justify;\"><b>Menci\u00f3n:<\/b>\u00a0Universidad del Desarrollo.<\/p>\n<audio class=\"wp-audio-shortcode\" id=\"audio-4171-1\" preload=\"none\" style=\"width: 100%;\" controls=\"controls\"><source type=\"audio\/mpeg\" src=\"http:\/\/conectamedia.s3.amazonaws.com\/7370f1b1287461b23cb9f0c9275fb724.mp3?_=1\" \/><a href=\"http:\/\/conectamedia.s3.amazonaws.com\/7370f1b1287461b23cb9f0c9275fb724.mp3\">http:\/\/conectamedia.s3.amazonaws.com\/7370f1b1287461b23cb9f0c9275fb724.mp3<\/a><\/audio>\n","protected":false},"excerpt":{"rendered":"<p>El secretario de Estado de Estados Unidos, Mike Pompeo, se reunir\u00e1 con el presidente Sebasti\u00e1n Pi\u00f1era, con una agenda interna para discutir temas relevantes, como la actual situaci\u00f3n de Venezuela. Habla:\u00a0Guido\u00a0Larson, analista internacional UDD. Menci\u00f3n:\u00a0Universidad del Desarrollo.<\/p>\n","protected":false},"author":22,"featured_media":893,"comment_status":"open","ping_status":"open","sticky":false,"template":"","format":"standard","meta":{"footnotes":""},"categories":[10162],"tags":[],"class_list":["post-4171","post","type-post","status-publish","format-standard","has-post-thumbnail","hentry","category-centro-en-la-prensa"],"featured_image_url":"https:\/\/gobierno.udd.cl\/cpp\/files\/2015\/05\/udd_cpp_prensa_340.png","_links":{"self":[{"href":"https:\/\/gobierno.udd.cl\/cpp\/wp-json\/wp\/v2\/posts\/4171","targetHints":{"allow":["GET"]}}],"collection":[{"href":"https:\/\/gobierno.udd.cl\/cpp\/wp-json\/wp\/v2\/posts"}],"about":[{"href":"https:\/\/gobierno.udd.cl\/cpp\/wp-json\/wp\/v2\/types\/post"}],"author":[{"embeddable":true,"href":"https:\/\/gobierno.udd.cl\/cpp\/wp-json\/wp\/v2\/users\/22"}],"replies":[{"embeddable":true,"href":"https:\/\/gobierno.udd.cl\/cpp\/wp-json\/wp\/v2\/comments?post=4171"}],"version-history":[{"count":2,"href":"https:\/\/gobierno.udd.cl\/cpp\/wp-json\/wp\/v2\/posts\/4171\/revisions"}],"predecessor-version":[{"id":4173,"href":"https:\/\/gobierno.udd.cl\/cpp\/wp-json\/wp\/v2\/posts\/4171\/revisions\/4173"}],"wp:featuredmedia":[{"embeddable":true,"href":"https:\/\/gobierno.udd.cl\/cpp\/wp-json\/wp\/v2\/media\/893"}],"wp:attachment":[{"href":"https:\/\/gobierno.udd.cl\/cpp\/wp-json\/wp\/v2\/media?parent=4171"}],"wp:term":[{"taxonomy":"category","embeddable":true,"href":"https:\/\/gobierno.udd.cl\/cpp\/wp-json\/wp\/v2\/categories?post=4171"},{"taxonomy":"post_tag","embeddable":true,"href":"https:\/\/gobierno.udd.cl\/cpp\/wp-json\/wp\/v2\/tags?post=4171"}],"curies":[{"name":"wp","href":"https:\/\/api.w.org\/{rel}","templated":true}]}}