{"id":4161,"date":"2019-04-16T23:45:34","date_gmt":"2019-04-17T02:45:34","guid":{"rendered":"http:\/\/gobierno.udd.cl\/cpp\/?p=4161"},"modified":"2019-04-22T23:51:14","modified_gmt":"2019-04-23T02:51:14","slug":"senador-manuel-jose-ossandon-se-refirio-a-la-ministra-que-sacaria-del-gobierno-radio-cooperativa","status":"publish","type":"post","link":"https:\/\/gobierno.udd.cl\/cpp\/noticias\/2019\/04\/16\/senador-manuel-jose-ossandon-se-refirio-a-la-ministra-que-sacaria-del-gobierno-radio-cooperativa\/","title":{"rendered":"Senador Manuel Jos\u00e9 Ossand\u00f3n se refiri\u00f3 a la ministra que sacar\u00eda del Gobierno &#8211; Radio Cooperativa"},"content":{"rendered":"<p style=\"text-align: justify;\">El senador Manuel Jos\u00e9 Ossand\u00f3n (RN) asegur\u00f3 en El Diario de Cooperativa que \u00e9l sacar\u00eda del Gobierno a la ministra de Energ\u00eda, Susana Jim\u00e9nez, pues -afirm\u00f3- la pol\u00e9mica con los medidores inteligentes fue \u00abimpresentable\u00bb.<\/p>\n<p style=\"text-align: justify;\"><b>Habla:<\/b>\u00a0David Morales, secretario general de la DC; Eugenio Guzm\u00e1n, Decano Facultad de Gobierno UDD; Alberto Mayol, ex candidato presidencial del Frente Amplio; Teodoro Rivera, ex ministro de Justicia RN.<\/p>\n<p style=\"text-align: justify;\"><b>Menci\u00f3n:<\/b>\u00a0<span class=\"highlight\">Universidad<\/span>\u00a0<span class=\"highlight\">del<\/span>\u00a0<span class=\"highlight\">Desarrollo<\/span>.<\/p>\n<audio class=\"wp-audio-shortcode\" id=\"audio-4161-1\" preload=\"none\" style=\"width: 100%;\" controls=\"controls\"><source type=\"audio\/mpeg\" src=\"http:\/\/conectamedia.s3.amazonaws.com\/6d141b44dc43ad90c2480b6c7d27b5ed.mp3?_=1\" \/><a href=\"http:\/\/conectamedia.s3.amazonaws.com\/6d141b44dc43ad90c2480b6c7d27b5ed.mp3\">http:\/\/conectamedia.s3.amazonaws.com\/6d141b44dc43ad90c2480b6c7d27b5ed.mp3<\/a><\/audio>\n","protected":false},"excerpt":{"rendered":"<p>El senador Manuel Jos\u00e9 Ossand\u00f3n (RN) asegur\u00f3 en El Diario de Cooperativa que \u00e9l sacar\u00eda del Gobierno a la ministra de Energ\u00eda, Susana Jim\u00e9nez, pues -afirm\u00f3- la pol\u00e9mica con los medidores inteligentes fue \u00abimpresentable\u00bb. Habla:\u00a0David Morales, secretario general de la DC; Eugenio Guzm\u00e1n, Decano Facultad de Gobierno UDD; Alberto Mayol, ex candidato presidencial del Frente [&hellip;]<\/p>\n","protected":false},"author":22,"featured_media":893,"comment_status":"open","ping_status":"open","sticky":false,"template":"","format":"standard","meta":{"footnotes":""},"categories":[10162],"tags":[],"class_list":["post-4161","post","type-post","status-publish","format-standard","has-post-thumbnail","hentry","category-centro-en-la-prensa"],"featured_image_url":"https:\/\/gobierno.udd.cl\/cpp\/files\/2015\/05\/udd_cpp_prensa_340.png","_links":{"self":[{"href":"https:\/\/gobierno.udd.cl\/cpp\/wp-json\/wp\/v2\/posts\/4161","targetHints":{"allow":["GET"]}}],"collection":[{"href":"https:\/\/gobierno.udd.cl\/cpp\/wp-json\/wp\/v2\/posts"}],"about":[{"href":"https:\/\/gobierno.udd.cl\/cpp\/wp-json\/wp\/v2\/types\/post"}],"author":[{"embeddable":true,"href":"https:\/\/gobierno.udd.cl\/cpp\/wp-json\/wp\/v2\/users\/22"}],"replies":[{"embeddable":true,"href":"https:\/\/gobierno.udd.cl\/cpp\/wp-json\/wp\/v2\/comments?post=4161"}],"version-history":[{"count":3,"href":"https:\/\/gobierno.udd.cl\/cpp\/wp-json\/wp\/v2\/posts\/4161\/revisions"}],"predecessor-version":[{"id":4164,"href":"https:\/\/gobierno.udd.cl\/cpp\/wp-json\/wp\/v2\/posts\/4161\/revisions\/4164"}],"wp:featuredmedia":[{"embeddable":true,"href":"https:\/\/gobierno.udd.cl\/cpp\/wp-json\/wp\/v2\/media\/893"}],"wp:attachment":[{"href":"https:\/\/gobierno.udd.cl\/cpp\/wp-json\/wp\/v2\/media?parent=4161"}],"wp:term":[{"taxonomy":"category","embeddable":true,"href":"https:\/\/gobierno.udd.cl\/cpp\/wp-json\/wp\/v2\/categories?post=4161"},{"taxonomy":"post_tag","embeddable":true,"href":"https:\/\/gobierno.udd.cl\/cpp\/wp-json\/wp\/v2\/tags?post=4161"}],"curies":[{"name":"wp","href":"https:\/\/api.w.org\/{rel}","templated":true}]}}