{"id":4139,"date":"2019-04-19T22:37:52","date_gmt":"2019-04-20T01:37:52","guid":{"rendered":"http:\/\/gobierno.udd.cl\/cpp\/?p=4139"},"modified":"2019-04-22T22:51:55","modified_gmt":"2019-04-23T01:51:55","slug":"editorial-cuarta-edad-en-la-region-de-nuble-cronica-de-chillan","status":"publish","type":"post","link":"https:\/\/gobierno.udd.cl\/cpp\/noticias\/2019\/04\/19\/editorial-cuarta-edad-en-la-region-de-nuble-cronica-de-chillan\/","title":{"rendered":"Editorial: \u201cCuarta Edad\u201d en la Regi\u00f3n de \u00d1uble &#8211; Cr\u00f3nica de Chill\u00e1n"},"content":{"rendered":"<p style=\"text-align: justify;\">A ra\u00edz de la modificaci\u00f3n a la ley 19.828 que cre\u00f3 el Servicio Nacional del Adulto Mayor; a partir del de marzo de este a\u00f1o se reconoce a todas aquellas personas que hayan cumplido 80 a\u00f1os o m\u00e1s como parte de la denominada \u201ccuarta edad\u201d. En nuestro pa\u00eds, un total de 470.756 personas entran en esta categor\u00eda, lo que equivale pr\u00e1cticamente a casi toda la poblaci\u00f3n de la Regi\u00f3n de \u00d1uble, catastrada en el Censo 2017 (480.609).<\/p>\n<p style=\"text-align: justify;\">En nuestra regi\u00f3n, sin embargo, un informe estad\u00edstico dela\u00a0<span class=\"highlight\">Universidad<\/span>\u00a0<span class=\"highlight\">del<\/span>\u00a0<span class=\"highlight\">Desarrollo<\/span>\u00a0en conjunto con la Caja de Compensaci\u00f3n Los H\u00e9roes contabiliz\u00f3 a 14.900 personas en este rango et\u00e1reo, lo que se traduce en un 3,1% del total regional.\u00a0A partir de esta categorizaci\u00f3n, se busca establecer un trabajo m\u00e1s espec\u00edfico en cuanto a pol\u00edticas p\u00fablicas que apunten directamente a adultos mayores generalmente m\u00e1s vulnerables y que entre sus caracter\u00edsticas re\u00fanen condiciones de multi-enfermedad, cronicidad y discapacidades, adem\u00e1s de una mayor dependencia.<\/p>\n<p style=\"text-align: justify;\">Si bien el mayor porcentaje de las y los adultos del la cuarta edad tienen residencia en las zonas urbanas, m\u00e1s de 5 mil personas viven en zonas rurales, donde tienen m\u00e1s dificultades de acceso a atenci\u00f3n de salud oportuna, especializada, as\u00ed como a servicios o centros de atenci\u00f3n.<\/p>\n<p style=\"text-align: justify;\">A lo anterior se suma que los adultos mayores en \u00d1uble exhiben cifras de pobreza de 9,56%, muy superior al 4,54% promedio pa\u00eds, as\u00ed como tambi\u00e9n de mala salud, de acuerdo a un estudio elaborado por el Centro de Estudios de la Realidad Regional (CER) en conjunto con la Escuela de Negocios dela Universidad de las Am\u00e9ricas, con datos de la Casen y del Censo 2017.<\/p>\n<p style=\"text-align: justify;\">Para ir cambiando esta realidad, el Plan \u00d1uble que se encuentra en ejecuci\u00f3n considera, en espec\u00edfico para este segmento, cuatro condominios de viviendas tuteladas, dos en ejecuci\u00f3n en San Ignacio y Bulnes que iniciar\u00e1n este 2019 con cupos para 85 adultos mayores, adem\u00e1s de cuatro centros diurnos comunitarios, que estar\u00e1n emplazados en las capitales provinciales y Chill\u00e1n.\u00a0Por su parte, desde el Servicio Nacional del Adulto Mayor est\u00e1n apoyando fuertemente la certificaci\u00f3n ante la OMS de \u201cCiudades Amigables con los Adultos Mayores\u201d, parte del Pro-grama Adulto Mejor que busca fomentar que las personas mayores envejezcan de manera activa, promueve la inclusi\u00f3n y contribuye en aspectos dela vida diaria de esas personas.\u00a0A la fecha, la comuna de Quill\u00f3n es un ejemplo de proactividad en tal sentido, a la que se le suman El Carmen, Chill\u00e1n, Coihueco y San Ignacio, que ya han firmado sus cartas de compromiso.<\/p>\n<p style=\"text-align: justify;\">Cabe recordar que \u00d1uble es la segunda regi\u00f3n del pa\u00eds con mayor proporci\u00f3n de adultos mayores (47,9%), lo que obliga a sus autoridades a pensar en pol\u00edticas cada vez m\u00e1s concretas para apoyar a los grupos m\u00e1s vulnerables dela sociedad.<\/p>\n<p><a href=\"https:\/\/gobierno.udd.cl\/cpp\/files\/2019\/04\/2019-04-19_www.cronicachillan.cl_19_04_19_pag_08-1440-64c850.jpg\"><img loading=\"lazy\" decoding=\"async\" class=\"size-medium wp-image-4140 aligncenter\" src=\"https:\/\/gobierno.udd.cl\/cpp\/files\/2019\/04\/2019-04-19_www.cronicachillan.cl_19_04_19_pag_08-1440-64c850-210x300.jpg\" alt=\"\" width=\"210\" height=\"300\" srcset=\"https:\/\/gobierno.udd.cl\/cpp\/files\/2019\/04\/2019-04-19_www.cronicachillan.cl_19_04_19_pag_08-1440-64c850-210x300.jpg 210w, https:\/\/gobierno.udd.cl\/cpp\/files\/2019\/04\/2019-04-19_www.cronicachillan.cl_19_04_19_pag_08-1440-64c850-768x1098.jpg 768w, https:\/\/gobierno.udd.cl\/cpp\/files\/2019\/04\/2019-04-19_www.cronicachillan.cl_19_04_19_pag_08-1440-64c850-717x1024.jpg 717w, https:\/\/gobierno.udd.cl\/cpp\/files\/2019\/04\/2019-04-19_www.cronicachillan.cl_19_04_19_pag_08-1440-64c850-672x960.jpg 672w, https:\/\/gobierno.udd.cl\/cpp\/files\/2019\/04\/2019-04-19_www.cronicachillan.cl_19_04_19_pag_08-1440-64c850.jpg 1440w\" sizes=\"auto, (max-width: 210px) 100vw, 210px\" \/><\/a><\/p>\n","protected":false},"excerpt":{"rendered":"<p>En esta nueva categor\u00eda et\u00e1rea entran el 3,1 por ciento de los habitantes de la regi\u00f3n, es decir 14.900 personas.<\/p>\n","protected":false},"author":22,"featured_media":893,"comment_status":"open","ping_status":"open","sticky":false,"template":"","format":"standard","meta":{"footnotes":""},"categories":[10162],"tags":[],"class_list":["post-4139","post","type-post","status-publish","format-standard","has-post-thumbnail","hentry","category-centro-en-la-prensa"],"featured_image_url":"https:\/\/gobierno.udd.cl\/cpp\/files\/2015\/05\/udd_cpp_prensa_340.png","_links":{"self":[{"href":"https:\/\/gobierno.udd.cl\/cpp\/wp-json\/wp\/v2\/posts\/4139","targetHints":{"allow":["GET"]}}],"collection":[{"href":"https:\/\/gobierno.udd.cl\/cpp\/wp-json\/wp\/v2\/posts"}],"about":[{"href":"https:\/\/gobierno.udd.cl\/cpp\/wp-json\/wp\/v2\/types\/post"}],"author":[{"embeddable":true,"href":"https:\/\/gobierno.udd.cl\/cpp\/wp-json\/wp\/v2\/users\/22"}],"replies":[{"embeddable":true,"href":"https:\/\/gobierno.udd.cl\/cpp\/wp-json\/wp\/v2\/comments?post=4139"}],"version-history":[{"count":2,"href":"https:\/\/gobierno.udd.cl\/cpp\/wp-json\/wp\/v2\/posts\/4139\/revisions"}],"predecessor-version":[{"id":4142,"href":"https:\/\/gobierno.udd.cl\/cpp\/wp-json\/wp\/v2\/posts\/4139\/revisions\/4142"}],"wp:featuredmedia":[{"embeddable":true,"href":"https:\/\/gobierno.udd.cl\/cpp\/wp-json\/wp\/v2\/media\/893"}],"wp:attachment":[{"href":"https:\/\/gobierno.udd.cl\/cpp\/wp-json\/wp\/v2\/media?parent=4139"}],"wp:term":[{"taxonomy":"category","embeddable":true,"href":"https:\/\/gobierno.udd.cl\/cpp\/wp-json\/wp\/v2\/categories?post=4139"},{"taxonomy":"post_tag","embeddable":true,"href":"https:\/\/gobierno.udd.cl\/cpp\/wp-json\/wp\/v2\/tags?post=4139"}],"curies":[{"name":"wp","href":"https:\/\/api.w.org\/{rel}","templated":true}]}}