{"id":4114,"date":"2019-04-11T23:59:02","date_gmt":"2019-04-12T02:59:02","guid":{"rendered":"http:\/\/gobierno.udd.cl\/cpp\/?p=4114"},"modified":"2019-04-16T00:09:04","modified_gmt":"2019-04-16T03:09:04","slug":"analista-internacional-por-assange-se-puede-conjeturar-una-negociacion-entre-ee-uu-y-ecuador-el-mercurio","status":"publish","type":"post","link":"https:\/\/gobierno.udd.cl\/cpp\/noticias\/2019\/04\/11\/analista-internacional-por-assange-se-puede-conjeturar-una-negociacion-entre-ee-uu-y-ecuador-el-mercurio\/","title":{"rendered":"Analista internacional por Assange: \u00abSe puede conjeturar una negociaci\u00f3n entre EE.UU. y Ecuador\u00bb &#8211; El Mercurio"},"content":{"rendered":"<p style=\"text-align: justify;\">Guido Larson, acad\u00e9mico de la Universidad del Desarrollo, explic\u00f3 la decisi\u00f3n del Presidente Moreno y dijo que \u00abGran Breta\u00f1a realiza la gesti\u00f3n, para terminar en Estados Unidos\u00bb. Adem\u00e1s, ahond\u00f3 en el escenario judicial para el fundador de WikiLeaks.<\/p>\n<p>Ver nota online:<\/p>\n<p><iframe loading=\"lazy\" style=\"border: 0px;\" src=\"\/\/tv.emol.com\/video.html?urlVideo=\/\/tv.emol.com\/detail\/20190411125335608\/analista-internacional-por-assange-se-puede-conjeturar-una-negociacion-entre-eeuu-y-ecuador\" width=\"420\" height=\"236\" scrolling=\"no\" allowfullscreen=\"allowfullscreen\"><span style=\"display: inline-block; width: 0px; overflow: hidden; line-height: 0;\" data-mce-type=\"bookmark\" class=\"mce_SELRES_start\">\ufeff<\/span><span style=\"display: inline-block; width: 0px; overflow: hidden; line-height: 0;\" data-mce-type=\"bookmark\" class=\"mce_SELRES_start\">\ufeff<\/span><span style=\"display: inline-block; width: 0px; overflow: hidden; line-height: 0;\" data-mce-type=\"bookmark\" class=\"mce_SELRES_start\">\ufeff<\/span><span style=\"display: inline-block; width: 0px; overflow: hidden; line-height: 0;\" data-mce-type=\"bookmark\" class=\"mce_SELRES_start\">\ufeff<\/span><span style=\"display: inline-block; width: 0px; overflow: hidden; line-height: 0;\" data-mce-type=\"bookmark\" class=\"mce_SELRES_start\">\ufeff<\/span><span style=\"display: inline-block; width: 0px; overflow: hidden; line-height: 0;\" data-mce-type=\"bookmark\" class=\"mce_SELRES_start\">\ufeff<\/span><span style=\"display: inline-block; width: 0px; overflow: hidden; line-height: 0;\" data-mce-type=\"bookmark\" class=\"mce_SELRES_start\">\ufeff<\/span><\/iframe><\/p>\n<p>&nbsp;<\/p>\n","protected":false},"excerpt":{"rendered":"<p>Guido Larson, acad\u00e9mico de la Universidad del Desarrollo, explic\u00f3 la decisi\u00f3n del Presidente Moreno y dijo que \u00abGran Breta\u00f1a realiza la gesti\u00f3n, para terminar en Estados Unidos\u00bb. Adem\u00e1s, ahond\u00f3 en el escenario judicial para el fundador de WikiLeaks. Ver nota online: \ufeff\ufeff\ufeff\ufeff\ufeff\ufeff\ufeff &nbsp;<\/p>\n","protected":false},"author":22,"featured_media":893,"comment_status":"open","ping_status":"open","sticky":false,"template":"","format":"standard","meta":{"footnotes":""},"categories":[10162],"tags":[],"class_list":["post-4114","post","type-post","status-publish","format-standard","has-post-thumbnail","hentry","category-centro-en-la-prensa"],"featured_image_url":"https:\/\/gobierno.udd.cl\/cpp\/files\/2015\/05\/udd_cpp_prensa_340.png","_links":{"self":[{"href":"https:\/\/gobierno.udd.cl\/cpp\/wp-json\/wp\/v2\/posts\/4114","targetHints":{"allow":["GET"]}}],"collection":[{"href":"https:\/\/gobierno.udd.cl\/cpp\/wp-json\/wp\/v2\/posts"}],"about":[{"href":"https:\/\/gobierno.udd.cl\/cpp\/wp-json\/wp\/v2\/types\/post"}],"author":[{"embeddable":true,"href":"https:\/\/gobierno.udd.cl\/cpp\/wp-json\/wp\/v2\/users\/22"}],"replies":[{"embeddable":true,"href":"https:\/\/gobierno.udd.cl\/cpp\/wp-json\/wp\/v2\/comments?post=4114"}],"version-history":[{"count":7,"href":"https:\/\/gobierno.udd.cl\/cpp\/wp-json\/wp\/v2\/posts\/4114\/revisions"}],"predecessor-version":[{"id":4121,"href":"https:\/\/gobierno.udd.cl\/cpp\/wp-json\/wp\/v2\/posts\/4114\/revisions\/4121"}],"wp:featuredmedia":[{"embeddable":true,"href":"https:\/\/gobierno.udd.cl\/cpp\/wp-json\/wp\/v2\/media\/893"}],"wp:attachment":[{"href":"https:\/\/gobierno.udd.cl\/cpp\/wp-json\/wp\/v2\/media?parent=4114"}],"wp:term":[{"taxonomy":"category","embeddable":true,"href":"https:\/\/gobierno.udd.cl\/cpp\/wp-json\/wp\/v2\/categories?post=4114"},{"taxonomy":"post_tag","embeddable":true,"href":"https:\/\/gobierno.udd.cl\/cpp\/wp-json\/wp\/v2\/tags?post=4114"}],"curies":[{"name":"wp","href":"https:\/\/api.w.org\/{rel}","templated":true}]}}