{"id":4103,"date":"2019-04-08T23:41:14","date_gmt":"2019-04-09T02:41:14","guid":{"rendered":"http:\/\/gobierno.udd.cl\/cpp\/?p=4103"},"modified":"2019-04-15T23:51:50","modified_gmt":"2019-04-16T02:51:50","slug":"felipe-kast-busca-darle-control-a-su-propia-identidad-la-segunda","status":"publish","type":"post","link":"https:\/\/gobierno.udd.cl\/cpp\/noticias\/2019\/04\/08\/felipe-kast-busca-darle-control-a-su-propia-identidad-la-segunda\/","title":{"rendered":"Felipe Kast busca darle control a su propia identidad &#8211; La Segunda"},"content":{"rendered":"<p style=\"text-align: justify;\">Hace 8 meses cambi\u00f3 su nombre de Twitter a \u201cFelipe\u201d a secas, y desde entonces ha estado tratando de posicionar su nueva marca como presidenciable.<\/p>\n<p style=\"text-align: justify;\">En enero renov\u00f3 su equipo y contrat\u00f3 a la agencia publicitaria Reactor para que lo ayude a instalar en la opini\u00f3n p\u00fablica su nuevo nombre y as\u00ed diferenciarse de su t\u00edo Jos\u00e9 Antonio Kast, quien tambi\u00e9n tiene aspiraciones de postular a La Moneda.<\/p>\n<p style=\"text-align: justify;\">S\u00f3lo en marzo ha tenido 51 apariciones en medios de comunicaci\u00f3n: ha estado en 11 radios (de Santiago y regiones) y en 4 matinales. Y es panelista estable del programa Conectados, junto a Checho Hirane, todos los martes, de 11:00 a 13:00 horas, en radio Agricultura. Tambi\u00e9n ha participado en foros acad\u00e9micos y empresariales: el viernes estuvo en un encuentro de la Sofofa sobre la reforma tributaria junto a los senadores Andr\u00e9s Allamand (RN) y Ximena Rinc\u00f3n (DC) y el diputado Giorgio Jackson (RD).<\/p>\n<p style=\"text-align: justify;\">Felipe Kast, el senador y l\u00edder de Ev\u00f3poli, necesita visibilizarse.<\/p>\n<p style=\"text-align: justify;\">Sin embargo, el decano de Gobierno de la UDD, Eugenio Guzm\u00e1n, advierte que su problema es que \u201cno encuentra la posibilidad de construir un nicho propio, que permita traer votos por el lado de Lav\u00edn, y del mundo m\u00e1s duro, como los de Jos\u00e9 Antonio Kast\u201d.<\/p>\n<p style=\"text-align: justify;\">Guzm\u00e1n agrega que \u201cen el caso de Lav\u00edn y de Jos\u00e9 Antonio, son m\u00e1s n\u00edtidas sus ofertas, una de centro y otra t\u00edpicamente de derecha. En el caso de Felipe le es muy dif\u00edcil, porque no tiene tanta trayectoria, es menos conocido, es m\u00e1s l\u00edquido\u201d.<\/p>\n<p style=\"text-align: justify;\">Uno de los problemas que ha vivido el presidenciable de Ev\u00f3poli es compatibilizar las demandas de un electorado de derecha en La Araucan\u00eda \u2014que debido a los problemas de orden p\u00fablico, suele ser m\u00e1s extremo y conservador\u2014 con sus posiciones, que siempre han sido m\u00e1s moderadas.<\/p>\n<p style=\"text-align: justify;\">Adem\u00e1s, su estrategia en 2018 de aparecer alineado con el Gobierno no le ha dado r\u00e9ditos, sino m\u00e1s bien costos. Por ejemplo, tras el asesinato de Camilo Catrillanca a manos de carabineros, pidi\u00f3 \u201cprudencia\u201d y esperar a la investigaci\u00f3n judicial. Incluso en CNN Chile, un d\u00eda despu\u00e9s de la muerte del joven, el 15 de noviembre, dijo \u201cno tengo por qu\u00e9 no creerle a Carabineros\u201d, lo que le vali\u00f3 cr\u00edticas luego de que se supiera de los efectivos policiales hab\u00edan mentido y escondido evidencia.<\/p>\n<p style=\"text-align: justify;\">Tambi\u00e9n en las encuestas sigue estancado. En la Criteria Research de marzo, Felipe Kast aparece superado por cinco personajes (Beatriz S\u00e1nchez, J.A. Kast, Joaqu\u00edn Lav\u00edn, Sebasti\u00e1n Pi\u00f1era y Michelle Bachelet). Su menci\u00f3n como presidenciable est\u00e1 en un 5%, cifra que casi no ha tenido variaciones, ya que en abril del a\u00f1o pasado era 6%. Y en el estudio de Activa Research dado a conocer el mi\u00e9rcoles pasado marc\u00f3 s\u00f3lo un 3,3%.<\/p>\n<p style=\"text-align: justify;\"><strong>Sus \u201cmatices\u201d con La Moneda<\/strong><\/p>\n<p style=\"text-align: justify;\">La urgencia de despegar lo ha hecho marcar \u201cmatices\u201d con el Gobierno: ha presentado propuestas para fomentar la reinserci\u00f3n escolar (como contraparte al proyecto de control de identidad); en la reforma tributaria solicit\u00f3 poner un foco \u201cverde\u201d (elevando el impuesto a las emisiones de carbono) y ante Admisi\u00f3n Justa plante\u00f3 una \u201cLey Machuca Liberal\u201d, que integre a estudiantes de bajos recursos a colegios particulares.<\/p>\n<p style=\"text-align: justify;\">Seg\u00fan el director de la agencia Multitud, el publicista \u00c1ngel Carcavilla, a Felipe Kast \u201cle falta ser m\u00e1s incorrecto, m\u00e1s jugado, no se puede estar con Dios y con el diablo. Como dec\u00eda V\u00edctor Jara: \u2018Usted no es nah, ni chicha ni limon\u00e1&#8217; Y eso publicitariamente es muy fome\u201d.<\/p>\n<p style=\"text-align: justify;\">Respecto de su estrategia, la senadora Carmen Gloria Aravena (Ev\u00f3poli) opina que \u201ces bueno apoyar la labor del Gobierno y diferenciarse cuando sea necesario, pero no en todo\u201d, agrega.<\/p>\n<p style=\"text-align: justify;\">El subdirector de Horizontal (centro de estudios ligado a Ev\u00f3poli), Crist\u00f3bal Gigoux, cree que para Kast \u201ces clave trabajar con el Gobierno, pero dando nuestra opini\u00f3n y tratando de influenciar\u201d.<\/p>\n<p style=\"text-align: justify;\">El propio Kast dice: \u201cMi foco de trabajo es La Araucan\u00eda, y el poder colaborar con el Gobierno para implementar las reformas de los cinco grandes acuerdos, de los cuales la reforma de infancia y la paz en La Araucan\u00eda son mis prioridades\u201d.<\/p>\n<p style=\"text-align: justify;\"><strong>Sombra del t\u00edo<\/strong><\/p>\n<p style=\"text-align: justify;\">Seg\u00fan public\u00f3 La Tercera en mayo, Ev\u00f3poli encarg\u00f3 una encuesta a Cadem para conocer qu\u00e9 tanta confusi\u00f3n hab\u00eda entre un Kast y otro. Ese tema preocupa al senador al menos desde 2016, a\u00f1o en que su t\u00edo renunci\u00f3 a la UDI y comenz\u00f3 a perfilarse como presidenciable.<\/p>\n<p style=\"text-align: justify;\">Por eso \u201cFelipe\u201d opt\u00f3 por su nombre en vez de su apellido. Adem\u00e1s de contratar a la agencia Reactor para una desarrollar una nueva estrategia de redes sociales, hoy tiene a una experta en comunicaci\u00f3n pol\u00edtica como jefa de gabinete.<\/p>\n<p style=\"text-align: justify;\">Sobre estas acciones, Guzm\u00e1n opina que: \u201cEso le permite blindarse en el mundo de la \u00e9lite. Pero no s\u00e9 si le permite expandir electorado\u201d.<\/p>\n<p><a href=\"https:\/\/gobierno.udd.cl\/cpp\/files\/2019\/04\/2019-04-08_impresa.lasegunda.com_J93J5BBI.jpg\"><img loading=\"lazy\" decoding=\"async\" class=\"size-medium wp-image-4108 aligncenter\" src=\"https:\/\/gobierno.udd.cl\/cpp\/files\/2019\/04\/2019-04-08_impresa.lasegunda.com_J93J5BBI-231x300.jpg\" alt=\"\" width=\"231\" height=\"300\" srcset=\"https:\/\/gobierno.udd.cl\/cpp\/files\/2019\/04\/2019-04-08_impresa.lasegunda.com_J93J5BBI-231x300.jpg 231w, https:\/\/gobierno.udd.cl\/cpp\/files\/2019\/04\/2019-04-08_impresa.lasegunda.com_J93J5BBI-768x996.jpg 768w, https:\/\/gobierno.udd.cl\/cpp\/files\/2019\/04\/2019-04-08_impresa.lasegunda.com_J93J5BBI-790x1024.jpg 790w, https:\/\/gobierno.udd.cl\/cpp\/files\/2019\/04\/2019-04-08_impresa.lasegunda.com_J93J5BBI-740x960.jpg 740w, https:\/\/gobierno.udd.cl\/cpp\/files\/2019\/04\/2019-04-08_impresa.lasegunda.com_J93J5BBI.jpg 1440w\" sizes=\"auto, (max-width: 231px) 100vw, 231px\" \/><\/a><\/p>\n","protected":false},"excerpt":{"rendered":"<p>5% de menciones espont\u00e1neas tuvo Kast como presidenciable en la \u00faltima encuesta Criteria Research<\/p>\n","protected":false},"author":22,"featured_media":893,"comment_status":"open","ping_status":"open","sticky":false,"template":"","format":"standard","meta":{"footnotes":""},"categories":[10162],"tags":[],"class_list":["post-4103","post","type-post","status-publish","format-standard","has-post-thumbnail","hentry","category-centro-en-la-prensa"],"featured_image_url":"https:\/\/gobierno.udd.cl\/cpp\/files\/2015\/05\/udd_cpp_prensa_340.png","_links":{"self":[{"href":"https:\/\/gobierno.udd.cl\/cpp\/wp-json\/wp\/v2\/posts\/4103","targetHints":{"allow":["GET"]}}],"collection":[{"href":"https:\/\/gobierno.udd.cl\/cpp\/wp-json\/wp\/v2\/posts"}],"about":[{"href":"https:\/\/gobierno.udd.cl\/cpp\/wp-json\/wp\/v2\/types\/post"}],"author":[{"embeddable":true,"href":"https:\/\/gobierno.udd.cl\/cpp\/wp-json\/wp\/v2\/users\/22"}],"replies":[{"embeddable":true,"href":"https:\/\/gobierno.udd.cl\/cpp\/wp-json\/wp\/v2\/comments?post=4103"}],"version-history":[{"count":5,"href":"https:\/\/gobierno.udd.cl\/cpp\/wp-json\/wp\/v2\/posts\/4103\/revisions"}],"predecessor-version":[{"id":4109,"href":"https:\/\/gobierno.udd.cl\/cpp\/wp-json\/wp\/v2\/posts\/4103\/revisions\/4109"}],"wp:featuredmedia":[{"embeddable":true,"href":"https:\/\/gobierno.udd.cl\/cpp\/wp-json\/wp\/v2\/media\/893"}],"wp:attachment":[{"href":"https:\/\/gobierno.udd.cl\/cpp\/wp-json\/wp\/v2\/media?parent=4103"}],"wp:term":[{"taxonomy":"category","embeddable":true,"href":"https:\/\/gobierno.udd.cl\/cpp\/wp-json\/wp\/v2\/categories?post=4103"},{"taxonomy":"post_tag","embeddable":true,"href":"https:\/\/gobierno.udd.cl\/cpp\/wp-json\/wp\/v2\/tags?post=4103"}],"curies":[{"name":"wp","href":"https:\/\/api.w.org\/{rel}","templated":true}]}}