{"id":4098,"date":"2019-04-11T23:30:22","date_gmt":"2019-04-12T02:30:22","guid":{"rendered":"http:\/\/gobierno.udd.cl\/cpp\/?p=4098"},"modified":"2019-04-15T23:39:29","modified_gmt":"2019-04-16T02:39:29","slug":"radiografia-a-la-cuarta-edad-va-en-aumento-y-la-mitad-tiene-problemas-para-realizar-sus-cosas-solos-publimetro","status":"publish","type":"post","link":"https:\/\/gobierno.udd.cl\/cpp\/noticias\/2019\/04\/11\/radiografia-a-la-cuarta-edad-va-en-aumento-y-la-mitad-tiene-problemas-para-realizar-sus-cosas-solos-publimetro\/","title":{"rendered":"Radiograf\u00eda a la cuarta edad: va en aumento y la mitad tiene problemas para realizar sus cosas solos &#8211; Publimetro"},"content":{"rendered":"<p style=\"text-align: justify;\">Un estudio realizado por el Programa de Conocimiento e Investigaci\u00f3n en Personas Mayores (Cipem) de la Universidad del Desarrollo entreg\u00f3 datos que permiten conocer datos del segmento que se denomina \u00abcuarta edad\u00bb. El envejecimiento de la poblaci\u00f3n es tendencia mundial. El poco deseo de las nuevas generaciones de tener hijos y la poca compatibilidad de \u00e9stos con sus proyectos de vida han generado que cada vez haya menos ni\u00f1os.<\/p>\n<p style=\"text-align: justify;\">Por otro lado, las tecnolog\u00edas de la salud han permitido aumentar la esperanza de vida. Llegar a los 100 a\u00f1os ya no es poco com\u00fan. Ante todas estas variantes, se define a la \u00abcuarta edad\u00bb como la etapa de vida de las personas que tienen sobre 80 a\u00f1os. En Chile, seg\u00fan el estudio que es apoyado tambi\u00e9n por la Caja de Compensaci\u00f3n Los H\u00e9roes, este segmento poblacional representa al 2,7% del total.<\/p>\n<p style=\"text-align: justify;\"><strong>Dificultades para valerse por si mismos<\/strong><br \/>\nNo es una cifra elevada, pero se\u00f1alan que \u00abva en constante crecimiento\u00bb. Sumado a lo anterior, es grave observar que el an\u00e1lisis se\u00f1ala que un 49,7% de ellos tienen dificultades para realizar sus actividades diarias. As\u00ed mismo, un 17,4% sufre de pobreza multidimensional. Un punto no menor es que, pese a que cerca de la mitad tiene dificultades para valerse por si mismo, solo un 16,8% vive solos.<\/p>\n<p style=\"text-align: justify;\">El resto a\u00fan con sus parejas o con sus hijos. \u00bfLa ventaja? En la generaci\u00f3n actual de cuarta edad el promedio de hijos es de 4,2. Nicole Tornel, soci\u00f3loga de la Universidad Central y del Centro de Terapia Integral, explica que \u00absi bien no es obligaci\u00f3n de los hijos cuidar a los padres, en la mayor\u00eda de los casos se ponen de acuerdo o al menos uno de ellos se preocupa de sus progenitores\u00bb.<\/p>\n<p style=\"text-align: justify;\">Ante esta pr\u00e1ctica familiar basada en el afecto, Tornel ve con preocupaci\u00f3n el futuro de las pr\u00f3ximas generaciones de cuarta edad.<\/p>\n<p style=\"text-align: justify;\"><strong>Las calles no son seguras para la tercera edad<\/strong><br \/>\n\u00abEstamos ante una generaci\u00f3n individualista, que se preocupa poco de los dem\u00e1s. No est\u00e1n teniendo hijos, y no se trata de tenerlos para que los cuiden, pero si est\u00e1n, es probable que en base al afecto si se preocupen de sus padres\u00bb, a\u00f1adi\u00f3.<\/p>\n<p style=\"text-align: justify;\">En ese sentido, la especialista se\u00f1ala que el Estado debiese preocuparse m\u00e1s de esta situaci\u00f3n. \u00abSabemos que el tema de las pensiones es grave y que muchos adultos mayores viven en p\u00e9simas condiciones. Pero tambi\u00e9n hay estudios que se\u00f1alan que las calles y la infraestructura en general, no es adecuada para adultos mayores\u00bb, a\u00f1adi\u00f3.<\/p>\n<p style=\"text-align: justify;\">El punto clave ante esta situaci\u00f3n, es que la cifra de cuarta edad va en aumento y es probable que en las pr\u00f3ximas d\u00e9cadas, la tercera y cuarta edad representen importantes porcentajes de la poblaci\u00f3n nacional. \u00abTenemos que aprovechar que a\u00fan estamos a tiempo, que a diferencia de otros pa\u00edses este fen\u00f3meno est\u00e1 reci\u00e9n comenzando en Chile\u00bb, a\u00f1adi\u00f3 Tornel.<\/p>\n<p style=\"text-align: justify;\">Desde la perspectiva psicol\u00f3gica, la soci\u00f3loga del Centro de Terapia Integral, explica que al centro de salud llegan muchos adultos mayores con principios de depresi\u00f3n, ante lo que se les recomienda buscar hobbies, mantenerse ocupados o practicar alg\u00fan deporte.<\/p>\n<p style=\"text-align: justify;\"><strong>Trabajar como entretenci\u00f3n\u00a0<\/strong><br \/>\n\u00abEn ese sentido, as\u00ed como se hizo la &#8216;Ley de inclusi\u00f3n&#8217; para que trabajen personas con capacidades diferentes, deber\u00eda generarse una ley que impulse trabajos de medio tiempo para adultos mayores. M\u00e1s all\u00e1 del tema monetario, que deber\u00eda tener otras soluciones, el tener peque\u00f1as tareas o un trabajo les ayuda con su autoestima e incluso con su condici\u00f3n f\u00edsica y mental\u00bb, explica Tornel.<\/p>\n<p style=\"text-align: justify;\">El a\u00f1o 2015\u00a0el Instituto Nacional de Estad\u00edsticas chileno (INE) asegur\u00f3 que Chile tendr\u00e1 en 2020 la esperanza de vida m\u00e1s alta del mundo, de 77,4 a\u00f1os para los hombres y 82,2 para las mujeres, por lo que el organismo exige mayores pol\u00edticas p\u00fablicas para asegurar una vejez digna.<\/p>\n<p>&nbsp;<\/p>\n<p>Ver nota publicada:<\/p>\n<p>Digital: https:\/\/www.publimetro.cl\/cl\/noticias\/2019\/04\/11\/radiografia-cuarta-edad.html<\/p>\n<p>Versi\u00f3n impresa:<\/p>\n<p><a href=\"https:\/\/gobierno.udd.cl\/cpp\/files\/2019\/04\/2019-04-11_Diario_Publimetro_page_4.jpg\" target=\"_blank\"><img loading=\"lazy\" decoding=\"async\" class=\"size-medium wp-image-4099 aligncenter\" src=\"https:\/\/gobierno.udd.cl\/cpp\/files\/2019\/04\/2019-04-11_Diario_Publimetro_page_4-270x300.jpg\" alt=\"\" width=\"270\" height=\"300\" srcset=\"https:\/\/gobierno.udd.cl\/cpp\/files\/2019\/04\/2019-04-11_Diario_Publimetro_page_4-270x300.jpg 270w, https:\/\/gobierno.udd.cl\/cpp\/files\/2019\/04\/2019-04-11_Diario_Publimetro_page_4-768x853.jpg 768w, https:\/\/gobierno.udd.cl\/cpp\/files\/2019\/04\/2019-04-11_Diario_Publimetro_page_4-922x1024.jpg 922w, https:\/\/gobierno.udd.cl\/cpp\/files\/2019\/04\/2019-04-11_Diario_Publimetro_page_4-864x960.jpg 864w\" sizes=\"auto, (max-width: 270px) 100vw, 270px\" \/><\/a><\/p>\n","protected":false},"excerpt":{"rendered":"<p>La esperanza de vida va en aumento y la tasa de natalidad a la baja. Estos fen\u00f3menos podr\u00edan influir en el futuro de las pr\u00f3ximas generaciones que lleguen a esta nueva \u00abedad\u00bb, que se ubica despu\u00e9s de los 80 a\u00f1os. <\/p>\n","protected":false},"author":22,"featured_media":893,"comment_status":"open","ping_status":"open","sticky":false,"template":"","format":"standard","meta":{"footnotes":""},"categories":[10162],"tags":[],"class_list":["post-4098","post","type-post","status-publish","format-standard","has-post-thumbnail","hentry","category-centro-en-la-prensa"],"featured_image_url":"https:\/\/gobierno.udd.cl\/cpp\/files\/2015\/05\/udd_cpp_prensa_340.png","_links":{"self":[{"href":"https:\/\/gobierno.udd.cl\/cpp\/wp-json\/wp\/v2\/posts\/4098","targetHints":{"allow":["GET"]}}],"collection":[{"href":"https:\/\/gobierno.udd.cl\/cpp\/wp-json\/wp\/v2\/posts"}],"about":[{"href":"https:\/\/gobierno.udd.cl\/cpp\/wp-json\/wp\/v2\/types\/post"}],"author":[{"embeddable":true,"href":"https:\/\/gobierno.udd.cl\/cpp\/wp-json\/wp\/v2\/users\/22"}],"replies":[{"embeddable":true,"href":"https:\/\/gobierno.udd.cl\/cpp\/wp-json\/wp\/v2\/comments?post=4098"}],"version-history":[{"count":3,"href":"https:\/\/gobierno.udd.cl\/cpp\/wp-json\/wp\/v2\/posts\/4098\/revisions"}],"predecessor-version":[{"id":4102,"href":"https:\/\/gobierno.udd.cl\/cpp\/wp-json\/wp\/v2\/posts\/4098\/revisions\/4102"}],"wp:featuredmedia":[{"embeddable":true,"href":"https:\/\/gobierno.udd.cl\/cpp\/wp-json\/wp\/v2\/media\/893"}],"wp:attachment":[{"href":"https:\/\/gobierno.udd.cl\/cpp\/wp-json\/wp\/v2\/media?parent=4098"}],"wp:term":[{"taxonomy":"category","embeddable":true,"href":"https:\/\/gobierno.udd.cl\/cpp\/wp-json\/wp\/v2\/categories?post=4098"},{"taxonomy":"post_tag","embeddable":true,"href":"https:\/\/gobierno.udd.cl\/cpp\/wp-json\/wp\/v2\/tags?post=4098"}],"curies":[{"name":"wp","href":"https:\/\/api.w.org\/{rel}","templated":true}]}}