{"id":4083,"date":"2019-04-03T22:17:37","date_gmt":"2019-04-04T01:17:37","guid":{"rendered":"http:\/\/gobierno.udd.cl\/cpp\/?p=4083"},"modified":"2019-04-15T22:21:27","modified_gmt":"2019-04-16T01:21:27","slug":"obstruccion-de-la-oposicion-al-gobierno-radio-agricultura","status":"publish","type":"post","link":"https:\/\/gobierno.udd.cl\/cpp\/noticias\/2019\/04\/03\/obstruccion-de-la-oposicion-al-gobierno-radio-agricultura\/","title":{"rendered":"Obstrucci\u00f3n de la oposici\u00f3n al gobierno &#8211; Radio Agricultura"},"content":{"rendered":"<p style=\"text-align: justify;\">Esto tras la entrevista al senador Ricardo Lagos Weber por negarse a los proyectos que presenta el gobierno.<\/p>\n<p><b>Habla:<\/b>\u00a0Camilo Feres, Magister en Ciencias Sociales de la Universidad de Chile; Rosario Moreno, escritora y periodista; Gonzalo M\u00fcller, academico de la\u00a0<span class=\"highlight\">Universidad<\/span>\u00a0<span class=\"highlight\">del<\/span>\u00a0<span class=\"highlight\">Desarrollo<\/span><\/p>\n<p><b>Menci\u00f3n:<\/b>\u00a0Sebasti\u00e1n Pi\u00f1era, presidente; Pablo Longueira, ex ministro de Econom\u00eda.<\/p>\n<p><strong>PARTE 1<\/strong><\/p>\n<audio class=\"wp-audio-shortcode\" id=\"audio-4083-1\" preload=\"none\" style=\"width: 100%;\" controls=\"controls\"><source type=\"audio\/mpeg\" src=\"http:\/\/conectamedia.s3.amazonaws.com\/46d5685a83a964bde9ee8c6b65526038.mp3?_=1\" \/><a href=\"http:\/\/conectamedia.s3.amazonaws.com\/46d5685a83a964bde9ee8c6b65526038.mp3\">http:\/\/conectamedia.s3.amazonaws.com\/46d5685a83a964bde9ee8c6b65526038.mp3<\/a><\/audio>\n<p><strong>PARTE 2<\/strong><\/p>\n<audio class=\"wp-audio-shortcode\" id=\"audio-4083-2\" preload=\"none\" style=\"width: 100%;\" controls=\"controls\"><source type=\"audio\/mpeg\" src=\"http:\/\/conectamedia.s3.amazonaws.com\/d5793cce1930abb250bdf3ad8bc760a8.mp3?_=2\" \/><a href=\"http:\/\/conectamedia.s3.amazonaws.com\/d5793cce1930abb250bdf3ad8bc760a8.mp3\">http:\/\/conectamedia.s3.amazonaws.com\/d5793cce1930abb250bdf3ad8bc760a8.mp3<\/a><\/audio>\n","protected":false},"excerpt":{"rendered":"<p>Esto tras la entrevista al senador Ricardo Lagos Weber por negarse a los proyectos que presenta el gobierno. Habla:\u00a0Camilo Feres, Magister en Ciencias Sociales de la Universidad de Chile; Rosario Moreno, escritora y periodista; Gonzalo M\u00fcller, academico de la\u00a0Universidad\u00a0del\u00a0Desarrollo Menci\u00f3n:\u00a0Sebasti\u00e1n Pi\u00f1era, presidente; Pablo Longueira, ex ministro de Econom\u00eda. PARTE 1 PARTE 2<\/p>\n","protected":false},"author":22,"featured_media":893,"comment_status":"open","ping_status":"open","sticky":false,"template":"","format":"standard","meta":{"footnotes":""},"categories":[10162],"tags":[],"class_list":["post-4083","post","type-post","status-publish","format-standard","has-post-thumbnail","hentry","category-centro-en-la-prensa"],"featured_image_url":"https:\/\/gobierno.udd.cl\/cpp\/files\/2015\/05\/udd_cpp_prensa_340.png","_links":{"self":[{"href":"https:\/\/gobierno.udd.cl\/cpp\/wp-json\/wp\/v2\/posts\/4083","targetHints":{"allow":["GET"]}}],"collection":[{"href":"https:\/\/gobierno.udd.cl\/cpp\/wp-json\/wp\/v2\/posts"}],"about":[{"href":"https:\/\/gobierno.udd.cl\/cpp\/wp-json\/wp\/v2\/types\/post"}],"author":[{"embeddable":true,"href":"https:\/\/gobierno.udd.cl\/cpp\/wp-json\/wp\/v2\/users\/22"}],"replies":[{"embeddable":true,"href":"https:\/\/gobierno.udd.cl\/cpp\/wp-json\/wp\/v2\/comments?post=4083"}],"version-history":[{"count":2,"href":"https:\/\/gobierno.udd.cl\/cpp\/wp-json\/wp\/v2\/posts\/4083\/revisions"}],"predecessor-version":[{"id":4085,"href":"https:\/\/gobierno.udd.cl\/cpp\/wp-json\/wp\/v2\/posts\/4083\/revisions\/4085"}],"wp:featuredmedia":[{"embeddable":true,"href":"https:\/\/gobierno.udd.cl\/cpp\/wp-json\/wp\/v2\/media\/893"}],"wp:attachment":[{"href":"https:\/\/gobierno.udd.cl\/cpp\/wp-json\/wp\/v2\/media?parent=4083"}],"wp:term":[{"taxonomy":"category","embeddable":true,"href":"https:\/\/gobierno.udd.cl\/cpp\/wp-json\/wp\/v2\/categories?post=4083"},{"taxonomy":"post_tag","embeddable":true,"href":"https:\/\/gobierno.udd.cl\/cpp\/wp-json\/wp\/v2\/tags?post=4083"}],"curies":[{"name":"wp","href":"https:\/\/api.w.org\/{rel}","templated":true}]}}