{"id":4075,"date":"2019-04-04T19:24:29","date_gmt":"2019-04-04T22:24:29","guid":{"rendered":"http:\/\/gobierno.udd.cl\/cpp\/?p=4075"},"modified":"2019-04-15T19:33:28","modified_gmt":"2019-04-15T22:33:28","slug":"luis-larrain-polarizacion-politica-el-libero","status":"publish","type":"post","link":"https:\/\/gobierno.udd.cl\/cpp\/noticias\/2019\/04\/04\/luis-larrain-polarizacion-politica-el-libero\/","title":{"rendered":"Luis Larra\u00edn: Polarizaci\u00f3n pol\u00edtica &#8211; El L\u00edbero"},"content":{"rendered":"<p style=\"text-align: justify;\">La semana pasada recib\u00ed una invitaci\u00f3n del decano de la Escuela de Gobierno de la\u00a0Universidaddel\u00a0Desarrollo\u00a0para conversar, junto a otros invitados, con el\u00a0<strong>cientista pol\u00edtico norteamericano, profesor de Stanford e investigador de Hoover Institution, Morris Fiorina<\/strong>.<br \/>\nEl profesor Fiorina viene estudiando hace tiempo el comportamiento de votantes y partidos pol\u00edticos en su pa\u00eds. <strong>Uno de sus principales hallazgos es que la polarizaci\u00f3n que se advierte entre los pol\u00edticos y las elites no se repite al nivel de los votantes.<\/strong> As\u00ed, la influencia de Donald Trump en el Partido Republicano o la de Bernie Sanders entre los dem\u00f3cratas no tendr\u00eda un correlato en la masa de votantes, que sigue siendo, en lo fundamental, moderada y con posiciones m\u00e1s bien de centro. Varias particularidades del sistema pol\u00edtico de Estados Unidos, que no es del caso comentar aqu\u00ed, estar\u00edan determinando esta realidad que, en cualquier caso, es preocupante en cuanto aleja a las elites y los pol\u00edticos de las grandes mayor\u00edas, lo que siempre es un problema para la pol\u00edtica.<br \/>\nAl escucharlo pens\u00e9 inmediatamente que ser\u00eda interesante analizar si es que un fen\u00f3meno parecido no est\u00e1 ocurriendo en Chile. <strong>La polarizaci\u00f3n que se percibe en las discusiones en el Congreso a ra\u00edz de las reformas presentadas por el gobierno nos indica que efectivamente est\u00e1 siendo dif\u00edcil coincidir en acuerdos de centro<\/strong>. El protagonismo que tiene el Frente Amplio en la discusi\u00f3n p\u00fablica y en las encuestas, en desmedro de los antiguos l\u00edderes pol\u00edticos de la Nueva Mayor\u00eda es otro s\u00edntoma. Incluso es posible advertir que en la discusi\u00f3n parlamentaria de proyectos del gobierno como el tributario, el Partido Comunista y el Frente Amplio llevan la voz cantante y la Democracia Cristiana finalmente se pliega a sus posiciones sin levantar una alternativa.<br \/>\nRespecto a la centro-derecha, por su parte, varios analistas han insistido en una derechizaci\u00f3n del gobierno de Pi\u00f1era y de los partidos del sector. Si bien eso podr\u00eda ser una percepci\u00f3n relativa, pues desde m\u00e1s a la izquierda se ve todo muy a la derecha, tambi\u00e9n es cierto que posiciones m\u00e1s claramente de derecha en varios temas han tenido m\u00e1s visibilidad. Ello ocurre en relaci\u00f3n a La Araucan\u00eda, a los temas de seguridad ciudadana y la educaci\u00f3n, y tambi\u00e9n se manifiesta en la presencia de Jos\u00e9 Antonio Kast en la discusi\u00f3n p\u00fablica.<br \/>\n<strong>La pregunta que cabe ahora es si la polarizaci\u00f3n aparente de la pol\u00edtica chilena se repite en la poblaci\u00f3n. Y la respuesta es m\u00e1s bien negativa<\/strong>. Las tradicionales encuestas Bicentenario-Adimark muestran que en la poblaci\u00f3n predominan las posiciones moderadas. Una \u00faltima encuesta de Espacio P\u00fablico e IPSOS en los principales centros urbanos del pa\u00eds tambi\u00e9n pone a los chilenos claramente en el centro del espectro pol\u00edtico. Un 32% se declara de centro y un 35% dice no tener definici\u00f3n pol\u00edtica en las dos menciones que predominan a mucha distancia de las calificaciones de derecha e izquierda.<br \/>\n<strong>Un problema que deriva de lo anterior es la lejan\u00eda entre los pol\u00edticos y la ciudadan\u00eda.<\/strong> Ello es preocupante en un sistema de democracia representativa que, con todos sus defectos, sabemos que es el que mejor ha funcionado en las sociedades libres. Motivo de reflexi\u00f3n para los pol\u00edticos.<br \/>\n<a href=\"https:\/\/gobierno.udd.cl\/cpp\/files\/2019\/04\/196b8c3d591d353246e6e37177fa4ebc.jpg\"><img loading=\"lazy\" decoding=\"async\" class=\"size-medium wp-image-4076 aligncenter\" src=\"https:\/\/gobierno.udd.cl\/cpp\/files\/2019\/04\/196b8c3d591d353246e6e37177fa4ebc-117x300.jpg\" alt=\"\" width=\"117\" height=\"300\" srcset=\"https:\/\/gobierno.udd.cl\/cpp\/files\/2019\/04\/196b8c3d591d353246e6e37177fa4ebc-117x300.jpg 117w, https:\/\/gobierno.udd.cl\/cpp\/files\/2019\/04\/196b8c3d591d353246e6e37177fa4ebc-768x1970.jpg 768w, https:\/\/gobierno.udd.cl\/cpp\/files\/2019\/04\/196b8c3d591d353246e6e37177fa4ebc-399x1024.jpg 399w, https:\/\/gobierno.udd.cl\/cpp\/files\/2019\/04\/196b8c3d591d353246e6e37177fa4ebc-374x960.jpg 374w, https:\/\/gobierno.udd.cl\/cpp\/files\/2019\/04\/196b8c3d591d353246e6e37177fa4ebc.jpg 1400w\" sizes=\"auto, (max-width: 117px) 100vw, 117px\" \/><\/a><\/p>\n","protected":false},"excerpt":{"rendered":"<p>La polarizaci\u00f3n que se percibe en las discusiones en el Congreso a ra\u00edz de las reformas presentadas por el Gobierno, nos indicaque efectivamente est\u00e1 siendo dif\u00edcil coincidir en acuerdos de centro. La pregunta es si ello se repite en la poblaci\u00f3n. Y la respuesta es m\u00e1s bien negativa. <\/p>\n","protected":false},"author":22,"featured_media":893,"comment_status":"open","ping_status":"open","sticky":false,"template":"","format":"standard","meta":{"footnotes":""},"categories":[10162],"tags":[],"class_list":["post-4075","post","type-post","status-publish","format-standard","has-post-thumbnail","hentry","category-centro-en-la-prensa"],"featured_image_url":"https:\/\/gobierno.udd.cl\/cpp\/files\/2015\/05\/udd_cpp_prensa_340.png","_links":{"self":[{"href":"https:\/\/gobierno.udd.cl\/cpp\/wp-json\/wp\/v2\/posts\/4075","targetHints":{"allow":["GET"]}}],"collection":[{"href":"https:\/\/gobierno.udd.cl\/cpp\/wp-json\/wp\/v2\/posts"}],"about":[{"href":"https:\/\/gobierno.udd.cl\/cpp\/wp-json\/wp\/v2\/types\/post"}],"author":[{"embeddable":true,"href":"https:\/\/gobierno.udd.cl\/cpp\/wp-json\/wp\/v2\/users\/22"}],"replies":[{"embeddable":true,"href":"https:\/\/gobierno.udd.cl\/cpp\/wp-json\/wp\/v2\/comments?post=4075"}],"version-history":[{"count":1,"href":"https:\/\/gobierno.udd.cl\/cpp\/wp-json\/wp\/v2\/posts\/4075\/revisions"}],"predecessor-version":[{"id":4077,"href":"https:\/\/gobierno.udd.cl\/cpp\/wp-json\/wp\/v2\/posts\/4075\/revisions\/4077"}],"wp:featuredmedia":[{"embeddable":true,"href":"https:\/\/gobierno.udd.cl\/cpp\/wp-json\/wp\/v2\/media\/893"}],"wp:attachment":[{"href":"https:\/\/gobierno.udd.cl\/cpp\/wp-json\/wp\/v2\/media?parent=4075"}],"wp:term":[{"taxonomy":"category","embeddable":true,"href":"https:\/\/gobierno.udd.cl\/cpp\/wp-json\/wp\/v2\/categories?post=4075"},{"taxonomy":"post_tag","embeddable":true,"href":"https:\/\/gobierno.udd.cl\/cpp\/wp-json\/wp\/v2\/tags?post=4075"}],"curies":[{"name":"wp","href":"https:\/\/api.w.org\/{rel}","templated":true}]}}