{"id":4051,"date":"2019-03-18T16:55:18","date_gmt":"2019-03-18T19:55:18","guid":{"rendered":"http:\/\/gobierno.udd.cl\/cpp\/?p=4051"},"modified":"2019-03-18T16:56:18","modified_gmt":"2019-03-18T19:56:18","slug":"analisis-del-primer-ano-de-sebastian-pinera-adn-radio","status":"publish","type":"post","link":"https:\/\/gobierno.udd.cl\/cpp\/noticias\/2019\/03\/18\/analisis-del-primer-ano-de-sebastian-pinera-adn-radio\/","title":{"rendered":"An\u00e1lisis del primer a\u00f1o de Sebasti\u00e1n Pi\u00f1era- ADN Radio"},"content":{"rendered":"<p style=\"text-align: justify;\">En La Prueba de ADN realizamos un panel de discusi\u00f3n para debatir en torno al primer a\u00f1o de gobierno del segundo mandato del Presidente Sebasti\u00e1n Pi\u00f1era, quien asumi\u00f3 el cargo un d\u00eda como hoy en 2018. \u00abGobernar sin oposici\u00f3n es algo que siempre los gobiernos agradecen, y \u00e9ste lo hizo por 365 d\u00edas\u00bb, reflexion\u00f3 el Decano de la Facultad de Ciencia Pol\u00edtica y Administraci\u00f3n P\u00fablica de la Universidad Central,\u00a0Marco Moreno.<\/p>\n<p style=\"text-align: justify;\">Por su parte el\u00a0<strong>decano de la Facultad de Gobierno de la\u00a0<span class=\"highlight\">Universidad<\/span>\u00a0<span class=\"highlight\">del\u00a0<\/span><span class=\"highlight\">Desarrollo<\/span>,\u00a0Eugenio Guzm\u00e1n<\/strong>, coment\u00f3 que\u00a0<strong>\u00absiempre la oposici\u00f3n en el primer a\u00f1o hace una traves\u00eda por el desierto\u00bb<\/strong>. Moreno fue enf\u00e1tico en se\u00f1alar que \u00abel gobierno ha optado por lo t\u00e1ctico\u00bb ya que \u00abrenunci\u00f3 a hacer una gesti\u00f3n de gobierno para hacer una gesti\u00f3n de comunicaciones\u00bb, acus\u00e1ndolo de que \u00abal carecer de un relato se ha remitido a hacer un control de la agenda\u00bb.<\/p>\n<p>Es por eso que \u00abno le interesa tanto sacar los proyectos sino m\u00e1s bien mantener un clima de opini\u00f3n\u00bb, ya que \u00abestar\u00edamos en esas l\u00f3gicas de gobernar es comunicar\u00bb.<\/p>\n<p style=\"text-align: justify;\">Por su parte Guzm\u00e1n advierte que <strong>\u00abel movimiento social, y eso pas\u00f3 en Pi\u00f1era uno, adquiere una din\u00e1mica que va m\u00e1s all\u00e1 de los partidos, y los partidos no pueden capitalizar eso\u00bb, explicando que \u00abesa idea del ciudadano universal hoy en d\u00eda se pierde en la pol\u00edtica de identidad, y en ese contexto la derecha va a tener que entrar en eso\u00bb.<\/strong><\/p>\n<p>Adem\u00e1s, discrep\u00f3 con\u00a0Moreno respecto a que <strong>\u00abel Gobierno va a tratar de buscar acuerdos. C\u00f3mo y con qui\u00e9n va a verse durante este a\u00f1o y el pr\u00f3ximo\u00bb.<\/strong><\/p>\n<audio class=\"wp-audio-shortcode\" id=\"audio-4051-1\" preload=\"none\" style=\"width: 100%;\" controls=\"controls\"><source type=\"audio\/mpeg\" src=\"http:\/\/conectamedia.s3.amazonaws.com\/88068a9182babe115157e5951afe7fc3.mp3?_=1\" \/><a href=\"http:\/\/conectamedia.s3.amazonaws.com\/88068a9182babe115157e5951afe7fc3.mp3\">http:\/\/conectamedia.s3.amazonaws.com\/88068a9182babe115157e5951afe7fc3.mp3<\/a><\/audio>\n","protected":false},"excerpt":{"rendered":"<p>En La Prueba de ADN realizamos un panel de discusi\u00f3n para debatir en torno al primer a\u00f1o de gobierno del segundo mandato del Presidente Sebasti\u00e1n Pi\u00f1era, quien asumi\u00f3 el cargo un d\u00eda como hoy en 2018. \u00abGobernar sin oposici\u00f3n es algo que siempre los gobiernos agradecen, y \u00e9ste lo hizo por 365 d\u00edas\u00bb, reflexion\u00f3 el [&hellip;]<\/p>\n","protected":false},"author":22,"featured_media":893,"comment_status":"open","ping_status":"open","sticky":false,"template":"","format":"standard","meta":{"footnotes":""},"categories":[10162],"tags":[],"class_list":["post-4051","post","type-post","status-publish","format-standard","has-post-thumbnail","hentry","category-centro-en-la-prensa"],"featured_image_url":"https:\/\/gobierno.udd.cl\/cpp\/files\/2015\/05\/udd_cpp_prensa_340.png","_links":{"self":[{"href":"https:\/\/gobierno.udd.cl\/cpp\/wp-json\/wp\/v2\/posts\/4051","targetHints":{"allow":["GET"]}}],"collection":[{"href":"https:\/\/gobierno.udd.cl\/cpp\/wp-json\/wp\/v2\/posts"}],"about":[{"href":"https:\/\/gobierno.udd.cl\/cpp\/wp-json\/wp\/v2\/types\/post"}],"author":[{"embeddable":true,"href":"https:\/\/gobierno.udd.cl\/cpp\/wp-json\/wp\/v2\/users\/22"}],"replies":[{"embeddable":true,"href":"https:\/\/gobierno.udd.cl\/cpp\/wp-json\/wp\/v2\/comments?post=4051"}],"version-history":[{"count":2,"href":"https:\/\/gobierno.udd.cl\/cpp\/wp-json\/wp\/v2\/posts\/4051\/revisions"}],"predecessor-version":[{"id":4053,"href":"https:\/\/gobierno.udd.cl\/cpp\/wp-json\/wp\/v2\/posts\/4051\/revisions\/4053"}],"wp:featuredmedia":[{"embeddable":true,"href":"https:\/\/gobierno.udd.cl\/cpp\/wp-json\/wp\/v2\/media\/893"}],"wp:attachment":[{"href":"https:\/\/gobierno.udd.cl\/cpp\/wp-json\/wp\/v2\/media?parent=4051"}],"wp:term":[{"taxonomy":"category","embeddable":true,"href":"https:\/\/gobierno.udd.cl\/cpp\/wp-json\/wp\/v2\/categories?post=4051"},{"taxonomy":"post_tag","embeddable":true,"href":"https:\/\/gobierno.udd.cl\/cpp\/wp-json\/wp\/v2\/tags?post=4051"}],"curies":[{"name":"wp","href":"https:\/\/api.w.org\/{rel}","templated":true}]}}