{"id":4034,"date":"2019-03-12T18:41:42","date_gmt":"2019-03-12T21:41:42","guid":{"rendered":"http:\/\/gobierno.udd.cl\/cpp\/?p=4034"},"modified":"2019-03-12T18:41:42","modified_gmt":"2019-03-12T21:41:42","slug":"gobierno-dividira-en-dos-el-proyecto-de-admision-justa-radio-cooperativa","status":"publish","type":"post","link":"https:\/\/gobierno.udd.cl\/cpp\/noticias\/2019\/03\/12\/gobierno-dividira-en-dos-el-proyecto-de-admision-justa-radio-cooperativa\/","title":{"rendered":"Gobierno dividir\u00e1 en dos el proyecto de \u00abAdmisi\u00f3n Justa\u00bb &#8211; Radio Cooperativa"},"content":{"rendered":"<p style=\"text-align: justify;\">Con el objetivo de agilizar su tramitaci\u00f3n en el Congreso, el Gobierno decidi\u00f3 dividir en dos su cuestionado proyecto de ley de \u00abAdmisi\u00f3n Justa\u00bb, con el que busca reformar la Ley de Inclusi\u00f3n y el Sistema de Admisi\u00f3n Escolar (SAE) mediante la reinstauraci\u00f3n de la selecci\u00f3n en los establecimientos de alta exigencia.<\/p>\n<p><b>Habla:<\/b>\u00a0Luz Poblete, secretaria general de Ev\u00f3poli; David Morales, secretario general de la DC; <strong>Eugenio Guzm\u00e1n, Decano de Gobierno de la\u00a0<span class=\"highlight\">Universidad<\/span>\u00a0<span class=\"highlight\">del<\/span>\u00a0<span class=\"highlight\">Desarrollo<\/span><\/strong>; Fernarndo Atria, abogado constitucionalista PS<\/p>\n<audio class=\"wp-audio-shortcode\" id=\"audio-4034-1\" preload=\"none\" style=\"width: 100%;\" controls=\"controls\"><source type=\"audio\/mpeg\" src=\"http:\/\/conectamedia.s3.amazonaws.com\/1551ce0fb87b0f15aace887e7b8eb8b1.mp3?_=1\" \/><a href=\"http:\/\/conectamedia.s3.amazonaws.com\/1551ce0fb87b0f15aace887e7b8eb8b1.mp3\">http:\/\/conectamedia.s3.amazonaws.com\/1551ce0fb87b0f15aace887e7b8eb8b1.mp3<\/a><\/audio>\n","protected":false},"excerpt":{"rendered":"<p>Con el objetivo de agilizar su tramitaci\u00f3n en el Congreso, el Gobierno decidi\u00f3 dividir en dos su cuestionado proyecto de ley de \u00abAdmisi\u00f3n Justa\u00bb, con el que busca reformar la Ley de Inclusi\u00f3n y el Sistema de Admisi\u00f3n Escolar (SAE) mediante la reinstauraci\u00f3n de la selecci\u00f3n en los establecimientos de alta exigencia. Habla:\u00a0Luz Poblete, secretaria [&hellip;]<\/p>\n","protected":false},"author":22,"featured_media":893,"comment_status":"open","ping_status":"open","sticky":false,"template":"","format":"standard","meta":{"footnotes":""},"categories":[10162],"tags":[],"class_list":["post-4034","post","type-post","status-publish","format-standard","has-post-thumbnail","hentry","category-centro-en-la-prensa"],"featured_image_url":"https:\/\/gobierno.udd.cl\/cpp\/files\/2015\/05\/udd_cpp_prensa_340.png","_links":{"self":[{"href":"https:\/\/gobierno.udd.cl\/cpp\/wp-json\/wp\/v2\/posts\/4034","targetHints":{"allow":["GET"]}}],"collection":[{"href":"https:\/\/gobierno.udd.cl\/cpp\/wp-json\/wp\/v2\/posts"}],"about":[{"href":"https:\/\/gobierno.udd.cl\/cpp\/wp-json\/wp\/v2\/types\/post"}],"author":[{"embeddable":true,"href":"https:\/\/gobierno.udd.cl\/cpp\/wp-json\/wp\/v2\/users\/22"}],"replies":[{"embeddable":true,"href":"https:\/\/gobierno.udd.cl\/cpp\/wp-json\/wp\/v2\/comments?post=4034"}],"version-history":[{"count":1,"href":"https:\/\/gobierno.udd.cl\/cpp\/wp-json\/wp\/v2\/posts\/4034\/revisions"}],"predecessor-version":[{"id":4035,"href":"https:\/\/gobierno.udd.cl\/cpp\/wp-json\/wp\/v2\/posts\/4034\/revisions\/4035"}],"wp:featuredmedia":[{"embeddable":true,"href":"https:\/\/gobierno.udd.cl\/cpp\/wp-json\/wp\/v2\/media\/893"}],"wp:attachment":[{"href":"https:\/\/gobierno.udd.cl\/cpp\/wp-json\/wp\/v2\/media?parent=4034"}],"wp:term":[{"taxonomy":"category","embeddable":true,"href":"https:\/\/gobierno.udd.cl\/cpp\/wp-json\/wp\/v2\/categories?post=4034"},{"taxonomy":"post_tag","embeddable":true,"href":"https:\/\/gobierno.udd.cl\/cpp\/wp-json\/wp\/v2\/tags?post=4034"}],"curies":[{"name":"wp","href":"https:\/\/api.w.org\/{rel}","templated":true}]}}