{"id":4030,"date":"2019-03-12T18:38:17","date_gmt":"2019-03-12T21:38:17","guid":{"rendered":"http:\/\/gobierno.udd.cl\/cpp\/?p=4030"},"modified":"2019-03-12T18:38:17","modified_gmt":"2019-03-12T21:38:17","slug":"sigue-situacion-tensa-en-venezuela-radio-agricultura","status":"publish","type":"post","link":"https:\/\/gobierno.udd.cl\/cpp\/noticias\/2019\/03\/12\/sigue-situacion-tensa-en-venezuela-radio-agricultura\/","title":{"rendered":"Sigue situaci\u00f3n tensa en Venezuela &#8211; Radio Agricultura"},"content":{"rendered":"<p style=\"text-align: justify;\">En Venezuela contin\u00faa la situaci\u00f3n cr\u00edtica, mientras el presidente encargado, Juan Guaid\u00f3, anunci\u00f3 que volver\u00e1 al pa\u00eds, pese a las advertencias del mandatario Nicol\u00e1s Maduro.<\/p>\n<p><b>Habla:<\/b><\/p>\n<div style=\"text-align: justify;\">\n<p><span class=\"highlight\">Guido<\/span>\u00a0<span class=\"highlight\">Larson<\/span>, Director Instituto Humanidades, Analista Internacional<\/p>\n<p><b>Menci\u00f3n:<\/b><\/p>\n<\/div>\n<div style=\"text-align: justify;\">Universidad del Desarrollo<\/div>\n<div><\/div>\n<div><\/div>\n<div>\n<audio class=\"wp-audio-shortcode\" id=\"audio-4030-1\" preload=\"none\" style=\"width: 100%;\" controls=\"controls\"><source type=\"audio\/mpeg\" src=\"http:\/\/conectamedia.s3.amazonaws.com\/f28c30366ef9e8af5d41882edf95a4cf.mp3?_=1\" \/><a href=\"http:\/\/conectamedia.s3.amazonaws.com\/f28c30366ef9e8af5d41882edf95a4cf.mp3\">http:\/\/conectamedia.s3.amazonaws.com\/f28c30366ef9e8af5d41882edf95a4cf.mp3<\/a><\/audio>\n<\/div>\n","protected":false},"excerpt":{"rendered":"<p>En Venezuela contin\u00faa la situaci\u00f3n cr\u00edtica, mientras el presidente encargado, Juan Guaid\u00f3, anunci\u00f3 que volver\u00e1 al pa\u00eds, pese a las advertencias del mandatario Nicol\u00e1s Maduro. Habla: Guido\u00a0Larson, Director Instituto Humanidades, Analista Internacional Menci\u00f3n: Universidad del Desarrollo<\/p>\n","protected":false},"author":22,"featured_media":893,"comment_status":"open","ping_status":"open","sticky":false,"template":"","format":"standard","meta":{"footnotes":""},"categories":[10162],"tags":[],"class_list":["post-4030","post","type-post","status-publish","format-standard","has-post-thumbnail","hentry","category-centro-en-la-prensa"],"featured_image_url":"https:\/\/gobierno.udd.cl\/cpp\/files\/2015\/05\/udd_cpp_prensa_340.png","_links":{"self":[{"href":"https:\/\/gobierno.udd.cl\/cpp\/wp-json\/wp\/v2\/posts\/4030","targetHints":{"allow":["GET"]}}],"collection":[{"href":"https:\/\/gobierno.udd.cl\/cpp\/wp-json\/wp\/v2\/posts"}],"about":[{"href":"https:\/\/gobierno.udd.cl\/cpp\/wp-json\/wp\/v2\/types\/post"}],"author":[{"embeddable":true,"href":"https:\/\/gobierno.udd.cl\/cpp\/wp-json\/wp\/v2\/users\/22"}],"replies":[{"embeddable":true,"href":"https:\/\/gobierno.udd.cl\/cpp\/wp-json\/wp\/v2\/comments?post=4030"}],"version-history":[{"count":1,"href":"https:\/\/gobierno.udd.cl\/cpp\/wp-json\/wp\/v2\/posts\/4030\/revisions"}],"predecessor-version":[{"id":4031,"href":"https:\/\/gobierno.udd.cl\/cpp\/wp-json\/wp\/v2\/posts\/4030\/revisions\/4031"}],"wp:featuredmedia":[{"embeddable":true,"href":"https:\/\/gobierno.udd.cl\/cpp\/wp-json\/wp\/v2\/media\/893"}],"wp:attachment":[{"href":"https:\/\/gobierno.udd.cl\/cpp\/wp-json\/wp\/v2\/media?parent=4030"}],"wp:term":[{"taxonomy":"category","embeddable":true,"href":"https:\/\/gobierno.udd.cl\/cpp\/wp-json\/wp\/v2\/categories?post=4030"},{"taxonomy":"post_tag","embeddable":true,"href":"https:\/\/gobierno.udd.cl\/cpp\/wp-json\/wp\/v2\/tags?post=4030"}],"curies":[{"name":"wp","href":"https:\/\/api.w.org\/{rel}","templated":true}]}}