{"id":4020,"date":"2019-03-05T16:24:54","date_gmt":"2019-03-05T19:24:54","guid":{"rendered":"http:\/\/gobierno.udd.cl\/cpp\/?p=4020"},"modified":"2019-03-05T16:24:54","modified_gmt":"2019-03-05T19:24:54","slug":"cuatro-razones-por-las-que-se-enfrio-el-cambio-de-gabinete-la-segunda","status":"publish","type":"post","link":"https:\/\/gobierno.udd.cl\/cpp\/noticias\/2019\/03\/05\/cuatro-razones-por-las-que-se-enfrio-el-cambio-de-gabinete-la-segunda\/","title":{"rendered":"Cuatro razones por las que se enfri\u00f3 el cambio de gabinete &#8211; La Segunda"},"content":{"rendered":"<p>No hay cambio de gabinete, aunque las autoridades siempre est\u00e1n siendo evaluadas, fue el mensaje que transmitieron ayer los ministros a los principales dirigentes del oficialismo, en el comit\u00e9 pol\u00edtico habitual de los lunes. Hoy, en el oficialismo est\u00e1 la sensaci\u00f3n de que el ajuste ministerial, al menos \u201cse enfri\u00f3\u201d, a partir de ciertos anuncios o hechos que afirmaron a ministros en sus actuales cargos.<\/p>\n<p style=\"text-align: justify;\">El rol de Interior en las cat\u00e1strofes, el debilitamiento de la acusaci\u00f3n constitucional por el caso Catrillanca, la crisis de Venezuela, el anuncio de la candidatura de Chile al Mundial de F\u00fatbol y las giras de la ministra de Educaci\u00f3n cambiaron el foco de la discusi\u00f3n. El suspenso, sin embargo, persiste en la Secretar\u00eda General de Gobierno, a cargo de Cecilia P\u00e9rez y el Ministerio de Salud. A juicio del director ejecutivo de Idea Pa\u00eds, Pablo Valderrama, \u201csi el cambio es s\u00f3lo por hacerlo, es una mala idea.<\/p>\n<p style=\"text-align: justify;\">Pero si es para proyectar el gobierno en un segundo periodo, es necesario si el Presidente as\u00ed lo cree\u201d. Otros analistas coinciden en que los hechos recientes le han dado al Presidente Sebasti\u00e1n Pi\u00f1era un margen \u201ct\u00e1ctico\u201d para mantener a su equipo, pero pensando en una meta estrat\u00e9gica, la continuidad del gabinete no es tan clara.<\/p>\n<p style=\"text-align: justify;\"><strong>El decano de Gobierno de la\u00a0<span class=\"highlight\">UDD<\/span>, Eugenio Guzm\u00e1n, acota: \u201cPi\u00f1era tiene que mantener su agenda, no s\u00e9 si ayuda a eso realizar un cambio de gabinete\u201d.\u00a0<\/strong>De hecho, Guzm\u00e1n cree que la continuidad de Chadwick es clave para mantener un dialogo con la oposici\u00f3n.<\/p>\n<p style=\"text-align: justify;\"><strong>Se cae acusaci\u00f3n a Chadwick<\/strong><\/p>\n<p style=\"text-align: justify;\">La muerte del joven mapuche Camilo Catrillanca el pasado 14 de noviembre dej\u00f3 al ministro del Interior, Andr\u00e9s Chadwick (UDI), al borde de ser acusado constitucionalmente por la oposici\u00f3n. En l\u00ednea con la arremetida en su contra, la aprobaci\u00f3n de Chadwick cay\u00f3.<\/p>\n<p style=\"text-align: justify;\">En la encuesta Cadem, del pasado 25 de noviembre baj\u00f3 13 puntos. Sin embargo, la acusaci\u00f3n constitucional perdi\u00f3 fuerza, seg\u00fan han planteado los jefes de bancada del PPD y el PS, los diputados Ricardo Celis y Manuel Monsalve, respectivamente. Mientras Celis dijo que era \u201cmuy dif\u00edcil\u201d que prosiguiera la acusaci\u00f3n, Monsalve afirm\u00f3 que la acci\u00f3n se ha debilitado. Estas declaraciones cambiaron el escenario que hab\u00eda antes de que el Presidente saliera de vacaciones, ya que el riesgo de un libelo, lo obligaba a blindar a su jefe de gabinete.<\/p>\n<p style=\"text-align: justify;\">Incluso, algunos analistas suger\u00edan trasladarlo a Canciller\u00eda o la Secretar\u00eda General de la Presidencia. A juicio del decano de Gobierno de la U. Central, Marco Moreno, se desactiv\u00f3 \u201cla amenaza que hab\u00eda sobre el ministro del Interior\u201d. Coincide el cientista pol\u00edtico Kenneth Bunker: \u201cEl \u00edmpetu que hab\u00eda en diciembre contra Chadwick, se cay\u00f3\u201d.<\/p>\n<p style=\"text-align: justify;\"><strong>Golazo para Kantor<\/strong><\/p>\n<p style=\"text-align: justify;\">La ministra del Deporte, Pauline Kantor, era otra carta del gabinete en tela de juicio por varias razones.<\/p>\n<p style=\"text-align: justify;\">Una de ellas era su bajo nivel de conocimiento (24% seg\u00fan la Cadem del 28 de enero), en una cartera alta visibilidad y con agenda, por lo general, poco conflictiva. Otro motivo era su manejo pol\u00edtico que la tuvo al borde de una interpelaci\u00f3n a manos del diputado Jaime Mulet (FRVS), d\u00e9ficit que tambi\u00e9n han acusado parlamentarios como Erika Olivera (RN) y Ricardo Celis (PPD). Tambi\u00e9n su gesti\u00f3n estuvo marcada por las cr\u00edticas hacia la organizaci\u00f3n de los Panamericanos Chile 2023.<\/p>\n<p style=\"text-align: justify;\">El columnista y periodista Juan Crist\u00f3bal Guarello acus\u00f3 el 7 de diciembre pasado en La Tercera que \u201cno se ha hecho nada\u201d. Pero el anuncio, el 14 de febrero pasado, de que Chile postular\u00e1, junto a Argentina, Uruguay y Paraguay, para ser sede del Mundial de F\u00fatbol 2030, dio un nuevo aire y una nueva motivaci\u00f3n a Kantor. \u201cFue un golazo de media cancha el anuncio del mundial.<\/p>\n<p style=\"text-align: justify;\">Como efecto colateral, a cualquier ministro del deporte, la afirma\u201d, dice el acad\u00e9mico de la UDP, Hugo Eduardo Herrera.<\/p>\n<p style=\"text-align: justify;\"><strong>Crisis sirve a Ampuero<\/strong><\/p>\n<p style=\"text-align: justify;\">La demora en los nombramientos de los embajadores, la postergaci\u00f3n de la firma del Tratado de Escaz\u00fa, la decisi\u00f3n de no suscribir el Pacto Migratorio y ahora la acusaci\u00f3n de que el Presidente Pi\u00f1era pasa a llevar la pol\u00edtica exterior \u201chist\u00f3rica\u201d, con sus determinaciones en torno a Venezuela, no han dejado de generar cr\u00edticas hacia el canciller Roberto Ampuero.<\/p>\n<p style=\"text-align: justify;\">Pero Bunker cree que \u201cel viaje a Venezuela le sirvi\u00f3 a Pi\u00f1era y yo creo que Ampuero se afirma\u201d.Otro factor que podr\u00eda incidir que favorece la permanencia de Ampuero es el litigio de Chile contra Bolivia por el r\u00edo Silala, que se encuentra en momento decisivo.<\/p>\n<p style=\"text-align: justify;\">A mediados de febrero, el ministro present\u00f3 la r\u00e9plica de nuestro pa\u00eds. Marco Moreno plantea tambi\u00e9n que Ampuero es \u201cel fusible para enfrentar las cr\u00edticas opositoras. Hay un sentido estrat\u00e9gico de concentrar en \u00e9l los costos\u201d.Cubillos empoderadaAunque la ministra de Educaci\u00f3n, Marcela Cubillos, no tiene un cuadro de complicaciones como Chadwick, Ampuero o Kantor, su nombre era una carta para entrar al equipo pol\u00edtico.<\/p>\n<p style=\"text-align: justify;\">Sin embargo, retirarla hoy de Educaci\u00f3n ser\u00eda hoy un desprop\u00f3sito, a juicio de analistas.\u201cYo dificulto que haya un ministro de Educaci\u00f3n en los \u00faltimos 10 a\u00f1os que se haya mantenido con tal nivel de aprobaci\u00f3n\u201d, remarca Hugo Eduardo Herrera.<\/p>\n<p style=\"text-align: justify;\">A su haber, Cubillos cuenta con la Ley de Aula Segura y lejos de evitar la confrontaci\u00f3n con la oposici\u00f3n parlamentaria, fue al choque este verano, a trav\u00e9s de la iniciativa Admisi\u00f3n Justa.A juicio de Bunker \u201cel Gobierno solamente la tiene que cambiar si es que hay una presi\u00f3n importante para que salga.<\/p>\n<p style=\"text-align: justify;\">Si es que la cambian sin eso, est\u00e1n mostrando una se\u00f1al de debilidad\u201d.Moreno se\u00f1ala que \u201cel Gobierno tiene como \u00fanico proyecto importante para iniciar el a\u00f1o el tema de Admisi\u00f3n Justa\u201d.<\/p>\n<p style=\"text-align: justify;\"><a href=\"\/\/gobierno.udd.cl\/files\/2019\/03\/2019-02-26_impresa.lasegunda.com_UT3IBQMT.jpg\"><img loading=\"lazy\" decoding=\"async\" class=\"size-medium wp-image-21064 aligncenter\" src=\"\/\/gobierno.udd.cl\/files\/2019\/03\/2019-02-26_impresa.lasegunda.com_UT3IBQMT-231x300.jpg\" alt=\"\" width=\"231\" height=\"300\" \/><\/a><\/p>\n","protected":false},"excerpt":{"rendered":"<p>No hay cambio de gabinete, aunque las autoridades siempre est\u00e1n siendo evaluadas, fue el mensaje que transmitieron ayer los ministros a los principales dirigentes del oficialismo, en el comit\u00e9 pol\u00edtico habitual de los lunes. Hoy, en el oficialismo est\u00e1 la sensaci\u00f3n de que el ajuste ministerial, al menos \u201cse enfri\u00f3\u201d, a partir de ciertos anuncios [&hellip;]<\/p>\n","protected":false},"author":22,"featured_media":893,"comment_status":"open","ping_status":"open","sticky":false,"template":"","format":"standard","meta":{"footnotes":""},"categories":[10162],"tags":[],"class_list":["post-4020","post","type-post","status-publish","format-standard","has-post-thumbnail","hentry","category-centro-en-la-prensa"],"featured_image_url":"https:\/\/gobierno.udd.cl\/cpp\/files\/2015\/05\/udd_cpp_prensa_340.png","_links":{"self":[{"href":"https:\/\/gobierno.udd.cl\/cpp\/wp-json\/wp\/v2\/posts\/4020","targetHints":{"allow":["GET"]}}],"collection":[{"href":"https:\/\/gobierno.udd.cl\/cpp\/wp-json\/wp\/v2\/posts"}],"about":[{"href":"https:\/\/gobierno.udd.cl\/cpp\/wp-json\/wp\/v2\/types\/post"}],"author":[{"embeddable":true,"href":"https:\/\/gobierno.udd.cl\/cpp\/wp-json\/wp\/v2\/users\/22"}],"replies":[{"embeddable":true,"href":"https:\/\/gobierno.udd.cl\/cpp\/wp-json\/wp\/v2\/comments?post=4020"}],"version-history":[{"count":1,"href":"https:\/\/gobierno.udd.cl\/cpp\/wp-json\/wp\/v2\/posts\/4020\/revisions"}],"predecessor-version":[{"id":4021,"href":"https:\/\/gobierno.udd.cl\/cpp\/wp-json\/wp\/v2\/posts\/4020\/revisions\/4021"}],"wp:featuredmedia":[{"embeddable":true,"href":"https:\/\/gobierno.udd.cl\/cpp\/wp-json\/wp\/v2\/media\/893"}],"wp:attachment":[{"href":"https:\/\/gobierno.udd.cl\/cpp\/wp-json\/wp\/v2\/media?parent=4020"}],"wp:term":[{"taxonomy":"category","embeddable":true,"href":"https:\/\/gobierno.udd.cl\/cpp\/wp-json\/wp\/v2\/categories?post=4020"},{"taxonomy":"post_tag","embeddable":true,"href":"https:\/\/gobierno.udd.cl\/cpp\/wp-json\/wp\/v2\/tags?post=4020"}],"curies":[{"name":"wp","href":"https:\/\/api.w.org\/{rel}","templated":true}]}}