{"id":4013,"date":"2019-02-25T17:24:05","date_gmt":"2019-02-25T20:24:05","guid":{"rendered":"http:\/\/gobierno.udd.cl\/cpp\/?p=4013"},"modified":"2019-02-25T17:24:05","modified_gmt":"2019-02-25T20:24:05","slug":"algunos-se-ponen-a-trabajar-y-otros-se-dedican-solamente-a-reclamar-la-segunda","status":"publish","type":"post","link":"https:\/\/gobierno.udd.cl\/cpp\/noticias\/2019\/02\/25\/algunos-se-ponen-a-trabajar-y-otros-se-dedican-solamente-a-reclamar-la-segunda\/","title":{"rendered":"\u201cAlgunos se ponen a trabajar y otros se dedican solamente a reclamar\u201d &#8211; La Segunda"},"content":{"rendered":"<p style=\"text-align: justify;\">Un sobrevuelo en helic\u00f3ptero realiz\u00f3 esta ma\u00f1ana el Presidente Sebasti\u00e1n Pi\u00f1era, en lo que fue su sexta visita en este gobierno a la regi\u00f3n de La Araucan\u00eda. El Mandatario arrib\u00f3 en compa\u00f1\u00eda de los ministros del Interior, Andr\u00e9s Chadwick, y de Desarrollo Social, Alfredo Moreno, para encontrase con el intendente Jorge Atton.<\/p>\n<p style=\"text-align: justify;\">Y lejos de retroceder ante las cr\u00edticas de la oposici\u00f3n por su viaje a C\u00facuta (frontera de Colombia con Venezuela), el Mandatario respondi\u00f3 con dureza: \u201cCuando hay una cat\u00e1strofe natural, y sobre todo cuando las cat\u00e1strofes se han producido en tantos frentes distintos, hay dos grupos de personas.<\/p>\n<p style=\"text-align: justify;\">Hay algunos que se ponen a trabajar, a ayudar y a colaborar para resolver los problemas y ayudar a la gente, y hay otros que se dedican solamente a reclamar y a criticar.<\/p>\n<p style=\"text-align: justify;\">Yo creo que es mejor que todos nos sumemos al primer grupo\u201d, indic\u00f3. \u201cLes pido especialmente a los que han sido ministros de Relaciones Exteriores que sean m\u00e1s consistentes, que sean m\u00e1s consecuentes y que protejamos un valor tan hermoso y tan noble como el compromiso permanente de Chile con la defensa, la libertad y los Derechos Humanos\u201d, agreg\u00f3 el Mandatario.<\/p>\n<p style=\"text-align: justify;\"><strong>Oposici\u00f3n \u201causente\u201d y \u201ca destiempo\u201d <\/strong><\/p>\n<p style=\"text-align: justify;\">Pi\u00f1era y sus ministros se desplegaron con todo y coparon la agenda medi\u00e1tica de primera hora de la ma\u00f1ana, cuando Chadwick inform\u00f3 a las 6:45 AM la expulsi\u00f3n de 32 colombianos, en el grupo de aviaci\u00f3n N\u00b0 10 de la FACh.<\/p>\n<p style=\"text-align: justify;\">Mientras, en la oposici\u00f3n surgen autocr\u00edticas por el rol de ese sector en la fiscalizaci\u00f3n al Ejecutivo. Entre ellos, del senador Jos\u00e9 Miguel Insulza (PS), quien se\u00f1al\u00f3 en La Tercera: \u201cNo me quejo que la oposici\u00f3n se vaya de vacaciones, pero no todos al mismo tiempo\u201d. <strong>Para Rodrigo Arellano, acad\u00e9mico de la\u00a0<\/strong><strong>UDD<\/strong><strong>, \u201csin duda la ausencia de oposici\u00f3n favorece al Gobierno, realza la potencia y el rol de un Pi\u00f1era estadista y activo. Lo hemos visto en su mejor faceta\u201d. Y agrega: \u201cLa pol\u00edtica es planificaci\u00f3n, pero tambi\u00e9n aprovechar las oportunidades.<br \/>\n<\/strong><br \/>\n\u201cEn esta crisis hemos visto respuestas bastantes efectivas. Si bien la oposici\u00f3n critica que el Presidente no est\u00e1 ac\u00e1, hemos visto a los ministros desplegados y a Pi\u00f1era interrumpiendo sus vacaciones\u201d Coincide Marco Moreno, decano de Gobierno de la U.Central, al se\u00f1alar que \u201csin duda la oposici\u00f3n aparece muy a destiempo, sin una voz que permita articular con claridad ese rol. No sabemos hoy d\u00eda qui\u00e9n expresa la oposici\u00f3n. Los parlamentarios est\u00e1n de vacaciones y ese es el gran problema\u201d. Moreno a\u00f1ade que \u201cPi\u00f1era est\u00e1 aprovechando esta coyuntura donde hay un vac\u00edo de la oposici\u00f3n.<\/p>\n<p style=\"text-align: justify;\">Como \u00e9l es un jugador, se da cuenta de que no tiene enfrente a una oposici\u00f3n cohesionada que le vaya a hacer mella\u201d. Por su parte, el analista del PS Axel Callis, sostiene que \u201cel Gobierno se activ\u00f3 hoy y la ausencia de la oposici\u00f3n hizo que el Ejecutivo tuviera un verano relajado.<\/p>\n<p style=\"text-align: justify;\">No hab\u00eda ninguna posibilidad de conflictos o costos. No se ha visto un gobierno estresado por nada\u201d. Cristi\u00e1n Valdivieso, de Criteria Research, opina que \u201cel Gobierno pone la agenda y no encuentra enfrente una oposici\u00f3n ordenada y articulada que proponga una agenda alternativa o complementaria\u201d. Valdivieso agrega que \u201cse favorece infinitamente de la ausencia de la oposici\u00f3n en vacaciones y de su par\u00e1lisis general ante el shock, aun v\u00edvido, de una derrota que ingenuamente creyeron inesperada\u201d.<\/p>\n<p style=\"text-align: justify;\"><strong>Foco en seguridad<\/strong><\/p>\n<p style=\"text-align: justify;\">La primera prioridad de nuestro gobierno es atender a las prioridades de los chilenos.<\/p>\n<p style=\"text-align: justify;\">Por eso la seguridad p\u00fablica, el Estado de Derecho y la paz de los hogares est\u00e1n en el coraz\u00f3n de nuestras prioridades\u201d, afirm\u00f3 esta ma\u00f1ana Pi\u00f1era, dando cuenta del \u00e9nfasis de sus actividades de hoy. El Mandatario asisti\u00f3 a las 9 AM a la inauguraci\u00f3n de una comisar\u00eda en Lautaro, donde reiter\u00f3 su respaldo a Carabineros, luego de lo cual continu\u00f3 a las 10:30 horas con una visita a damnificados en Carahue y a las 12 se reuni\u00f3 la Mesa T\u00e9cnica de Emergencia Regional.<\/p>\n<p style=\"text-align: justify;\">Para las 13 horas, contemplaba reunirse con la multigremial de La Araucan\u00eda y, posteriormente, trasladarse a la regi\u00f3n de Los Lagos. Adem\u00e1s de lo realizado por Chadwick, Moreno program\u00f3 una actividad paralela a las 16:30 horas con el Consejo Pol\u00edtico Mapuche, que integran representantes de Chile Vamos. Uno de los puntos m\u00e1s emblem\u00e1ticos de las declaraciones de Pi\u00f1era, fueron sobre La Araucan\u00eda.<\/p>\n<p style=\"text-align: justify;\">Esto, luego de que el domingo pasado el subsecretario del Interior, Rodrigo Ubilla, vinculara los incendios forestales con la causa mapuche.<\/p>\n<p style=\"text-align: justify;\">\u201cEn La Araucan\u00eda s\u00ed hay terrorismo, y los que lo quieran negar, est\u00e1n tratando de tapar el sol con un dedo\u201d, dijo el Mandatario.<\/p>\n<p style=\"text-align: justify;\">\u201cPorque, cuando se cometen los actos que hemos conocido, naturalmente que hay en eso un acto de terrorismo, y por eso hemos aplicado la Ley de Seguridad del Estado cuando corresponde y la Ley Antiterrorista\u201d, dijo el Jefe de Estado.<\/p>\n<p style=\"text-align: justify;\">Por ello, afirm\u00f3 que esas medidas \u201clas vamos a seguir aplicando y espero que esta primera comisar\u00eda sea un aporte a la comuna y esta ciudad para avanzar en esa tan anhelada paz\u201d.<\/p>\n<p style=\"text-align: justify;\">\u201cAlgunos critican, diciendo que se estar\u00eda militarizando La Araucan\u00eda (&#8230;) Esos pocos lo que quieren realmente no es el progreso de La Araucan\u00eda.<\/p>\n<p style=\"text-align: justify;\">La inmensa mayor\u00eda de La Araucan\u00eda quiere que se recupere el orden p\u00fablico, el Estado de Derecho, la paz y la tranquilidad\u201d, enfatiz\u00f3.<\/p>\n<p><a href=\"\/\/gobierno.udd.cl\/files\/2019\/02\/2019-02-21_impresa.lasegunda.com_T63I8URH.jpg\"><img loading=\"lazy\" decoding=\"async\" class=\"size-medium wp-image-20992 aligncenter\" src=\"\/\/gobierno.udd.cl\/files\/2019\/02\/2019-02-21_impresa.lasegunda.com_T63I8URH-231x300.jpg\" alt=\"\" width=\"231\" height=\"300\" \/><\/a><\/p>\n","protected":false},"excerpt":{"rendered":"<p>Un sobrevuelo en helic\u00f3ptero realiz\u00f3 esta ma\u00f1ana el Presidente Sebasti\u00e1n Pi\u00f1era, en lo que fue su sexta visita en este gobierno a la regi\u00f3n de La Araucan\u00eda. El Mandatario arrib\u00f3 en compa\u00f1\u00eda de los ministros del Interior, Andr\u00e9s Chadwick, y de Desarrollo Social, Alfredo Moreno, para encontrase con el intendente Jorge Atton. Y lejos de [&hellip;]<\/p>\n","protected":false},"author":22,"featured_media":893,"comment_status":"open","ping_status":"open","sticky":false,"template":"","format":"standard","meta":{"footnotes":""},"categories":[10162],"tags":[],"class_list":["post-4013","post","type-post","status-publish","format-standard","has-post-thumbnail","hentry","category-centro-en-la-prensa"],"featured_image_url":"https:\/\/gobierno.udd.cl\/cpp\/files\/2015\/05\/udd_cpp_prensa_340.png","_links":{"self":[{"href":"https:\/\/gobierno.udd.cl\/cpp\/wp-json\/wp\/v2\/posts\/4013","targetHints":{"allow":["GET"]}}],"collection":[{"href":"https:\/\/gobierno.udd.cl\/cpp\/wp-json\/wp\/v2\/posts"}],"about":[{"href":"https:\/\/gobierno.udd.cl\/cpp\/wp-json\/wp\/v2\/types\/post"}],"author":[{"embeddable":true,"href":"https:\/\/gobierno.udd.cl\/cpp\/wp-json\/wp\/v2\/users\/22"}],"replies":[{"embeddable":true,"href":"https:\/\/gobierno.udd.cl\/cpp\/wp-json\/wp\/v2\/comments?post=4013"}],"version-history":[{"count":1,"href":"https:\/\/gobierno.udd.cl\/cpp\/wp-json\/wp\/v2\/posts\/4013\/revisions"}],"predecessor-version":[{"id":4014,"href":"https:\/\/gobierno.udd.cl\/cpp\/wp-json\/wp\/v2\/posts\/4013\/revisions\/4014"}],"wp:featuredmedia":[{"embeddable":true,"href":"https:\/\/gobierno.udd.cl\/cpp\/wp-json\/wp\/v2\/media\/893"}],"wp:attachment":[{"href":"https:\/\/gobierno.udd.cl\/cpp\/wp-json\/wp\/v2\/media?parent=4013"}],"wp:term":[{"taxonomy":"category","embeddable":true,"href":"https:\/\/gobierno.udd.cl\/cpp\/wp-json\/wp\/v2\/categories?post=4013"},{"taxonomy":"post_tag","embeddable":true,"href":"https:\/\/gobierno.udd.cl\/cpp\/wp-json\/wp\/v2\/tags?post=4013"}],"curies":[{"name":"wp","href":"https:\/\/api.w.org\/{rel}","templated":true}]}}