{"id":4011,"date":"2019-02-25T17:22:58","date_gmt":"2019-02-25T20:22:58","guid":{"rendered":"http:\/\/gobierno.udd.cl\/cpp\/?p=4011"},"modified":"2019-02-25T17:22:58","modified_gmt":"2019-02-25T20:22:58","slug":"la-dificil-logistica-del-viaje-la-segunda","status":"publish","type":"post","link":"https:\/\/gobierno.udd.cl\/cpp\/noticias\/2019\/02\/25\/la-dificil-logistica-del-viaje-la-segunda\/","title":{"rendered":"La dif\u00edcil log\u00edstica del viaje &#8211; La Segunda"},"content":{"rendered":"<p style=\"text-align: justify;\">\u201cUno de los principios nobles y hermosos de Pol\u00edtica Exterior de Chile es su firme compromiso y defensa de la libertad, democracia y respeto a DDHH. Estos principios deben ser defendidos siempre y no reconocen fronteras. Por eso voy a C\u00facuta, a defender la libertad en Venezuela\u201d, escribi\u00f3 hoy el Presidente Sebasti\u00e1n Pi\u00f1era en su cuenta de Twitter, reiterando sus palabras de ayer.<\/p>\n<p style=\"text-align: justify;\">Tras regresar de sus vacaciones, reci\u00e9n en la tarde de ayer el Gobierno se despleg\u00f3 en medios de comunicaci\u00f3n para salir a contestar las cr\u00edticas contra el viaje del Mandatario a la ciudad colombiana, en la frontera con Venezuela, para participar de un concierto y presionar en terreno para que las fuerzas militares y venezolanas permitan el ingreso de camiones con ayuda humanitaria (medicinas, alimentos y productos b\u00e1sicos).<\/p>\n<p style=\"text-align: justify;\">\u201cUn win-win\u201d para su imagen. Entre las razones que avalan la decisi\u00f3n de Pi\u00f1era, hay un beneficio de imagen internacional, seg\u00fan ciertos analistas. \u201cAl viajar a Colombia Pi\u00f1era solidifica su liderazgo regional.<\/p>\n<p style=\"text-align: justify;\">Hay que derrocar las dictaduras en terreno (\u2026)\u201d, escribi\u00f3 en Twitter el analista pol\u00edtico y acad\u00e9mico de la U. Central, Kenneth Bunker, quien, pese a las cr\u00edticas al viaje, dijo que lo ve\u00eda \u201ccomo un win-win\u201d.El columnista y panelista de TV, Francisco Jos\u00e9 Covarrubias coincidi\u00f3 en Twitter: \u201cPese a las cr\u00edticas (\u2026), me parece una decisi\u00f3n acertada de Pi\u00f1era de ponerse en la primera fila de una ofensiva diplom\u00e1tica (no militar) contra una dictadura\u201d. Otros analistas ligados la derecha, como el ex ministro Sergio Melnick, marcaron un contraste con Michelle Bachelet, quien en su calidad de Alta Comisionada de DD.HH., en sinton\u00eda con la ONU, opt\u00f3 por mantenerse en una posici\u00f3n neutral frente a la crisis venezolana.<\/p>\n<p style=\"text-align: justify;\">\u201cPi\u00f1era clar\u00edsimo nuevo l\u00edder de Am\u00e9rica Latina&#8230;\u201d escribi\u00f3 Melnick, agregando que ve\u00eda a Bachelet \u201carrancando del problema\u201d.<\/p>\n<p style=\"text-align: justify;\"><strong>Agenda veraniega<\/strong><\/p>\n<p style=\"text-align: justify;\">Seg\u00fan la encuesta Cadem del pasado 4 de febrero, un 77% de los consultados declar\u00f3 estar de acuerdo con que Pi\u00f1era haya reconocido a Juan Guaid\u00f3 como Presidente encargado de Venezuela. \u201cLas \u00faltimas encuestas que tienen (en el Gobierno), las p\u00fablicas y las privadas, son lapidarias en torno a que la poblaci\u00f3n chilena est\u00e1 en contra de la dictadura de Maduro y que apoya cualquier acci\u00f3n que sea en su contra\u201d, dijo hoy en T13 Radio, el periodista, panelista y director de prensa de Canal 13, Enrique Mujica. El viaje, adem\u00e1s, permite al Ejecutivo cambiar el debate pol\u00edtico que se estaba concentrando en los incendios del sur.<\/p>\n<p style=\"text-align: justify;\">Si bien en este tema las encuestas mostraban una buena evaluaci\u00f3n a la respuesta gubernamental, estaban surgiendo algunos focos conflictivos como los reproches al subsecretario del Interior, Rodrigo Ubilla, por haber vinculado los incendios forestales a la causa mapuche y tambi\u00e9n por las mismas declaraciones de Pi\u00f1era que daban se\u00f1ales optimistas del control del fuego en Ays\u00e9n. <strong>El decano de la\u00a0<\/strong><strong>UDD<\/strong><strong>\u00a0y encuest\u00f3logo, Eugenio Guzm\u00e1n, dice que \u201cdado el momento actual en que estamos, donde no hay tem\u00e1ticas, el caso venezolano obviamente le ayudan al Gobierno al control y manejo de la agenda\u201d. <\/strong>La cuesti\u00f3n venezolana es un tema que une al oficialismo y genera una multiplicidad de posturas en la oposici\u00f3n, donde algunos defienden a Maduro; otros guardan silencio; otros lo critican, pero no reconocen a Juan Guaid\u00f3; y otros que se declaran antimaduristas, s\u00ed respaldan al Presidente encargado de Venezuela. \u201cInevitablemente la oposici\u00f3n si quiere tener c\u00e1mara, si quiere salir en las noticias, tiene que estar en esta tem\u00e1tica y no en otra\u201d, agrega Guzm\u00e1n. El diputado Gabriel Silber reconoci\u00f3, de hecho, en La Tercera, que la oposici\u00f3n le cedi\u00f3 espacio al Gobierno durante el verano, situaci\u00f3n en la que coincidi\u00f3 el encuest\u00f3logo Cristi\u00e1n Valdivieso, hoy en redes sociales. El ex precandidato presidencial del Frente Amplio, Alberto Mayol, impl\u00edcitamente tambi\u00e9n le reconoci\u00f3 a Pi\u00f1era el uso de un \u201crecurso eficaz\u201d, sin embargo, en Twitter, le hizo una prevenci\u00f3n.<\/p>\n<p style=\"text-align: justify;\">\u201cEl Presidente Pi\u00f1era sufre compulsivamente del mal de reiterar hasta que se agota cada recurso pol\u00edtico que le ha sido eficaz.<\/p>\n<p style=\"text-align: justify;\">Si destruy\u00f3 la proeza del rescate de los 33 mineros a punto de mostrar el papelito, ahora se dedica a desgastar el tema de Venezuela\u201d, poste\u00f3 Mayol.<\/p>\n<p style=\"text-align: justify;\"><strong>Quiebre con la oposici\u00f3n<\/strong><\/p>\n<p style=\"text-align: justify;\">No obstante, en el saldo negativo est\u00e1 el deterioro del di\u00e1logo con el eje tradicional de la ex Concertaci\u00f3n, que ha sido uno de los pilares con los que el Gobierno, ante su minor\u00eda en el Congreso, ha buscado entendimientos para la aprobaci\u00f3n de sus proyectos legislativos. Jos\u00e9 Miguel Insulza (PS), Heraldo Mu\u00f1oz (PPD) y los DC Jorge Pizarro e Ignacio Walker se sumaron a las cr\u00edticas, acusando el uso ideol\u00f3gico de las RR.EE. \u201cEs un acto de populismo que distrae la atenci\u00f3n.<\/p>\n<p style=\"text-align: justify;\">El Presidente ha ido perdiendo el foco, quiere r\u00e9dito personal\u201d, dijo hoy a La Segunda el senador PPD Ricardo Lagos Weber. Consultado si cree que esto puede afectar la b\u00fasqueda de acuerdos con la oposici\u00f3n, Lagos Weber se\u00f1al\u00f3 que \u201ccuando no se generan buenos climas hay que abrigarse.<\/p>\n<p style=\"text-align: justify;\"><strong>Uno cosecha lo que siembra.<\/strong><\/p>\n<p style=\"text-align: justify;\">La mejor disposici\u00f3n, pero hay que generar climas razonables para poder entenderse y conversar\u201d. Insulza \u2014que ha sido uno de los principales defensores del ministro Andr\u00e9s Chadwick por el caso Catrillanca\u2014, ayer lider\u00f3 la redacci\u00f3n de una carta con otros 15 referentes de la oposici\u00f3n en que acusaron a La Moneda de romper con la unidad hist\u00f3rica en pol\u00edtica exterior.<\/p>\n<p style=\"text-align: justify;\"><strong>El incendio del sur<\/strong><\/p>\n<p style=\"text-align: justify;\">En tanto, el viaje de Pi\u00f1era en medio de los incendios forestales, particularmente por la emergencia en Ays\u00e9n, abri\u00f3 inmediatamente un flanco de cr\u00edticas. \u201cPasar\u00e1 por Cochrane antes de ir a C\u00facuta?\u201d, escribi\u00f3 en Twitter, el presidente PPD, Heraldo Mu\u00f1oz, quien si bien no quiso firmar la carta de Insulza, ayer en la tarde endureci\u00f3 su cr\u00edtica al viaje. Las primeras cr\u00edticas asomaron el pasado lunes desde la DC, donde su vicepresidente, Rodrigo Albornoz, critic\u00f3: \u201cCuando las regiones de \u00d1uble, Biob\u00edo, La Araucan\u00eda y Ays\u00e9n est\u00e1n siendo azotadas por incendios, cuando se baja el perfil de lo que est\u00e1 sucediendo en Cochrane (\u2026), priorizar o enfocarse en una agenda internacional no nos parece\u201d.<\/p>\n<p><a href=\"\/\/gobierno.udd.cl\/files\/2019\/02\/Eugenio-Cucuta.jpg\"><img loading=\"lazy\" decoding=\"async\" class=\"size-medium wp-image-20979 aligncenter\" src=\"\/\/gobierno.udd.cl\/files\/2019\/02\/Eugenio-Cucuta-231x300.jpg\" alt=\"\" width=\"231\" height=\"300\" \/><\/a><\/p>\n","protected":false},"excerpt":{"rendered":"<p>\u201cUno de los principios nobles y hermosos de Pol\u00edtica Exterior de Chile es su firme compromiso y defensa de la libertad, democracia y respeto a DDHH. Estos principios deben ser defendidos siempre y no reconocen fronteras. Por eso voy a C\u00facuta, a defender la libertad en Venezuela\u201d, escribi\u00f3 hoy el Presidente Sebasti\u00e1n Pi\u00f1era en su [&hellip;]<\/p>\n","protected":false},"author":22,"featured_media":893,"comment_status":"open","ping_status":"open","sticky":false,"template":"","format":"standard","meta":{"footnotes":""},"categories":[10162],"tags":[],"class_list":["post-4011","post","type-post","status-publish","format-standard","has-post-thumbnail","hentry","category-centro-en-la-prensa"],"featured_image_url":"https:\/\/gobierno.udd.cl\/cpp\/files\/2015\/05\/udd_cpp_prensa_340.png","_links":{"self":[{"href":"https:\/\/gobierno.udd.cl\/cpp\/wp-json\/wp\/v2\/posts\/4011","targetHints":{"allow":["GET"]}}],"collection":[{"href":"https:\/\/gobierno.udd.cl\/cpp\/wp-json\/wp\/v2\/posts"}],"about":[{"href":"https:\/\/gobierno.udd.cl\/cpp\/wp-json\/wp\/v2\/types\/post"}],"author":[{"embeddable":true,"href":"https:\/\/gobierno.udd.cl\/cpp\/wp-json\/wp\/v2\/users\/22"}],"replies":[{"embeddable":true,"href":"https:\/\/gobierno.udd.cl\/cpp\/wp-json\/wp\/v2\/comments?post=4011"}],"version-history":[{"count":1,"href":"https:\/\/gobierno.udd.cl\/cpp\/wp-json\/wp\/v2\/posts\/4011\/revisions"}],"predecessor-version":[{"id":4012,"href":"https:\/\/gobierno.udd.cl\/cpp\/wp-json\/wp\/v2\/posts\/4011\/revisions\/4012"}],"wp:featuredmedia":[{"embeddable":true,"href":"https:\/\/gobierno.udd.cl\/cpp\/wp-json\/wp\/v2\/media\/893"}],"wp:attachment":[{"href":"https:\/\/gobierno.udd.cl\/cpp\/wp-json\/wp\/v2\/media?parent=4011"}],"wp:term":[{"taxonomy":"category","embeddable":true,"href":"https:\/\/gobierno.udd.cl\/cpp\/wp-json\/wp\/v2\/categories?post=4011"},{"taxonomy":"post_tag","embeddable":true,"href":"https:\/\/gobierno.udd.cl\/cpp\/wp-json\/wp\/v2\/tags?post=4011"}],"curies":[{"name":"wp","href":"https:\/\/api.w.org\/{rel}","templated":true}]}}