{"id":3994,"date":"2019-02-20T15:54:13","date_gmt":"2019-02-20T18:54:13","guid":{"rendered":"http:\/\/gobierno.udd.cl\/cpp\/?p=3994"},"modified":"2019-02-20T15:54:13","modified_gmt":"2019-02-20T18:54:13","slug":"analistas-efectos-solo-llegaran-hasta-lo-que-queda-de-febrero-la-segunda","status":"publish","type":"post","link":"https:\/\/gobierno.udd.cl\/cpp\/noticias\/2019\/02\/20\/analistas-efectos-solo-llegaran-hasta-lo-que-queda-de-febrero-la-segunda\/","title":{"rendered":"Analistas: \u201cEfectos s\u00f3lo llegar\u00e1n hasta lo que queda de febrero\u201d &#8211; La Segunda"},"content":{"rendered":"<p style=\"text-align: justify;\">\u201cPresidente @sebastianpinera pretendiendo con postulaci\u00f3n al Mundial desviar la atenci\u00f3n. A\u00fan cree q los chilenos son ingenuos\u201d, tuite\u00f3 esta ma\u00f1ana el diputado socialista Fidel Espinoza. Su posteo recoge parte de las cr\u00edticas que ayer recibi\u00f3 el Mandatario luego de anunciar por Twitter que Chile postular\u00e1 a la organizaci\u00f3n del Mundial de 2030 junto a Argentina, Uruguay y Paraguay, tres pa\u00edses que ven\u00edan trabajando hace tiempo su postulaci\u00f3n y aceptaron que se sumara a un cuarto aliado.<\/p>\n<p style=\"text-align: justify;\">\u201cEs Pi\u00f1era en su peor faceta: disparando fuegos artificiales. Me parece b\u00e1sico, barato y populachero. Ni siquiera debi\u00e9ramos discutirlo en serio\u201d, opina el analista Crist\u00f3bal Bellolio, acad\u00e9mico de la Escuela de Gobierno de la Universidad Adolfo Ib\u00e1\u00f1ez. \u201cPi\u00f1era quiere ser cumplea\u00f1ero de todos los cumplea\u00f1os, pero este cumplea\u00f1os no es nuestro\u201d, a\u00f1ade. Y argumenta: \u201cUn mundial con Argentina es un mundial de Argentina, que es el pa\u00eds m\u00e1s futbolizado del planeta\u201d.<\/p>\n<p style=\"text-align: justify;\">Gonzalo M\u00fcller, acad\u00e9mico de la\u00a0UDD, lo ve distinto: \u201cEl f\u00fatbol y la pol\u00edtica son viejos amantes. Cada tanto se buscan. Asumir la organizaci\u00f3n de un Mundial en coordinaci\u00f3n con Argentina, Uruguay y Paraguay es un esfuerzo que va a involucrar a todo Chile. Para Pi\u00f1era, ser\u00e1 una oportunidad para trabajar en unidad y con todos detr\u00e1s de este verdadero reconocimiento planetario como es la organizaci\u00f3n de un Mundial de f\u00fatbol\u201d.<\/p>\n<p style=\"text-align: justify;\">El cientista pol\u00edtico Alejandro Olivares (Flacso), recuerda que \u201cno es primera vez que Pi\u00f1era recurre al f\u00fatbol para tratar de cambiar la agenda. Lo hizo el 2006 comprando Colo Colo para ser m\u00e1s popular y estar en los medios por algo m\u00e1s que por pol\u00edtica\u201d. Y aunque dice que en ese momento la estrategia fue efectiva porque estaba fuera de La Moneda, \u201choy su intento por poner nuevos temas no tan profundos no funciona, ya que como Presidente deber\u00eda estar generando noticias por cosas m\u00e1s estrat\u00e9gicas para el gobierno\u201d.<\/p>\n<p style=\"text-align: justify;\">Cuestiona que esta estrategia \u201cno traer\u00e1 beneficios al pa\u00eds en el corto plazo\u201d ni \u201ctampoco le traer\u00e1 ben\u00e9ficos pol\u00edticos a \u00e9l\u201d. Y opina que \u201cs\u00f3lo sirve para desviar temas por un par de d\u00edas\u201d. Cree que aunque \u201ces una estrategia para intentar cambiar temas y vincular su nombre y gesti\u00f3n a temas que no dividen\u201d, \u201ces una mala estrategia ya que el mundial ser\u00eda en muchos a\u00f1os m\u00e1s\u201d.<\/p>\n<p style=\"text-align: justify;\">Con \u00e9l coincide Mauricio Morales, acad\u00e9mico de la Universidad de Talca: \u201cMarzo ser\u00e1 un mes muy politizado, los efectos de este anuncio s\u00f3lo llegar\u00e1n hasta lo que queda de febrero\u201d.<\/p>\n<p style=\"text-align: justify;\"><strong>Incendios e inundaciones, \u00bfmal momento? <\/strong><\/p>\n<p style=\"text-align: justify;\">El anuncio de postular a un evento que se realizar\u00e1 en 10 a\u00f1os m\u00e1s, en medio de las emergencias naturales que sufre el norte y el sur del pa\u00eds, fue un flanco de cr\u00edticas que se le abri\u00f3 al Presidente ayer en redes sociales. Los analistas se dividen si es que fue un error o un acierto. \u201cEn un verano dif\u00edcil para el gobierno, con incendios forestales e inundaciones, esta noticia hace aparecer al Presidente pendiente de temas que importan al grueso de la poblaci\u00f3n, aunque no tengan relaci\u00f3n en la mejor\u00eda de las condiciones de vida\u201d, dice Morales.<\/p>\n<p style=\"text-align: justify;\">\u201cLo peor es el momento. El gobierno ha recibido cr\u00edticas importantes por su lenta respuesta ante los desastres naturales e incendios del pa\u00eds. Y a que parecen estar m\u00e1s preocupados de lo que ocurre en Venezuela que lo pasa en Chile. Este anuncio confirma esta indolencia\u201d, comenta Olivares.<\/p>\n<p style=\"text-align: justify;\">M\u00fcller discrepa: \u201cNo creo que sea un mal timing. Su manejo directo y en terreno de las emergencias en el norte y en el sur lo blindan de eso. Adem\u00e1s este anuncio sobre la organizaci\u00f3n del Mundial 2030 es la primera de una serie de intervenciones sobre las distintas decisiones que este evento involucra, por lo que ser\u00e1 motivo de comentarios y an\u00e1lisis todo lo que dure la candidatura de Chile\u201d.<\/p>\n<p><a href=\"\/\/gobierno.udd.cl\/cpp\/files\/2019\/02\/Analistas-\u201cEfectos-s\u00f3lo-llegar\u00e1n-hasta-lo-que-queda-de-febrero\u201d.jpg\"><img loading=\"lazy\" decoding=\"async\" class=\"size-medium wp-image-3995 aligncenter\" src=\"\/\/gobierno.udd.cl\/cpp\/files\/2019\/02\/Analistas-\u201cEfectos-s\u00f3lo-llegar\u00e1n-hasta-lo-que-queda-de-febrero\u201d-231x300.jpg\" alt=\"\" width=\"231\" height=\"300\" srcset=\"https:\/\/gobierno.udd.cl\/cpp\/files\/2019\/02\/Analistas-\u201cEfectos-s\u00f3lo-llegar\u00e1n-hasta-lo-que-queda-de-febrero\u201d-231x300.jpg 231w, https:\/\/gobierno.udd.cl\/cpp\/files\/2019\/02\/Analistas-\u201cEfectos-s\u00f3lo-llegar\u00e1n-hasta-lo-que-queda-de-febrero\u201d-768x996.jpg 768w, https:\/\/gobierno.udd.cl\/cpp\/files\/2019\/02\/Analistas-\u201cEfectos-s\u00f3lo-llegar\u00e1n-hasta-lo-que-queda-de-febrero\u201d-790x1024.jpg 790w, https:\/\/gobierno.udd.cl\/cpp\/files\/2019\/02\/Analistas-\u201cEfectos-s\u00f3lo-llegar\u00e1n-hasta-lo-que-queda-de-febrero\u201d-740x960.jpg 740w, https:\/\/gobierno.udd.cl\/cpp\/files\/2019\/02\/Analistas-\u201cEfectos-s\u00f3lo-llegar\u00e1n-hasta-lo-que-queda-de-febrero\u201d.jpg 1440w\" sizes=\"auto, (max-width: 231px) 100vw, 231px\" \/><\/a><\/p>\n","protected":false},"excerpt":{"rendered":"<p>\u201cPresidente @sebastianpinera pretendiendo con postulaci\u00f3n al Mundial desviar la atenci\u00f3n. A\u00fan cree q los chilenos son ingenuos\u201d, tuite\u00f3 esta ma\u00f1ana el diputado socialista Fidel Espinoza. Su posteo recoge parte de las cr\u00edticas que ayer recibi\u00f3 el Mandatario luego de anunciar por Twitter que Chile postular\u00e1 a la organizaci\u00f3n del Mundial de 2030 junto a Argentina, [&hellip;]<\/p>\n","protected":false},"author":22,"featured_media":893,"comment_status":"open","ping_status":"open","sticky":false,"template":"","format":"standard","meta":{"footnotes":""},"categories":[10162],"tags":[],"class_list":["post-3994","post","type-post","status-publish","format-standard","has-post-thumbnail","hentry","category-centro-en-la-prensa"],"featured_image_url":"https:\/\/gobierno.udd.cl\/cpp\/files\/2015\/05\/udd_cpp_prensa_340.png","_links":{"self":[{"href":"https:\/\/gobierno.udd.cl\/cpp\/wp-json\/wp\/v2\/posts\/3994","targetHints":{"allow":["GET"]}}],"collection":[{"href":"https:\/\/gobierno.udd.cl\/cpp\/wp-json\/wp\/v2\/posts"}],"about":[{"href":"https:\/\/gobierno.udd.cl\/cpp\/wp-json\/wp\/v2\/types\/post"}],"author":[{"embeddable":true,"href":"https:\/\/gobierno.udd.cl\/cpp\/wp-json\/wp\/v2\/users\/22"}],"replies":[{"embeddable":true,"href":"https:\/\/gobierno.udd.cl\/cpp\/wp-json\/wp\/v2\/comments?post=3994"}],"version-history":[{"count":1,"href":"https:\/\/gobierno.udd.cl\/cpp\/wp-json\/wp\/v2\/posts\/3994\/revisions"}],"predecessor-version":[{"id":3996,"href":"https:\/\/gobierno.udd.cl\/cpp\/wp-json\/wp\/v2\/posts\/3994\/revisions\/3996"}],"wp:featuredmedia":[{"embeddable":true,"href":"https:\/\/gobierno.udd.cl\/cpp\/wp-json\/wp\/v2\/media\/893"}],"wp:attachment":[{"href":"https:\/\/gobierno.udd.cl\/cpp\/wp-json\/wp\/v2\/media?parent=3994"}],"wp:term":[{"taxonomy":"category","embeddable":true,"href":"https:\/\/gobierno.udd.cl\/cpp\/wp-json\/wp\/v2\/categories?post=3994"},{"taxonomy":"post_tag","embeddable":true,"href":"https:\/\/gobierno.udd.cl\/cpp\/wp-json\/wp\/v2\/tags?post=3994"}],"curies":[{"name":"wp","href":"https:\/\/api.w.org\/{rel}","templated":true}]}}