{"id":3992,"date":"2019-02-20T15:52:39","date_gmt":"2019-02-20T18:52:39","guid":{"rendered":"http:\/\/gobierno.udd.cl\/cpp\/?p=3992"},"modified":"2019-02-20T15:52:39","modified_gmt":"2019-02-20T18:52:39","slug":"el-ano-en-que-ximena-ossandon-se-reinvento-la-segunda","status":"publish","type":"post","link":"https:\/\/gobierno.udd.cl\/cpp\/noticias\/2019\/02\/20\/el-ano-en-que-ximena-ossandon-se-reinvento-la-segunda\/","title":{"rendered":"El a\u00f1o en que Ximena Ossand\u00f3n se reinvent\u00f3 &#8211; La Segunda"},"content":{"rendered":"<p style=\"text-align: justify;\">Pendiente qued\u00f3 el debut de la diputada y subjefa de bancada de RN, Ximena Ossand\u00f3n, en el comit\u00e9 pol\u00edtico que se realiza tradicionalmente los lunes entre ministros y representantes de partidos oficialistas. La cita finalmente fue suspendida por el Gobierno debido a las emergencias en el norte y el sur del pa\u00eds.<\/p>\n<p style=\"text-align: justify;\">La parlamentaria se hab\u00eda ganado su derecho a integrar el comit\u00e9 pol\u00edtico como subjefa \u2014junto a su compa\u00f1ero de f\u00f3rmula, Alejandro Santana, quien postulaba a jefe de bancada\u2014, tras una estrecha votaci\u00f3n entre los diputados de RN, los que finalmente acordaron repartir el per\u00edodo con la otra dupla postulante: Jorge Rathgeb y Catalina del Real. Esa definici\u00f3n interna marc\u00f3 el cierre de a\u00f1o para la diputada, quien logr\u00f3 validarse como uno de nuevos rostros del Congreso en 2018, en base a una agenda propositiva y de conformaci\u00f3n de redes propias m\u00e1s all\u00e1 del \u201cossandonismo\u201d.<\/p>\n<p style=\"text-align: justify;\">El acad\u00e9mico de la U. Central, Kenneth Bunker, cree que \u201cha sido una de las diputadas nuevas que ha logrado destacar no necesariamente por pol\u00e9micas. Hay muchos diputados que est\u00e1n saliendo harto en los medios por esc\u00e1ndalos o salidas de libreto. Ha sido una contribuci\u00f3n\u201d.<\/p>\n<p style=\"text-align: justify;\"><strong>A 8 a\u00f1os del reguleque<\/strong><\/p>\n<p style=\"text-align: justify;\">En diciembre de 2010, la profesora de ingl\u00e9s, supernumeraria del Opus Dei y hermana del senador Manuel Jos\u00e9 Ossand\u00f3n, protagoniz\u00f3 una pol\u00e9mica siendo directora de Junji.<\/p>\n<p style=\"text-align: justify;\">A trav\u00e9s de redes sociales, brome\u00f3 que recib\u00eda un sueldo \u201creguleque\u201d de $3 millones. Sin embargo, esa situaci\u00f3n \u2014que ella ha reconocido como un \u201cgrave error\u201d y como uno de sus peores momentos en pol\u00edtica\u2014 le cost\u00f3 el cargo.<\/p>\n<p style=\"text-align: justify;\">Ese episodio le pes\u00f3 en su fallida candidatura a diputada de 2013.Con 16.963 votos, lleg\u00f3 tercera y fue derrotada por el UDI Gustavo Hasb\u00fan. Sin embargo, en 2017, dio vuelta el escenario y fue la m\u00e1s votada en La Florida &#8211; Puente Alto (con 52.484 sufragios), superando, incluso, a Camila Vallejo (PC) y a Pamela Jiles (PH).<\/p>\n<p style=\"text-align: justify;\">\u201cDespu\u00e9s del episodio del reguleque se logr\u00f3 reinventar. Fue muy importante, jug\u00f3 el rol en principio en la campa\u00f1a presidencial del hermano\u201d, dice Bunker. Ha sido patrocinadora de 51 proyectos para fortalecer la protecci\u00f3n de menores y combatir la violencia intrafamiliar y el acoso, entre otros temas.<\/p>\n<p style=\"text-align: justify;\">A ra\u00edz del caso del cineasta Nicol\u00e1s L\u00f3pez, present\u00f3 una moci\u00f3n para impedir que productores audiovisuales, condenados por abusos, puedan acceder a fondos p\u00fablicos. Y si bien su llegada a la C\u00e1mara, se debi\u00f3 en parte a la popularidad de su hermano, en el Congreso ha tomado vuelo propio y ha conformado red de alianzas pol\u00edticas m\u00e1s all\u00e1 de su sector.<\/p>\n<p style=\"text-align: justify;\">Desde los diputados evang\u00e9licos hasta el Frente Amplio. Por ejemplo, con Vallejo y Jiles han tomado causas en com\u00fan y mantiene buenas relaciones con diputados como Renato Gar\u00edn y Natalia Castillo, de RD, y Miguel \u00c1ngel Calisto, de la DC. Sin embargo, Jiles ha sido su principal aliada. Con ella comparti\u00f3 un panel en un programa de TVN.<\/p>\n<p style=\"text-align: justify;\">Incluso, en diciembre de 2018, cuando una nota period\u00edstica revivi\u00f3 el \u201cepisodio del reguleque\u201d, Jiles la defendi\u00f3: \u201cHas demostrado sobradamente que eres una excelente parlamentaria\u201d, le escribi\u00f3 La \u201cNona\u201d, como le dicen desde ni\u00f1a, adem\u00e1s, tiene un contacto fluido con ministros como Felipe Larra\u00edn, Gloria Hutt y Juan Andr\u00e9s Fontaine.<\/p>\n<p style=\"text-align: justify;\">En el plano social, sus redes van desde la Iglesia, el empresariado hasta dirigentes sociales y j\u00f3venes de barras bravas. De hecho, Mario D\u00edaz, uno de los de l\u00edderes de la hinchada de Audax, se tatu\u00f3 una imagen de ella.<\/p>\n<p style=\"text-align: justify;\">\u201cElla es como la Virgen de Guadalupe\u201d, dijo en 2014 a The Clinic. A diferencia del \u201cCote\u201d, quien a veces revive su estilo confrontacional, la \u201cNona\u201d es conciliadora.<\/p>\n<p style=\"text-align: justify;\">No obstante, uno de sus d\u00e9ficits sigue siendo su llegada al entorno del Presidente Sebasti\u00e1n Pi\u00f1era, de quien fue cr\u00edtica en la pasada campa\u00f1a. Hoy su principal adversario pol\u00edtico es el alcalde de la Florida, Rodolfo Carter (pro UDI).<\/p>\n<p style=\"text-align: justify;\">Prueba de ello, es que de los 93 oficios de fiscalizaci\u00f3n, 28 han sido dirigidos a esa municipalidad.<\/p>\n<p style=\"text-align: justify;\"><strong>La ri\u00f1a del hijo <\/strong><\/p>\n<p style=\"text-align: justify;\">Uno de los pocos hechos conflictivos que vivi\u00f3 en 2018 fue la ri\u00f1a callejera que protagoniz\u00f3 su hijo. El pasado 28 de octubre, el joven dej\u00f3 a otro muchacho hospitalizado. En respuesta, ella y su marido llevaron a su hijo a una comisar\u00eda para ponerlo a disposici\u00f3n de la justicia.<\/p>\n<p style=\"text-align: justify;\">Tras el incidente, la diputada recibi\u00f3 aplausos. Para este a\u00f1o, la diputada dice que pretende seguir con su agenda en materia de mujer, familia e infancia, adem\u00e1s otras tem\u00e1ticas como transparencia y el combate de la droga.<\/p>\n<p style=\"text-align: justify;\">\u201cComo subjefa de bancada pretendo que los diputados tengamos mucha voz en los grandes temas, pensiones, reforma tributaria\u2026 sin perder jam\u00e1s la identidad y los valores\u201d, dice. \u201cEn general, pretendo seguir como una diputada que converse mucho con todos los sectores\u201d, a\u00f1ade la diputada, quien en julio, en entrevista con La Tercera, adelant\u00f3 que su meta es competir por un cupo al Senado por Santiago, en las elecciones de 2021.<\/p>\n<p style=\"text-align: justify;\">Sin embargo, a juicio del decano de Gobierno de la\u00a0UDD, Eugenio Guzm\u00e1n, el principal desaf\u00edo de la diputada es crecer fuera del alero del senador Ossand\u00f3n. \u201cHasta el momento no s\u00e9 si puede despegarse de la figura de su hermano. La pregunta es si es ella o es Ossand\u00f3n la persona que est\u00e1 detr\u00e1s\u201d, dice Guzm\u00e1n.<\/p>\n<p><a href=\"\/\/gobierno.udd.cl\/cpp\/files\/2019\/02\/El-a\u00f1o-en-que-Ximena-Ossand\u00f3n-se-reinvent\u00f3.jpg\"><img loading=\"lazy\" decoding=\"async\" class=\"size-medium wp-image-3987 aligncenter\" src=\"\/\/gobierno.udd.cl\/cpp\/files\/2019\/02\/El-a\u00f1o-en-que-Ximena-Ossand\u00f3n-se-reinvent\u00f3-231x300.jpg\" alt=\"\" width=\"231\" height=\"300\" srcset=\"https:\/\/gobierno.udd.cl\/cpp\/files\/2019\/02\/El-a\u00f1o-en-que-Ximena-Ossand\u00f3n-se-reinvent\u00f3-231x300.jpg 231w, https:\/\/gobierno.udd.cl\/cpp\/files\/2019\/02\/El-a\u00f1o-en-que-Ximena-Ossand\u00f3n-se-reinvent\u00f3-768x996.jpg 768w, https:\/\/gobierno.udd.cl\/cpp\/files\/2019\/02\/El-a\u00f1o-en-que-Ximena-Ossand\u00f3n-se-reinvent\u00f3-790x1024.jpg 790w, https:\/\/gobierno.udd.cl\/cpp\/files\/2019\/02\/El-a\u00f1o-en-que-Ximena-Ossand\u00f3n-se-reinvent\u00f3-740x960.jpg 740w, https:\/\/gobierno.udd.cl\/cpp\/files\/2019\/02\/El-a\u00f1o-en-que-Ximena-Ossand\u00f3n-se-reinvent\u00f3.jpg 1440w\" sizes=\"auto, (max-width: 231px) 100vw, 231px\" \/><\/a><\/p>\n<p>&nbsp;<\/p>\n","protected":false},"excerpt":{"rendered":"<p>Pendiente qued\u00f3 el debut de la diputada y subjefa de bancada de RN, Ximena Ossand\u00f3n, en el comit\u00e9 pol\u00edtico que se realiza tradicionalmente los lunes entre ministros y representantes de partidos oficialistas. La cita finalmente fue suspendida por el Gobierno debido a las emergencias en el norte y el sur del pa\u00eds. La parlamentaria se [&hellip;]<\/p>\n","protected":false},"author":22,"featured_media":893,"comment_status":"open","ping_status":"open","sticky":false,"template":"","format":"standard","meta":{"footnotes":""},"categories":[10162],"tags":[],"class_list":["post-3992","post","type-post","status-publish","format-standard","has-post-thumbnail","hentry","category-centro-en-la-prensa"],"featured_image_url":"https:\/\/gobierno.udd.cl\/cpp\/files\/2015\/05\/udd_cpp_prensa_340.png","_links":{"self":[{"href":"https:\/\/gobierno.udd.cl\/cpp\/wp-json\/wp\/v2\/posts\/3992","targetHints":{"allow":["GET"]}}],"collection":[{"href":"https:\/\/gobierno.udd.cl\/cpp\/wp-json\/wp\/v2\/posts"}],"about":[{"href":"https:\/\/gobierno.udd.cl\/cpp\/wp-json\/wp\/v2\/types\/post"}],"author":[{"embeddable":true,"href":"https:\/\/gobierno.udd.cl\/cpp\/wp-json\/wp\/v2\/users\/22"}],"replies":[{"embeddable":true,"href":"https:\/\/gobierno.udd.cl\/cpp\/wp-json\/wp\/v2\/comments?post=3992"}],"version-history":[{"count":1,"href":"https:\/\/gobierno.udd.cl\/cpp\/wp-json\/wp\/v2\/posts\/3992\/revisions"}],"predecessor-version":[{"id":3993,"href":"https:\/\/gobierno.udd.cl\/cpp\/wp-json\/wp\/v2\/posts\/3992\/revisions\/3993"}],"wp:featuredmedia":[{"embeddable":true,"href":"https:\/\/gobierno.udd.cl\/cpp\/wp-json\/wp\/v2\/media\/893"}],"wp:attachment":[{"href":"https:\/\/gobierno.udd.cl\/cpp\/wp-json\/wp\/v2\/media?parent=3992"}],"wp:term":[{"taxonomy":"category","embeddable":true,"href":"https:\/\/gobierno.udd.cl\/cpp\/wp-json\/wp\/v2\/categories?post=3992"},{"taxonomy":"post_tag","embeddable":true,"href":"https:\/\/gobierno.udd.cl\/cpp\/wp-json\/wp\/v2\/tags?post=3992"}],"curies":[{"name":"wp","href":"https:\/\/api.w.org\/{rel}","templated":true}]}}