{"id":3986,"date":"2019-02-20T15:49:57","date_gmt":"2019-02-20T18:49:57","guid":{"rendered":"http:\/\/gobierno.udd.cl\/cpp\/?p=3986"},"modified":"2019-02-20T15:51:02","modified_gmt":"2019-02-20T18:51:02","slug":"de-caerse-a-figura-del-gobierno-como-el-invierno-altiplanico-afirmo-a-loreto-letelier-la-segunda","status":"publish","type":"post","link":"https:\/\/gobierno.udd.cl\/cpp\/noticias\/2019\/02\/20\/de-caerse-a-figura-del-gobierno-como-el-invierno-altiplanico-afirmo-a-loreto-letelier-la-segunda\/","title":{"rendered":"De caerse a figura del Gobierno: C\u00f3mo el invierno altipl\u00e1nico afirm\u00f3 a Loreto Letelier &#8211; La Segunda"},"content":{"rendered":"<p style=\"text-align: justify;\">Cuando el viernes 25 de enero el Presidente Sebasti\u00e1n Pi\u00f1era se fue de vacaciones dej\u00f3 el encargo de que las autoridades tendr\u00e1n que estar disponibles durante la \u00faltima semana de febrero.<\/p>\n<p style=\"text-align: justify;\">La orden la dio en momentos en que Chile Vamos le ped\u00eda ajustes en las intendencias y, seg\u00fan comentaban miembros de las directivas de los partidos, ped\u00edan la salida de las autoridades de Arica, Mar\u00eda Loreto Letelier (UDI), y de Magallanes, Mar\u00eda Teresa Casta\u00f1\u00f3n (RN).Aunque tambi\u00e9n la prensa se hizo eco de un posible cambio de gabinete, la idea de movimientos a nivel regional era m\u00e1s s\u00f3lida, pues la coment\u00f3 a los partidos la ministra vocera de Gobierno, Cecilia P\u00e9rez, en un almuerzo realizado en el Congreso.<\/p>\n<p style=\"text-align: justify;\">Sin embargo, la emergencia por el invierno altipl\u00e1nico \u2014y tambi\u00e9n los incendios en el sur\u2014 se tom\u00f3 la agenda nacional, al punto de que el Presidente suspendi\u00f3 sus vacaciones para ir a Calama hoy y a Arica ma\u00f1ana. En esa \u00faltima ciudad ser\u00e1 recibido por la intendenta Letelier, quien el jueves de la semana pasada se encontraba de vacaciones en Temuco, junto a su familia.<\/p>\n<p style=\"text-align: justify;\">Pero interrumpi\u00f3 su descanso, tom\u00f3 el primer vuelo disponible y, de paso, as\u00ed se afirm\u00f3 en el puesto. Hoy, la gesti\u00f3n de la intendenta UDI incluso es reconocida en RN, donde su secretario general, Felipe Cisternas, dice que \u201cla he notado proactiva, trabajadora, est\u00e1 sacando el tema adelante, est\u00e1 dando todo lo que puede dar y tambi\u00e9n est\u00e1 proyectando una buena imagen de la labor del Gobierno\u201d. El decano de la Facultad de Gobierno de la\u00a0UDD, Eugenio Guzm\u00e1n, explica que \u201ctoda situaci\u00f3n cr\u00edtica es una espada de Damocles: son ocasiones para afirmarse o para sepultarse.<\/p>\n<p style=\"text-align: justify;\">En este caso, se afirma\u201d.<\/p>\n<p style=\"text-align: justify;\"><strong>\u00bfCree que pas\u00f3 de caerse del Gobierno a ser un rostro con alguna proyecci\u00f3n mayor? <\/strong><\/p>\n<p style=\"text-align: justify;\">M\u00e1s all\u00e1 de los \u00faltimos hechos, siempre surgen especulaciones respecto del rol de los intendentes para futuras elecciones y en este caso para gobernadores regionales o parlamentarias.<\/p>\n<p style=\"text-align: justify;\">Hoy vemos una se\u00f1al, pero falta bastante. El analista pol\u00edtico Gonzalo M\u00fcller agrega que \u201cla emergencia ha dado la oportunidad a las autoridades de mostrar sus capacidades. En normalidad es m\u00e1s dif\u00edcil apreciar los talentos\u201d.<\/p>\n<p style=\"text-align: justify;\">Y, en la misma l\u00ednea que Guzm\u00e1n, profundiza: \u201cLas emergencias no son un salvataje asegurado; pueden hundir a una persona y es lo que generalmente ha ocurrido en Chile.<\/p>\n<p style=\"text-align: justify;\">Que Letelier enfrente con liderazgo una emergencia, obviamente, la pone en una l\u00ednea que para el Presidente Pi\u00f1era es muy querida\u201d. Para enfrentar la emergencia, la intendenta recibi\u00f3 la ayuda de un experto proveniente de la Secretar\u00eda de Comunicaciones de La Moneda: Cristi\u00e1n Larra\u00edn.<\/p>\n<p style=\"text-align: justify;\">\u00c9l ingres\u00f3 a palacio en septiembre de 2017; es decir, en el \u00faltimo a\u00f1o de Bachelet. Y \u00e9l ha colaborado en proyectar a nivel nacional la gesti\u00f3n local de Letelier. Loreto Letelier, al ser consultada sobre si cree que la emergencia le dio una oportunidad pol\u00edtica, responde que gracias a ella puede \u201cevaluar el accionar\u201d de los organismos del Estado, ver qu\u00e9 puede cambiar, pero que \u201cno estoy pensando en el beneficio pol\u00edtico\u201d.<\/p>\n<p><a href=\"\/\/gobierno.udd.cl\/cpp\/files\/2019\/02\/De-caerse-a-figura-del-Gobierno-C\u00f3mo-el-invierno-altipl\u00e1nico-afirm\u00f3-a-Loreto-Letelier.jpg\"><img loading=\"lazy\" decoding=\"async\" class=\"size-medium wp-image-3990 aligncenter\" src=\"\/\/gobierno.udd.cl\/cpp\/files\/2019\/02\/De-caerse-a-figura-del-Gobierno-C\u00f3mo-el-invierno-altipl\u00e1nico-afirm\u00f3-a-Loreto-Letelier-231x300.jpg\" alt=\"\" width=\"231\" height=\"300\" srcset=\"https:\/\/gobierno.udd.cl\/cpp\/files\/2019\/02\/De-caerse-a-figura-del-Gobierno-C\u00f3mo-el-invierno-altipl\u00e1nico-afirm\u00f3-a-Loreto-Letelier-231x300.jpg 231w, https:\/\/gobierno.udd.cl\/cpp\/files\/2019\/02\/De-caerse-a-figura-del-Gobierno-C\u00f3mo-el-invierno-altipl\u00e1nico-afirm\u00f3-a-Loreto-Letelier-768x996.jpg 768w, https:\/\/gobierno.udd.cl\/cpp\/files\/2019\/02\/De-caerse-a-figura-del-Gobierno-C\u00f3mo-el-invierno-altipl\u00e1nico-afirm\u00f3-a-Loreto-Letelier-790x1024.jpg 790w, https:\/\/gobierno.udd.cl\/cpp\/files\/2019\/02\/De-caerse-a-figura-del-Gobierno-C\u00f3mo-el-invierno-altipl\u00e1nico-afirm\u00f3-a-Loreto-Letelier-740x960.jpg 740w, https:\/\/gobierno.udd.cl\/cpp\/files\/2019\/02\/De-caerse-a-figura-del-Gobierno-C\u00f3mo-el-invierno-altipl\u00e1nico-afirm\u00f3-a-Loreto-Letelier.jpg 1440w\" sizes=\"auto, (max-width: 231px) 100vw, 231px\" \/><\/a><\/p>\n","protected":false},"excerpt":{"rendered":"<p>Cuando el viernes 25 de enero el Presidente Sebasti\u00e1n Pi\u00f1era se fue de vacaciones dej\u00f3 el encargo de que las autoridades tendr\u00e1n que estar disponibles durante la \u00faltima semana de febrero. La orden la dio en momentos en que Chile Vamos le ped\u00eda ajustes en las intendencias y, seg\u00fan comentaban miembros de las directivas de [&hellip;]<\/p>\n","protected":false},"author":22,"featured_media":893,"comment_status":"open","ping_status":"open","sticky":false,"template":"","format":"standard","meta":{"footnotes":""},"categories":[10162],"tags":[],"class_list":["post-3986","post","type-post","status-publish","format-standard","has-post-thumbnail","hentry","category-centro-en-la-prensa"],"featured_image_url":"https:\/\/gobierno.udd.cl\/cpp\/files\/2015\/05\/udd_cpp_prensa_340.png","_links":{"self":[{"href":"https:\/\/gobierno.udd.cl\/cpp\/wp-json\/wp\/v2\/posts\/3986","targetHints":{"allow":["GET"]}}],"collection":[{"href":"https:\/\/gobierno.udd.cl\/cpp\/wp-json\/wp\/v2\/posts"}],"about":[{"href":"https:\/\/gobierno.udd.cl\/cpp\/wp-json\/wp\/v2\/types\/post"}],"author":[{"embeddable":true,"href":"https:\/\/gobierno.udd.cl\/cpp\/wp-json\/wp\/v2\/users\/22"}],"replies":[{"embeddable":true,"href":"https:\/\/gobierno.udd.cl\/cpp\/wp-json\/wp\/v2\/comments?post=3986"}],"version-history":[{"count":2,"href":"https:\/\/gobierno.udd.cl\/cpp\/wp-json\/wp\/v2\/posts\/3986\/revisions"}],"predecessor-version":[{"id":3991,"href":"https:\/\/gobierno.udd.cl\/cpp\/wp-json\/wp\/v2\/posts\/3986\/revisions\/3991"}],"wp:featuredmedia":[{"embeddable":true,"href":"https:\/\/gobierno.udd.cl\/cpp\/wp-json\/wp\/v2\/media\/893"}],"wp:attachment":[{"href":"https:\/\/gobierno.udd.cl\/cpp\/wp-json\/wp\/v2\/media?parent=3986"}],"wp:term":[{"taxonomy":"category","embeddable":true,"href":"https:\/\/gobierno.udd.cl\/cpp\/wp-json\/wp\/v2\/categories?post=3986"},{"taxonomy":"post_tag","embeddable":true,"href":"https:\/\/gobierno.udd.cl\/cpp\/wp-json\/wp\/v2\/tags?post=3986"}],"curies":[{"name":"wp","href":"https:\/\/api.w.org\/{rel}","templated":true}]}}