{"id":3979,"date":"2019-02-20T15:44:36","date_gmt":"2019-02-20T18:44:36","guid":{"rendered":"http:\/\/gobierno.udd.cl\/cpp\/?p=3979"},"modified":"2019-02-20T15:44:59","modified_gmt":"2019-02-20T18:44:59","slug":"subrogantes-al-mando-el-despliegue-de-los-subsecretarios-durante-las-emergencias-de-este-verano-emol","status":"publish","type":"post","link":"https:\/\/gobierno.udd.cl\/cpp\/noticias\/2019\/02\/20\/subrogantes-al-mando-el-despliegue-de-los-subsecretarios-durante-las-emergencias-de-este-verano-emol\/","title":{"rendered":"Subrogantes al mando: El despliegue de los subsecretarios durante las emergencias de este verano &#8211; Emol"},"content":{"rendered":"<p style=\"text-align: justify;\">SANTIAGO.- Los incendios forestales en el sur del pa\u00eds y las lluvias que afectan la zona norte han causado estragos: miles de hect\u00e1reas consumidas por el fuego, viviendas destruidas por las lluvias, caminos cortados e incluso la situaci\u00f3n oblig\u00f3 al Gobierno a declarar zona de cat\u00e1strofe en Biob\u00edo, La Araucan\u00eda y Los R\u00edos (Panguipulli y Mariquina).<\/p>\n<p style=\"text-align: justify;\">Ambas emergencias se generaron en medio de las vacaciones de verano de los principales personeros del Gobierno, incluyendo las del propio Presidente Sebasti\u00e1n Pi\u00f1era.<\/p>\n<p style=\"text-align: justify;\">De hecho, el Mandatario interrumpi\u00f3 sus vacaciones el lunes para liderar un Comit\u00e9 de Emergencia en La Araucan\u00eda y se espera que el martes 11 de febrero viaje al norte para constatar en terreno las consecuencias del invierno altipl\u00e1nico. Sin embargo, en el d\u00eda a d\u00eda han sido los subsecretarios quienes, ejerciendo de ministros subrrogantes, se han hecho cargo de la crisis.<\/p>\n<p style=\"text-align: justify;\">Uno de los casos m\u00e1s notorios es el del subsecretario Rodrigo Ubilla (RN) quien ha asumido como ministro del Interior (Andr\u00e9s Chadwick) y se ha encargado de coordinar ambas emergencia, desde La Moneda y en terreno. El viernes pasado comenz\u00f3, cuando se desbordaron los r\u00edos Loa y San Jos\u00e9 en Arica, viaj\u00f3 hasta all\u00e1 y esta semana ha estado cargo permanentemente de las vocer\u00edas, incluyendo lo que ocurre en el sur.<\/p>\n<p style=\"text-align: justify;\">En Obras P\u00fablicas, es Lucas Palacios quien est\u00e1 de titular y ha viajado dos veces al norte del pa\u00eds para recorrer en terrenos las consecuencias que ha provocado el desastre, especialmente en la Ruta 5. El es militante UDI y reemplaza a Juan Andr\u00e9s Fontaine.<\/p>\n<p style=\"text-align: justify;\">En Salud la situaci\u00f3n se repite y es la subsecretaria de Salud P\u00fablica, Paula Daza (independiente) quien ayer se traslad\u00f3 hasta Arica para atender la emergencia sanitaria derivada de las lluvias representando al Ministerio (Emilio Santelices).<\/p>\n<p style=\"text-align: justify;\">Y en La Araucan\u00eda Alfonso Vargas (RN) est\u00e1 atendiendo la situaci\u00f3n manejando Agricultura -en reemplazo de Antonio Walker- y en coordinaci\u00f3n con la Conaf regional y la Intendencia. Junto a ellos, en los dos d\u00edas que estuvo all\u00e1, entreg\u00f3 los balances de la situaci\u00f3n a la prensa.<\/p>\n<p style=\"text-align: justify;\">En tanto hasta la Regi\u00f3n de Ays\u00e9n lleg\u00f3 ayer el ministro (s) de Medio Ambiente, Felipe Riesco (ind), para liderar el Comit\u00e9 de Emergencia (COE), mientras que la titular, Carolina Schmidt, permanece en sus d\u00edas libres.<\/p>\n<p style=\"text-align: justify;\">Ubilla se refiri\u00f3 al rol de estos ministros (s) a cargo asegurando que el Presidente Pi\u00f1era \u00abnos ha pedido a todos los subsecretarios que estemos hoy d\u00eda subrogando a los ministros que nos desplacemos de acuerdo a nuestras respectivas agendas\u00bb.<\/p>\n<p style=\"text-align: justify;\"><strong>\u00bfEs su momento? <\/strong><\/p>\n<p style=\"text-align: justify;\">\u00abLos ministros subrogantes funcionan como la banca de un equipo de f\u00fatbol, son el jugador n\u00famero 12 de cada plantel y por lo tanto es el momento que tienen para ser m\u00e1s conocidos en la opini\u00f3n p\u00fablica. Para ellos estos meses son clave para mostrarse ante el Presidente y la ciudadan\u00eda m\u00e1s a\u00fan cuando existen crisis tan importante como las que estamos viviendo hoy\u00bb, analiz\u00f3 el acad\u00e9mico de la Universidad de Talca, Mauricio Morales.<\/p>\n<p style=\"text-align: justify;\">Y a\u00f1adi\u00f3 que \u00abestos meses sirven como una plataforma pol\u00edtica para los subsecretarios y de paso es el debut de la banca del Presidente en un juego como titulares al menos durante un tiempo\u00bb.<\/p>\n<p style=\"text-align: justify;\">Respecto al rol de Ubilla en particular, el magister en Ciencias Pol\u00edticas resalt\u00f3 que \u00abno es f\u00e1cil reemplazar al ministro del Interior, pero Ubilla sistem\u00e1ticamente realiza esta funci\u00f3n incluso desde el Gobierno anterior y por lo tanto no extra\u00f1a que tenga un rol importante. Adicionalmente y como existen presiones para la salida de Chadwick que se van a reanudar una vez que retome el cargo, un buen reemplazante para integrar el equipo pol\u00edtico estrecho del Presidente Pi\u00f1era es precisamente \u00e9l\u00bb.<\/p>\n<p style=\"text-align: justify;\">Para el director del Centro de Pol\u00edticas P\u00fablicas de la Universidad del Desarrollo, Gonzalo M\u00fcller \u00abtodo subsecretario quiere ser ministro, eso es un hecho\u00bb y c\u00f3mo se desempe\u00f1e en estos casos podr\u00eda ser clave para lograr ese objetivo.<\/p>\n<p style=\"text-align: justify;\">\u00abPero la subrogancia de febrero no pasa en la mayor\u00eda de los casos de una simple administraci\u00f3n. Ahora tener la oportunidad de realizar una buen trabajo frente a una emergencia como subrogante sin duda que har\u00e1 que el Presidente lo tenga en cuenta, m\u00e1s a\u00fan si esa labor sea reconocida por la ciudadan\u00eda\u00bb, coment\u00f3.<\/p>\n<p style=\"text-align: justify;\"><a href=\"\/\/gobierno.udd.cl\/cpp\/files\/2019\/02\/EMOL-2.jpg\"><img loading=\"lazy\" decoding=\"async\" class=\"alignnone size-medium wp-image-3980\" src=\"\/\/gobierno.udd.cl\/cpp\/files\/2019\/02\/EMOL-2-300x169.jpg\" alt=\"\" width=\"300\" height=\"169\" srcset=\"https:\/\/gobierno.udd.cl\/cpp\/files\/2019\/02\/EMOL-2-300x169.jpg 300w, https:\/\/gobierno.udd.cl\/cpp\/files\/2019\/02\/EMOL-2.jpg 710w\" sizes=\"auto, (max-width: 300px) 100vw, 300px\" \/><\/a><\/p>\n<p><a href=\"https:\/\/www.emol.com\/noticias\/Nacional\/2019\/02\/07\/936979\/Subrogantes-al-mando-El-despliegue-de-los-subsecretarios-durante-las-emergencias-de-este-verano.html\">IR A LA NOTA<\/a><\/p>\n","protected":false},"excerpt":{"rendered":"<p>SANTIAGO.- Los incendios forestales en el sur del pa\u00eds y las lluvias que afectan la zona norte han causado estragos: miles de hect\u00e1reas consumidas por el fuego, viviendas destruidas por las lluvias, caminos cortados e incluso la situaci\u00f3n oblig\u00f3 al Gobierno a declarar zona de cat\u00e1strofe en Biob\u00edo, La Araucan\u00eda y Los R\u00edos (Panguipulli y [&hellip;]<\/p>\n","protected":false},"author":22,"featured_media":893,"comment_status":"open","ping_status":"open","sticky":false,"template":"","format":"standard","meta":{"footnotes":""},"categories":[10162],"tags":[],"class_list":["post-3979","post","type-post","status-publish","format-standard","has-post-thumbnail","hentry","category-centro-en-la-prensa"],"featured_image_url":"https:\/\/gobierno.udd.cl\/cpp\/files\/2015\/05\/udd_cpp_prensa_340.png","_links":{"self":[{"href":"https:\/\/gobierno.udd.cl\/cpp\/wp-json\/wp\/v2\/posts\/3979","targetHints":{"allow":["GET"]}}],"collection":[{"href":"https:\/\/gobierno.udd.cl\/cpp\/wp-json\/wp\/v2\/posts"}],"about":[{"href":"https:\/\/gobierno.udd.cl\/cpp\/wp-json\/wp\/v2\/types\/post"}],"author":[{"embeddable":true,"href":"https:\/\/gobierno.udd.cl\/cpp\/wp-json\/wp\/v2\/users\/22"}],"replies":[{"embeddable":true,"href":"https:\/\/gobierno.udd.cl\/cpp\/wp-json\/wp\/v2\/comments?post=3979"}],"version-history":[{"count":2,"href":"https:\/\/gobierno.udd.cl\/cpp\/wp-json\/wp\/v2\/posts\/3979\/revisions"}],"predecessor-version":[{"id":3982,"href":"https:\/\/gobierno.udd.cl\/cpp\/wp-json\/wp\/v2\/posts\/3979\/revisions\/3982"}],"wp:featuredmedia":[{"embeddable":true,"href":"https:\/\/gobierno.udd.cl\/cpp\/wp-json\/wp\/v2\/media\/893"}],"wp:attachment":[{"href":"https:\/\/gobierno.udd.cl\/cpp\/wp-json\/wp\/v2\/media?parent=3979"}],"wp:term":[{"taxonomy":"category","embeddable":true,"href":"https:\/\/gobierno.udd.cl\/cpp\/wp-json\/wp\/v2\/categories?post=3979"},{"taxonomy":"post_tag","embeddable":true,"href":"https:\/\/gobierno.udd.cl\/cpp\/wp-json\/wp\/v2\/tags?post=3979"}],"curies":[{"name":"wp","href":"https:\/\/api.w.org\/{rel}","templated":true}]}}