{"id":3975,"date":"2019-02-20T15:42:09","date_gmt":"2019-02-20T18:42:09","guid":{"rendered":"http:\/\/gobierno.udd.cl\/cpp\/?p=3975"},"modified":"2019-02-20T15:42:32","modified_gmt":"2019-02-20T18:42:32","slug":"3975","status":"publish","type":"post","link":"https:\/\/gobierno.udd.cl\/cpp\/noticias\/2019\/02\/20\/3975\/","title":{"rendered":"Escaso margen de negociaci\u00f3n y dudas sobre fuerza electoral: El negativo balance tras las elecciones en RD &#8211; Emol"},"content":{"rendered":"<p style=\"text-align: justify;\">SANTIAGO.- Solo 3.500 militantes de los 42 mil que conforman el padr\u00f3n de Revoluci\u00f3n Democr\u00e1tica (RD) participaron en la elecci\u00f3n interna que proclam\u00f3 a la diputada Catalina P\u00e9rez como la nueva presidenta de la colectividad, cifra que abri\u00f3 una serie de cr\u00edticas hacia la escasa convocatoria lograda por el principal partido del Frente Amplio (FA).<\/p>\n<p style=\"text-align: justify;\">De hecho, desde la propia colectividad reconocieron el hecho como un fracaso. Mientras la ganadora de los comicios sostuvo que \u00abnos hubiese gustado que votase m\u00e1s gente\u00bb, los parlamentarios Pablo Vidal y Miguel Crispi aseguraron que es necesario sincerar el padr\u00f3n. \u00abEs una participaci\u00f3n muy baja, que nos baja la moral\u00bb, dijeron.<\/p>\n<p style=\"text-align: justify;\">En esa l\u00ednea, el balance de los expertos no fue distinto. El cientista pol\u00edtico y acad\u00e9mico de la Universidad de Talca, Mauricio Morales, record\u00f3 que se trata de \u00abla participaci\u00f3n m\u00e1s baja que hemos tenido en el recuerdo de las elecciones internas de los partidos, estamos hablando de una participaci\u00f3n extraordinariamente baja\u00bb.<\/p>\n<p style=\"text-align: justify;\">Por ello, Morales se\u00f1al\u00f3 que la baja convocatoria \u00abhace dudar respecto a la real fuerza electoral y pol\u00edtica que tiene RD. Lo segundo es que una baja participaci\u00f3n genera dudas respecto al poder real que tiene no s\u00f3lo RD, sino que tambi\u00e9n el FA, que ha contribuido a generar una imagen que no se asocia con gobernabilidad, sino que todo lo contrario\u00bb.<\/p>\n<p style=\"text-align: justify;\">\u00abEl caso de Boric y Orsini, lo de Florcita Motuda, les va restando seriedad a una coalici\u00f3n que pretende ser gobierno y si a eso le sumamos un d\u00e9ficit institucional de estas caracter\u00edsticas, entonces claramente el bloque queda con menos fuerza para llevar a cabo una negociaci\u00f3n con los otros partidos de la ex NM\u00bb, a\u00f1adi\u00f3.<\/p>\n<p style=\"text-align: justify;\">En tanto, el director del Programa de Opini\u00f3n P\u00fablica de la UDD, Gonzalo M\u00fcller, coment\u00f3 que \u00abel fantasma de la baja participaci\u00f3n siempre est\u00e1 ah\u00ed, pero en este caso se agrava porque en el fondo la constituci\u00f3n de RD quiz\u00e1s no corresponde realmente a las personas que quer\u00edan participar como militantes\u00bb.<\/p>\n<p style=\"text-align: justify;\">\u00abEllos m\u00e1s bien firmaron para que existiera RD y se pudiera inscribir la candidatura presidencial de Beatriz S\u00e1nchez. Entonces, como esa fue la invitaci\u00f3n por la cual firmaron hoy gran parte de ellos no se siente llamado a decidir temas m\u00e1s internos. En alg\u00fan minuto, RD debe pensar en sincerar su cifra real de militantes\u00bb, a\u00f1adi\u00f3.<\/p>\n<p style=\"text-align: justify;\">A juicio de M\u00fcller, si el partido no hace ese proceso \u00abva a tener un problema cr\u00f3nico de baja participaci\u00f3n, de personas que en el fondo no tienen actividad ni militancia real, sino que fueron nada m\u00e1s que un gesto que en la medida que va pasando el tiempo va perdiendo fuerza\u00bb.<\/p>\n<p style=\"text-align: justify;\">\u00abEllos aparecen como un partido que desde el lenguaje aspira a ser representante de los movimientos sociales, pero a la hora de las convocatorias pareciera que no hay una relaci\u00f3n de la misma magnitud. Un partido que aspira a representar a los movimientos sociales no puede ser que convoque a menos de 4 mil personas\u00bb, enfatiz\u00f3.<\/p>\n<p style=\"text-align: justify;\">En ese contexto, coincidi\u00f3 con Morales en que RD y el FA quedaron en una compleja posici\u00f3n para negociar y competir con la ex NM. \u00abLa elecci\u00f3n de la DC todav\u00eda es mucho m\u00e1s convocante y la de los otros partidos, como el PPD con 8 o 9 mil personas en un momento cr\u00edtico para ellos. Ni siquiera el PR ha convocado a tan poca gente\u00bb.<\/p>\n<p style=\"text-align: justify;\"><strong>Triunfo para Jackson <\/strong><\/p>\n<p style=\"text-align: justify;\">No obstante, m\u00e1s all\u00e1 de las dudas respecto a la capacidad de convocatoria del partido, ambos analistas destacaron que el resultado de las elecciones confirmaron el liderazgo del diputado Giorgio Jackson, aunque advirtieron que no cerraron del todo el debate sobre el perfil que deben adoptar frente al resto de la oposici\u00f3n.<\/p>\n<p style=\"text-align: justify;\">Seg\u00fan M\u00fcller, \u00absi uno mira el resultado de la elecci\u00f3n, yo creo que esta de alguna manera valid\u00f3 la estrategia y el liderazgo de Giorgio Jackson. \u00c9l se tuvo que jugar muy fuertemente por la diputada P\u00e9rez y finalmente logr\u00f3 salvar los muebles con el 50% de los votos\u00bb.<\/p>\n<p style=\"text-align: justify;\">\u00abIgual uno se pregunta si un liderazgo tiene un 50% de apoyo, qu\u00e9 pasa con el otro 50%. Recordemos que ac\u00e1 hab\u00eda dos tesis, una de un camino propio y de mantener la identidad del FA y otra que era m\u00e1s proclive a abrir espacios de convergencia y tender puentes hacia lo que fue la NM\u201d, record\u00f3.<\/p>\n<p style=\"text-align: justify;\">En ese sentido, sostuvo que \u00abentonces, si bien el resultado le da la mayor\u00eda a Jackson, igual no es tan categ\u00f3rico y esa duda se va a mantener en la discusi\u00f3n interna de RD y va a ser dif\u00edcil de cerrarla. Esta elecci\u00f3n no lo logr\u00f3\u00bb.<\/p>\n<p style=\"text-align: justify;\">Mientras, Morales apunt\u00f3 que \u00abJackson puede sacar cuentas alegres y tristes. La cuenta alegre es que su candidata gan\u00f3 y por lo tanto \u00e9l se consolida como l\u00edder relevante dentro del partido y lo negativo es que la base social que \u00e9l moviliz\u00f3 para su elecci\u00f3n en 2013 y el 2017, gran parte de ella al parecer decidi\u00f3 no participar de estos comicios\u00bb.<\/p>\n<p><a href=\"\/\/gobierno.udd.cl\/cpp\/files\/2019\/02\/EMOL-1.jpg\"><img loading=\"lazy\" decoding=\"async\" class=\"alignnone size-medium wp-image-3976\" src=\"\/\/gobierno.udd.cl\/cpp\/files\/2019\/02\/EMOL-1-300x169.jpg\" alt=\"\" width=\"300\" height=\"169\" srcset=\"https:\/\/gobierno.udd.cl\/cpp\/files\/2019\/02\/EMOL-1-300x169.jpg 300w, https:\/\/gobierno.udd.cl\/cpp\/files\/2019\/02\/EMOL-1.jpg 710w\" sizes=\"auto, (max-width: 300px) 100vw, 300px\" \/><\/a><\/p>\n<p><a href=\"https:\/\/www.emol.com\/noticias\/Nacional\/2019\/01\/28\/935892\/Escaso-margen-de-negociacion-y-dudas-sobre-fuerza-electoral-El-negativo-balance-tras-las-elecciones-en-RD.html\">IR A LA NOTA<\/a><\/p>\n","protected":false},"excerpt":{"rendered":"<p>SANTIAGO.- Solo 3.500 militantes de los 42 mil que conforman el padr\u00f3n de Revoluci\u00f3n Democr\u00e1tica (RD) participaron en la elecci\u00f3n interna que proclam\u00f3 a la diputada Catalina P\u00e9rez como la nueva presidenta de la colectividad, cifra que abri\u00f3 una serie de cr\u00edticas hacia la escasa convocatoria lograda por el principal partido del Frente Amplio (FA). [&hellip;]<\/p>\n","protected":false},"author":22,"featured_media":893,"comment_status":"open","ping_status":"open","sticky":false,"template":"","format":"standard","meta":{"footnotes":""},"categories":[10162],"tags":[],"class_list":["post-3975","post","type-post","status-publish","format-standard","has-post-thumbnail","hentry","category-centro-en-la-prensa"],"featured_image_url":"https:\/\/gobierno.udd.cl\/cpp\/files\/2015\/05\/udd_cpp_prensa_340.png","_links":{"self":[{"href":"https:\/\/gobierno.udd.cl\/cpp\/wp-json\/wp\/v2\/posts\/3975","targetHints":{"allow":["GET"]}}],"collection":[{"href":"https:\/\/gobierno.udd.cl\/cpp\/wp-json\/wp\/v2\/posts"}],"about":[{"href":"https:\/\/gobierno.udd.cl\/cpp\/wp-json\/wp\/v2\/types\/post"}],"author":[{"embeddable":true,"href":"https:\/\/gobierno.udd.cl\/cpp\/wp-json\/wp\/v2\/users\/22"}],"replies":[{"embeddable":true,"href":"https:\/\/gobierno.udd.cl\/cpp\/wp-json\/wp\/v2\/comments?post=3975"}],"version-history":[{"count":2,"href":"https:\/\/gobierno.udd.cl\/cpp\/wp-json\/wp\/v2\/posts\/3975\/revisions"}],"predecessor-version":[{"id":3978,"href":"https:\/\/gobierno.udd.cl\/cpp\/wp-json\/wp\/v2\/posts\/3975\/revisions\/3978"}],"wp:featuredmedia":[{"embeddable":true,"href":"https:\/\/gobierno.udd.cl\/cpp\/wp-json\/wp\/v2\/media\/893"}],"wp:attachment":[{"href":"https:\/\/gobierno.udd.cl\/cpp\/wp-json\/wp\/v2\/media?parent=3975"}],"wp:term":[{"taxonomy":"category","embeddable":true,"href":"https:\/\/gobierno.udd.cl\/cpp\/wp-json\/wp\/v2\/categories?post=3975"},{"taxonomy":"post_tag","embeddable":true,"href":"https:\/\/gobierno.udd.cl\/cpp\/wp-json\/wp\/v2\/tags?post=3975"}],"curies":[{"name":"wp","href":"https:\/\/api.w.org\/{rel}","templated":true}]}}