{"id":3969,"date":"2019-02-20T15:33:02","date_gmt":"2019-02-20T18:33:02","guid":{"rendered":"http:\/\/gobierno.udd.cl\/cpp\/?p=3969"},"modified":"2019-02-20T15:33:02","modified_gmt":"2019-02-20T18:33:02","slug":"baja-participacion-de-votantes-en-la-eleccion-de-rd-teletrece","status":"publish","type":"post","link":"https:\/\/gobierno.udd.cl\/cpp\/noticias\/2019\/02\/20\/baja-participacion-de-votantes-en-la-eleccion-de-rd-teletrece\/","title":{"rendered":"Baja participaci\u00f3n de votantes en la elecci\u00f3n de RD- Teletrece"},"content":{"rendered":"<p style=\"text-align: justify;\">Baja participaci\u00f3n de votantes en la elecci\u00f3n de RD. Diputada y presidenta electa Catalina P\u00e9rez reclam\u00f3 a los partidarios involucrarse m\u00e1s.<\/p>\n<p style=\"text-align: justify;\">Habla: Catalina P\u00e9rez, diputada y presidenta electa RD; Marcela Sandoval, vicepresidenta RD; Pablo Vidal, diputado;\u00a0<strong>Gonzalo\u00a0M\u00fcller, Centro de Pol\u00edticas P\u00fablicas\u00a0<span class=\"highlight\">UDD<\/span><\/strong>; Max Colodro, analista pol\u00edtico UAI; Jaime Bellolio, diputado; Cecilia P\u00e9rez, vocera de Gobierno; Mario Desbordes, diputado.<\/p>\n<div style=\"width: 640px;\" class=\"wp-video\"><video class=\"wp-video-shortcode\" id=\"video-3969-1\" width=\"640\" height=\"360\" preload=\"metadata\" controls=\"controls\"><source type=\"video\/mp4\" src=\"http:\/\/conectamedia.s3.amazonaws.com\/84cd518e740de6cf07ab3ab4af3da025.mp4?_=1\" \/><a href=\"http:\/\/conectamedia.s3.amazonaws.com\/84cd518e740de6cf07ab3ab4af3da025.mp4\">http:\/\/conectamedia.s3.amazonaws.com\/84cd518e740de6cf07ab3ab4af3da025.mp4<\/a><\/video><\/div>\n","protected":false},"excerpt":{"rendered":"<p>Baja participaci\u00f3n de votantes en la elecci\u00f3n de RD. Diputada y presidenta electa Catalina P\u00e9rez reclam\u00f3 a los partidarios involucrarse m\u00e1s. Habla: Catalina P\u00e9rez, diputada y presidenta electa RD; Marcela Sandoval, vicepresidenta RD; Pablo Vidal, diputado;\u00a0Gonzalo\u00a0M\u00fcller, Centro de Pol\u00edticas P\u00fablicas\u00a0UDD; Max Colodro, analista pol\u00edtico UAI; Jaime Bellolio, diputado; Cecilia P\u00e9rez, vocera de Gobierno; Mario Desbordes, [&hellip;]<\/p>\n","protected":false},"author":22,"featured_media":893,"comment_status":"open","ping_status":"open","sticky":false,"template":"","format":"standard","meta":{"footnotes":""},"categories":[10162],"tags":[],"class_list":["post-3969","post","type-post","status-publish","format-standard","has-post-thumbnail","hentry","category-centro-en-la-prensa"],"featured_image_url":"https:\/\/gobierno.udd.cl\/cpp\/files\/2015\/05\/udd_cpp_prensa_340.png","_links":{"self":[{"href":"https:\/\/gobierno.udd.cl\/cpp\/wp-json\/wp\/v2\/posts\/3969","targetHints":{"allow":["GET"]}}],"collection":[{"href":"https:\/\/gobierno.udd.cl\/cpp\/wp-json\/wp\/v2\/posts"}],"about":[{"href":"https:\/\/gobierno.udd.cl\/cpp\/wp-json\/wp\/v2\/types\/post"}],"author":[{"embeddable":true,"href":"https:\/\/gobierno.udd.cl\/cpp\/wp-json\/wp\/v2\/users\/22"}],"replies":[{"embeddable":true,"href":"https:\/\/gobierno.udd.cl\/cpp\/wp-json\/wp\/v2\/comments?post=3969"}],"version-history":[{"count":1,"href":"https:\/\/gobierno.udd.cl\/cpp\/wp-json\/wp\/v2\/posts\/3969\/revisions"}],"predecessor-version":[{"id":3970,"href":"https:\/\/gobierno.udd.cl\/cpp\/wp-json\/wp\/v2\/posts\/3969\/revisions\/3970"}],"wp:featuredmedia":[{"embeddable":true,"href":"https:\/\/gobierno.udd.cl\/cpp\/wp-json\/wp\/v2\/media\/893"}],"wp:attachment":[{"href":"https:\/\/gobierno.udd.cl\/cpp\/wp-json\/wp\/v2\/media?parent=3969"}],"wp:term":[{"taxonomy":"category","embeddable":true,"href":"https:\/\/gobierno.udd.cl\/cpp\/wp-json\/wp\/v2\/categories?post=3969"},{"taxonomy":"post_tag","embeddable":true,"href":"https:\/\/gobierno.udd.cl\/cpp\/wp-json\/wp\/v2\/tags?post=3969"}],"curies":[{"name":"wp","href":"https:\/\/api.w.org\/{rel}","templated":true}]}}