{"id":3966,"date":"2019-01-14T23:06:25","date_gmt":"2019-01-15T02:06:25","guid":{"rendered":"http:\/\/gobierno.udd.cl\/cpp\/?p=3966"},"modified":"2019-01-14T23:06:25","modified_gmt":"2019-01-15T02:06:25","slug":"designacion-fernanda-bachelet-digital-fm","status":"publish","type":"post","link":"https:\/\/gobierno.udd.cl\/cpp\/noticias\/2019\/01\/14\/designacion-fernanda-bachelet-digital-fm\/","title":{"rendered":"Designaci\u00f3n Fernanda Bachelet &#8211; Digital FM"},"content":{"rendered":"<p style=\"text-align: justify;\">Francis Espinoza y Lesley Brice\u00f1o analizan la designaci\u00f3n de Fernanda Bachelet como agregada comercial  por el presidente de la rep\u00fablica .La  v\u00ednculaci\u00f3n de amistad de su padre con el mandatario  y el rechazo de la opini\u00f3n p\u00fablica al respecto.<\/p>\n<p style=\"text-align: justify;\">Habla: Francis Espinoza, Cientista pol\u00edtica Universidad Cat\u00f3lica del Norte ; Lesley Brice\u00f1o, Docente Universidad del Desarrollo<\/p>\n<audio class=\"wp-audio-shortcode\" id=\"audio-3966-1\" preload=\"none\" style=\"width: 100%;\" controls=\"controls\"><source type=\"audio\/mpeg\" src=\"http:\/\/conectamedia.s3.amazonaws.com\/8119892d8da7461f79aabe5ed01a51b3_manual.mp3?_=1\" \/><a href=\"http:\/\/conectamedia.s3.amazonaws.com\/8119892d8da7461f79aabe5ed01a51b3_manual.mp3\">http:\/\/conectamedia.s3.amazonaws.com\/8119892d8da7461f79aabe5ed01a51b3_manual.mp3<\/a><\/audio>\n","protected":false},"excerpt":{"rendered":"<p>Francis Espinoza y Lesley Brice\u00f1o analizan la designaci\u00f3n de Fernanda Bachelet como agregada comercial por el presidente de la rep\u00fablica .La v\u00ednculaci\u00f3n de amistad de su padre con el mandatario y el rechazo de la opini\u00f3n p\u00fablica al respecto. Habla: Francis Espinoza, Cientista pol\u00edtica Universidad Cat\u00f3lica del Norte ; Lesley Brice\u00f1o, Docente Universidad del Desarrollo<\/p>\n","protected":false},"author":22,"featured_media":893,"comment_status":"open","ping_status":"open","sticky":false,"template":"","format":"standard","meta":{"footnotes":""},"categories":[10162],"tags":[],"class_list":["post-3966","post","type-post","status-publish","format-standard","has-post-thumbnail","hentry","category-centro-en-la-prensa"],"featured_image_url":"https:\/\/gobierno.udd.cl\/cpp\/files\/2015\/05\/udd_cpp_prensa_340.png","_links":{"self":[{"href":"https:\/\/gobierno.udd.cl\/cpp\/wp-json\/wp\/v2\/posts\/3966","targetHints":{"allow":["GET"]}}],"collection":[{"href":"https:\/\/gobierno.udd.cl\/cpp\/wp-json\/wp\/v2\/posts"}],"about":[{"href":"https:\/\/gobierno.udd.cl\/cpp\/wp-json\/wp\/v2\/types\/post"}],"author":[{"embeddable":true,"href":"https:\/\/gobierno.udd.cl\/cpp\/wp-json\/wp\/v2\/users\/22"}],"replies":[{"embeddable":true,"href":"https:\/\/gobierno.udd.cl\/cpp\/wp-json\/wp\/v2\/comments?post=3966"}],"version-history":[{"count":1,"href":"https:\/\/gobierno.udd.cl\/cpp\/wp-json\/wp\/v2\/posts\/3966\/revisions"}],"predecessor-version":[{"id":3967,"href":"https:\/\/gobierno.udd.cl\/cpp\/wp-json\/wp\/v2\/posts\/3966\/revisions\/3967"}],"wp:featuredmedia":[{"embeddable":true,"href":"https:\/\/gobierno.udd.cl\/cpp\/wp-json\/wp\/v2\/media\/893"}],"wp:attachment":[{"href":"https:\/\/gobierno.udd.cl\/cpp\/wp-json\/wp\/v2\/media?parent=3966"}],"wp:term":[{"taxonomy":"category","embeddable":true,"href":"https:\/\/gobierno.udd.cl\/cpp\/wp-json\/wp\/v2\/categories?post=3966"},{"taxonomy":"post_tag","embeddable":true,"href":"https:\/\/gobierno.udd.cl\/cpp\/wp-json\/wp\/v2\/tags?post=3966"}],"curies":[{"name":"wp","href":"https:\/\/api.w.org\/{rel}","templated":true}]}}