{"id":3962,"date":"2019-01-14T23:00:05","date_gmt":"2019-01-15T02:00:05","guid":{"rendered":"http:\/\/gobierno.udd.cl\/cpp\/?p=3962"},"modified":"2019-01-14T23:00:05","modified_gmt":"2019-01-15T02:00:05","slug":"la-irrupcion-de-las-fake-news-teletrece-radio","status":"publish","type":"post","link":"https:\/\/gobierno.udd.cl\/cpp\/noticias\/2019\/01\/14\/la-irrupcion-de-las-fake-news-teletrece-radio\/","title":{"rendered":"La irrupci\u00f3n de las fake news &#8211; Teletrece Radio"},"content":{"rendered":"<p style=\"text-align: justify;\">Algunas de las mentes m\u00e1s brillantes del planeta llevan a\u00f1os investigando c\u00f3mo piratear el cerebro humano para que pinchemos en determinados anuncios o enlaces. Y ese m\u00e9todo ya se usa para vendernos pol\u00edticos e ideolog\u00edas<\/p>\n<p style=\"text-align: justify;\">Habla: Alfredo Joignant, Acad\u00e9mico Universidad Diego Portales, Rodrigo Arellano, vicedecano Facultad de Gobierno Universidad del Desarrollo<\/p>\n<audio class=\"wp-audio-shortcode\" id=\"audio-3962-1\" preload=\"none\" style=\"width: 100%;\" controls=\"controls\"><source type=\"audio\/mpeg\" src=\"http:\/\/conectamedia.s3.amazonaws.com\/928388b8aa8e5c56caa2be1946aa32bf.mp3?_=1\" \/><a href=\"http:\/\/conectamedia.s3.amazonaws.com\/928388b8aa8e5c56caa2be1946aa32bf.mp3\">http:\/\/conectamedia.s3.amazonaws.com\/928388b8aa8e5c56caa2be1946aa32bf.mp3<\/a><\/audio>\n","protected":false},"excerpt":{"rendered":"<p>Algunas de las mentes m\u00e1s brillantes del planeta llevan a\u00f1os investigando c\u00f3mo piratear el cerebro humano para que pinchemos en determinados anuncios o enlaces. Y ese m\u00e9todo ya se usa para vendernos pol\u00edticos e ideolog\u00edas Habla: Alfredo Joignant, Acad\u00e9mico Universidad Diego Portales, Rodrigo Arellano, vicedecano Facultad de Gobierno Universidad del Desarrollo<\/p>\n","protected":false},"author":22,"featured_media":893,"comment_status":"open","ping_status":"open","sticky":false,"template":"","format":"standard","meta":{"footnotes":""},"categories":[10162],"tags":[],"class_list":["post-3962","post","type-post","status-publish","format-standard","has-post-thumbnail","hentry","category-centro-en-la-prensa"],"featured_image_url":"https:\/\/gobierno.udd.cl\/cpp\/files\/2015\/05\/udd_cpp_prensa_340.png","_links":{"self":[{"href":"https:\/\/gobierno.udd.cl\/cpp\/wp-json\/wp\/v2\/posts\/3962","targetHints":{"allow":["GET"]}}],"collection":[{"href":"https:\/\/gobierno.udd.cl\/cpp\/wp-json\/wp\/v2\/posts"}],"about":[{"href":"https:\/\/gobierno.udd.cl\/cpp\/wp-json\/wp\/v2\/types\/post"}],"author":[{"embeddable":true,"href":"https:\/\/gobierno.udd.cl\/cpp\/wp-json\/wp\/v2\/users\/22"}],"replies":[{"embeddable":true,"href":"https:\/\/gobierno.udd.cl\/cpp\/wp-json\/wp\/v2\/comments?post=3962"}],"version-history":[{"count":1,"href":"https:\/\/gobierno.udd.cl\/cpp\/wp-json\/wp\/v2\/posts\/3962\/revisions"}],"predecessor-version":[{"id":3963,"href":"https:\/\/gobierno.udd.cl\/cpp\/wp-json\/wp\/v2\/posts\/3962\/revisions\/3963"}],"wp:featuredmedia":[{"embeddable":true,"href":"https:\/\/gobierno.udd.cl\/cpp\/wp-json\/wp\/v2\/media\/893"}],"wp:attachment":[{"href":"https:\/\/gobierno.udd.cl\/cpp\/wp-json\/wp\/v2\/media?parent=3962"}],"wp:term":[{"taxonomy":"category","embeddable":true,"href":"https:\/\/gobierno.udd.cl\/cpp\/wp-json\/wp\/v2\/categories?post=3962"},{"taxonomy":"post_tag","embeddable":true,"href":"https:\/\/gobierno.udd.cl\/cpp\/wp-json\/wp\/v2\/tags?post=3962"}],"curies":[{"name":"wp","href":"https:\/\/api.w.org\/{rel}","templated":true}]}}